{"id":905,"date":"2017-09-21T16:31:43","date_gmt":"2017-09-21T15:31:43","guid":{"rendered":"https:\/\/stpierre-teille.fr\/?p=905"},"modified":"2017-09-21T16:31:43","modified_gmt":"2017-09-21T15:31:43","slug":"assemblee-de-rentree-2017","status":"publish","type":"post","link":"https:\/\/stpierre-teille.fr\/?p=905","title":{"rendered":"Assembl\u00e9e de rentr\u00e9e 2017"},"content":{"rendered":"<p>Mardi 6 septembre 2017, toute l&rsquo;\u00e9cole s&rsquo;est r\u00e9unie dans la salle de motricit\u00e9.<br \/>\n<a href=\"https:\/\/stpierre-teille.fr\/wp-content\/uploads\/2017\/09\/P1050263.jpg\"><img loading=\"lazy\" decoding=\"async\" width=\"300\" height=\"225\" class=\"alignleft wp-image-907 size-medium\" alt=\"\" src=\"https:\/\/stpierre-teille.fr\/wp-content\/uploads\/2017\/09\/P1050263-300x225.jpg\"><\/a><\/p>\n<p>&nbsp;<\/p>\n<p>&nbsp;<\/p>\n<p>&nbsp;<\/p>\n<p>&nbsp;<\/p>\n<p>&nbsp;<\/p>\n<p>&nbsp;<\/p>\n<p>Nous avons pr\u00e9sent\u00e9 les nouveaux \u00e9l\u00e8ves de l&rsquo;\u00e9cole: Nolan, Noah et Baptiste, le petit fr\u00e8re de Maxime.<\/p>\n<div id=\"attachment_908\" style=\"width: 160px\" class=\"wp-caption aligncenter\"><a href=\"https:\/\/stpierre-teille.fr\/wp-content\/uploads\/2017\/09\/P1050265.jpg\"><img loading=\"lazy\" decoding=\"async\" aria-describedby=\"caption-attachment-908\" width=\"150\" height=\"150\" class=\"size-thumbnail wp-image-908\" alt=\"\" src=\"https:\/\/stpierre-teille.fr\/wp-content\/uploads\/2017\/09\/P1050265-150x150.jpg\"><\/a><p id=\"caption-attachment-908\" class=\"wp-caption-text\">Noah<\/p><\/div>\n<div id=\"attachment_909\" style=\"width: 160px\" class=\"wp-caption aligncenter\"><a href=\"https:\/\/stpierre-teille.fr\/wp-content\/uploads\/2017\/09\/P1050266.jpg\"><img loading=\"lazy\" decoding=\"async\" aria-describedby=\"caption-attachment-909\" width=\"150\" height=\"150\" class=\"size-thumbnail wp-image-909\" alt=\"\" src=\"https:\/\/stpierre-teille.fr\/wp-content\/uploads\/2017\/09\/P1050266-150x150.jpg\"><\/a><p id=\"caption-attachment-909\" class=\"wp-caption-text\">Nolan<\/p><\/div>\n<div id=\"attachment_910\" style=\"width: 160px\" class=\"wp-caption aligncenter\"><a href=\"https:\/\/stpierre-teille.fr\/wp-content\/uploads\/2017\/09\/P1050267.jpg\"><img loading=\"lazy\" decoding=\"async\" aria-describedby=\"caption-attachment-910\" width=\"150\" height=\"150\" class=\"size-thumbnail wp-image-910\" alt=\"\" src=\"https:\/\/stpierre-teille.fr\/wp-content\/uploads\/2017\/09\/P1050267-150x150.jpg\"><\/a><p id=\"caption-attachment-910\" class=\"wp-caption-text\">Baptiste<\/p><\/div>\n<p>\u00c9taient absents Paul, petit fr\u00e8re de Lo\u00efs; Hemerick, petit fr\u00e8re de N\u00e9pha\u00ebl; Hina, petite soeur d&rsquo;Evan et Alix, petite soeur de Maxence.<\/p>\n<p>Gildas nous a racont\u00e9 une histoire rigolote&nbsp;<strong>La ma\u00eetresse folle dingue<\/strong>: l&rsquo;histoire \u00e9tait \u00ab\u00a0trop bien\u00a0\u00bb, on a bien rigol\u00e9.<\/p>\n<p><a href=\"https:\/\/stpierre-teille.fr\/wp-content\/uploads\/2017\/09\/P1050270.jpg\"><img loading=\"lazy\" decoding=\"async\" width=\"150\" height=\"150\" class=\"aligncenter size-thumbnail wp-image-911\" alt=\"\" src=\"https:\/\/stpierre-teille.fr\/wp-content\/uploads\/2017\/09\/P1050270-150x150.jpg\"><\/a><\/p>\n<p>Ensuite on a chant\u00e9:<\/p>\n<ul>\n<li>les maternelles ont chant\u00e9 \u00ab\u00a0Coucou Hibou\u00a0\u00bb<a href=\"https:\/\/stpierre-teille.fr\/wp-content\/uploads\/2017\/09\/P1050271.jpg\"><img loading=\"lazy\" decoding=\"async\" width=\"300\" height=\"225\" class=\"aligncenter wp-image-912 size-medium\" alt=\"\" src=\"https:\/\/stpierre-teille.fr\/wp-content\/uploads\/2017\/09\/P1050271-300x225.jpg\"><\/a><\/li>\n<li>Nous avons chant\u00e9 la chanson du crapaud: \u00ab\u00a0Fee Fye le crapaud\u00a0\u00bb&nbsp;<a href=\"https:\/\/stpierre-teille.fr\/wp-content\/uploads\/2017\/09\/P1050272.jpg\"><img loading=\"lazy\" decoding=\"async\" width=\"300\" height=\"225\" class=\"aligncenter wp-image-913 size-medium\" alt=\"\" src=\"https:\/\/stpierre-teille.fr\/wp-content\/uploads\/2017\/09\/P1050272-300x225.jpg\"><\/a><\/li>\n<li style=\"text-align: left;\">Les grands ont chant\u00e9 \u00ab\u00a0Dans la jungle, terrible jungle, le lion est mort ce soir&#8230;\u00a0\u00bb&nbsp;<a href=\"https:\/\/stpierre-teille.fr\/wp-content\/uploads\/2017\/09\/P1050273.jpg\"><img loading=\"lazy\" decoding=\"async\" width=\"300\" height=\"225\" class=\"aligncenter wp-image-914 size-medium\" alt=\"\" src=\"https:\/\/stpierre-teille.fr\/wp-content\/uploads\/2017\/09\/P1050273-300x225.jpg\"><\/a><\/li>\n<\/ul>\n<p style=\"text-align: right;\"><em><strong>La classe des CP CE1 CE2<\/strong><\/em><\/p>\n","protected":false},"excerpt":{"rendered":"<p>Mardi 6 septembre 2017, toute l&rsquo;\u00e9cole s&rsquo;est r\u00e9unie dans la salle de motricit\u00e9. &nbsp; &nbsp; &nbsp; &nbsp; &nbsp; &nbsp; Nous avons pr\u00e9sent\u00e9 les nouveaux \u00e9l\u00e8ves de l&rsquo;\u00e9cole: Nolan, Noah et Baptiste, le petit fr\u00e8re de Maxime. \u00c9taient absents Paul, petit fr\u00e8re de Lo\u00efs; Hemerick, petit fr\u00e8re de N\u00e9pha\u00ebl; Hina, petite soeur d&rsquo;Evan et Alix, petite&hellip; <br \/> <a class=\"read-more\" href=\"https:\/\/stpierre-teille.fr\/?p=905\">Lire la suite<\/a><\/p>\n","protected":false},"author":3,"featured_media":0,"comment_status":"closed","ping_status":"closed","sticky":false,"template":"","format":"standard","meta":{"ngg_post_thumbnail":0,"footnotes":""},"categories":[9],"tags":[],"class_list":["post-905","post","type-post","status-publish","format-standard","hentry","category-vie-des-classes"],"_links":{"self":[{"href":"https:\/\/stpierre-teille.fr\/index.php?rest_route=\/wp\/v2\/posts\/905","targetHints":{"allow":["GET"]}}],"collection":[{"href":"https:\/\/stpierre-teille.fr\/index.php?rest_route=\/wp\/v2\/posts"}],"about":[{"href":"https:\/\/stpierre-teille.fr\/index.php?rest_route=\/wp\/v2\/types\/post"}],"author":[{"embeddable":true,"href":"https:\/\/stpierre-teille.fr\/index.php?rest_route=\/wp\/v2\/users\/3"}],"replies":[{"embeddable":true,"href":"https:\/\/stpierre-teille.fr\/index.php?rest_route=%2Fwp%2Fv2%2Fcomments&post=905"}],"version-history":[{"count":0,"href":"https:\/\/stpierre-teille.fr\/index.php?rest_route=\/wp\/v2\/posts\/905\/revisions"}],"wp:attachment":[{"href":"https:\/\/stpierre-teille.fr\/index.php?rest_route=%2Fwp%2Fv2%2Fmedia&parent=905"}],"wp:term":[{"taxonomy":"category","embeddable":true,"href":"https:\/\/stpierre-teille.fr\/index.php?rest_route=%2Fwp%2Fv2%2Fcategories&post=905"},{"taxonomy":"post_tag","embeddable":true,"href":"https:\/\/stpierre-teille.fr\/index.php?rest_route=%2Fwp%2Fv2%2Ftags&post=905"}],"curies":[{"name":"wp","href":"https:\/\/api.w.org\/{rel}","templated":true}]}}