{"id":86,"date":"2014-12-03T14:51:34","date_gmt":"2014-12-03T13:51:34","guid":{"rendered":"https:\/\/stpierre-teille.fr\/?p=86"},"modified":"2015-01-14T11:20:31","modified_gmt":"2015-01-14T10:20:31","slug":"bienvenue-sur-le-site-de-lecole-saint-pierre-de-teille","status":"publish","type":"post","link":"https:\/\/stpierre-teille.fr\/?p=86","title":{"rendered":"Bienvenue sur le site de l&rsquo;\u00e9cole Saint Pierre de Teill\u00e9"},"content":{"rendered":"<p>&nbsp;<\/p>\n<div class=\"contentBox\"><span style=\"color: #808080;\">Ce site se veut un outil de communication et de partage entre l&rsquo;\u00e9cole et les familles ; il a pour but de vous faire d\u00e9couvrir l&rsquo;\u00e9cole, son fonctionnement, ses projets, ses activit\u00e9s&#8230;<\/span><\/div>\n<div class=\"fiche\"><span style=\"color: #0000ff;\">\u00a0<\/span><\/div>\n<div class=\"contentBox\"><\/div>\n<div class=\"contentBox\"><\/div>\n<div class=\"fiche\"><span style=\"color: #999999; text-decoration: underline;\"><strong>Activit\u00e9s p\u00e9dagogiques<\/strong><\/span><\/div>\n<div class=\"fiche\"><span style=\"color: #999999;\">\u00a0<\/span><\/div>\n<div class=\"contentBox\"><span style=\"color: #999999;\">Initiation \u00e0 l&rsquo;anglais d\u00e8s le CP<\/span><br \/>\n<span style=\"color: #999999;\"> Emprunts de livres \u00e0 la BCD de l&rsquo;\u00e9cole<\/span><br \/>\n<span style=\"color: #999999;\"> Eveil \u00e0 la foi en CP CE1<\/span><br \/>\n<span style=\"color: #999999;\"> Culture chr\u00e9tienne en CE2, CM1 et CM2<\/span><br \/>\n<span style=\"color: #999999;\"> Intervenant musique pour toutes les classes<\/span><\/div>\n<div class=\"contentBox\"><\/div>\n<div class=\"contentBox\"><\/div>\n<div class=\"contentBox\">\n<div>\n<p><span style=\"color: #0000ff;\">Restaurant municipal<\/span><br \/>\n<span style=\"color: #0000ff;\"> P\u00e9riscolaire municipale<\/span><\/p>\n<\/div>\n<div><\/div>\n<div>\n<div class=\"fiche\"><span style=\"text-decoration: underline;\"><strong>\u00a0<\/strong><\/span><\/div>\n<div class=\"ecole_classe_enseignant\"><\/div>\n<\/div>\n<\/div>\n","protected":false},"excerpt":{"rendered":"<p>&nbsp; Ce site se veut un outil de communication et de partage entre l&rsquo;\u00e9cole et les familles ; il a pour but de vous faire d\u00e9couvrir l&rsquo;\u00e9cole, son fonctionnement, ses projets, ses activit\u00e9s&#8230; \u00a0 Activit\u00e9s p\u00e9dagogiques \u00a0 Initiation \u00e0 l&rsquo;anglais d\u00e8s le CP Emprunts de livres \u00e0 la BCD de l&rsquo;\u00e9cole Eveil \u00e0 la foi&hellip; <br \/> <a class=\"read-more\" href=\"https:\/\/stpierre-teille.fr\/?p=86\">Lire la suite<\/a><\/p>\n","protected":false},"author":2,"featured_media":0,"comment_status":"closed","ping_status":"closed","sticky":false,"template":"","format":"standard","meta":{"ngg_post_thumbnail":0,"footnotes":""},"categories":[1],"tags":[],"class_list":["post-86","post","type-post","status-publish","format-standard","hentry","category-non-classe"],"_links":{"self":[{"href":"https:\/\/stpierre-teille.fr\/index.php?rest_route=\/wp\/v2\/posts\/86","targetHints":{"allow":["GET"]}}],"collection":[{"href":"https:\/\/stpierre-teille.fr\/index.php?rest_route=\/wp\/v2\/posts"}],"about":[{"href":"https:\/\/stpierre-teille.fr\/index.php?rest_route=\/wp\/v2\/types\/post"}],"author":[{"embeddable":true,"href":"https:\/\/stpierre-teille.fr\/index.php?rest_route=\/wp\/v2\/users\/2"}],"replies":[{"embeddable":true,"href":"https:\/\/stpierre-teille.fr\/index.php?rest_route=%2Fwp%2Fv2%2Fcomments&post=86"}],"version-history":[{"count":0,"href":"https:\/\/stpierre-teille.fr\/index.php?rest_route=\/wp\/v2\/posts\/86\/revisions"}],"wp:attachment":[{"href":"https:\/\/stpierre-teille.fr\/index.php?rest_route=%2Fwp%2Fv2%2Fmedia&parent=86"}],"wp:term":[{"taxonomy":"category","embeddable":true,"href":"https:\/\/stpierre-teille.fr\/index.php?rest_route=%2Fwp%2Fv2%2Fcategories&post=86"},{"taxonomy":"post_tag","embeddable":true,"href":"https:\/\/stpierre-teille.fr\/index.php?rest_route=%2Fwp%2Fv2%2Ftags&post=86"}],"curies":[{"name":"wp","href":"https:\/\/api.w.org\/{rel}","templated":true}]}}