{"id":787,"date":"2017-01-31T18:46:39","date_gmt":"2017-01-31T17:46:39","guid":{"rendered":"https:\/\/stpierre-teille.fr\/?p=787"},"modified":"2017-01-31T18:46:39","modified_gmt":"2017-01-31T17:46:39","slug":"sortie-dans-le-bourg-de-teille","status":"publish","type":"post","link":"https:\/\/stpierre-teille.fr\/?p=787","title":{"rendered":"Sortie dans le bourg de Teill\u00e9"},"content":{"rendered":"<p class=\"description\">Avec les \u00e9l\u00e8ves de CM1-CM2, la premi\u00e8re s\u00e9quence de g\u00e9ographie de l&rsquo;ann\u00e9e scolaire avait pour th\u00e8me \u00ab\u00a0Les caract\u00e9ristiques de mon lieu de vie\u00a0\u00bb. La premi\u00e8re s\u00e9ance s&rsquo;intitulait \u00ab\u00a0O\u00f9 est-ce que j&rsquo;habite ?\u00a0\u00bb . L&rsquo;objectif de cette s\u00e9quence \u00e9tait de faire comprendre que Teill\u00e9 a subi de nombreux changements en terme de paysages et d&rsquo;\u00e9quipements afin de mieux r\u00e9pondre aux besoins et enfin de d\u00e9couvrir les diff\u00e9rents services de Teill\u00e9.<\/p>\n<p><a href=\"https:\/\/stpierre-teille.fr\/wp-content\/uploads\/2017\/01\/P1040267.jpg\"><img loading=\"lazy\" decoding=\"async\" class=\"aligncenter size-medium wp-image-770\" src=\"https:\/\/stpierre-teille.fr\/wp-content\/uploads\/2017\/01\/P1040267-300x225.jpg\" alt=\"\" width=\"300\" height=\"225\" \/><\/a><\/p>\n<p>&nbsp;<\/p>\n<p><a href=\"https:\/\/stpierre-teille.fr\/wp-content\/uploads\/2017\/01\/P1040272.jpg\"><img loading=\"lazy\" decoding=\"async\" class=\"alignleft wp-image-775 size-medium\" src=\"https:\/\/stpierre-teille.fr\/wp-content\/uploads\/2017\/01\/P1040272-225x300.jpg\" width=\"225\" height=\"300\" \/><\/a> En prolongement de ce premier chapitre, il a sembl\u00e9 int\u00e9ressant que les enfants aillent sur place, dans le bourg de notre commune constater les traces du pass\u00e9 encore visibles aujourd&rsquo;hui. Philippe Branchereau et Bernadette Meslet ont organis\u00e9 une visite guid\u00e9e par des membres de l&rsquo;ARMAT. Nous les remercions\u00a0 pour ce travail remarquable qu&rsquo;ils ont accompli.<span id=\"0.4702875275877083\" class=\"highlight\"><\/span><\/p>\n<div><em>Les \u00e9l\u00e8ves ont montr\u00e9 \u00e9norm\u00e9ment de motivation et d&rsquo;int\u00e9r\u00eat pour cette visite. Ils ont pos\u00e9 beaucoup de questions : Evan \u00ab\u00a0Qu&rsquo;est ce que les enfants avaient \u00e0 No\u00ebl ?\u00a0\u00bb et la r\u00e9ponse de <span id=\"0.6120212672931986\" class=\"highlight\">Paul<\/span> Roussel \u00ab\u00a0une orange et des gants, les plus ais\u00e9s avaient des mecano\u00a0\u00bb ou quand <span id=\"0.4598114729225372\" class=\"highlight\">Paul<\/span> Roussel parlait des diff\u00e9rents magasins pr\u00e9sents dans le bourg de Teill\u00e9, d&rsquo;un bazar notamment dans lequel on trouvait de tout, des bijoux, des cartes, tout un tas d&rsquo;objets &#8230;un enfant reprend \u00ab\u00a0Ah c&rsquo;est comme NOZ ! \u00ab\u00a0<\/em><\/div>\n<div><\/div>\n<div><\/div>\n","protected":false},"excerpt":{"rendered":"<p>Avec les \u00e9l\u00e8ves de CM1-CM2, la premi\u00e8re s\u00e9quence de g\u00e9ographie de l&rsquo;ann\u00e9e scolaire avait pour th\u00e8me \u00ab\u00a0Les caract\u00e9ristiques de mon lieu de vie\u00a0\u00bb. La premi\u00e8re s\u00e9ance s&rsquo;intitulait \u00ab\u00a0O\u00f9 est-ce que j&rsquo;habite ?\u00a0\u00bb . L&rsquo;objectif de cette s\u00e9quence \u00e9tait de faire comprendre que Teill\u00e9 a subi de nombreux changements en terme de paysages et d&rsquo;\u00e9quipements afin&hellip; <br \/> <a class=\"read-more\" href=\"https:\/\/stpierre-teille.fr\/?p=787\">Lire la suite<\/a><\/p>\n","protected":false},"author":2,"featured_media":0,"comment_status":"closed","ping_status":"closed","sticky":false,"template":"","format":"standard","meta":{"ngg_post_thumbnail":0,"footnotes":""},"categories":[9],"tags":[],"class_list":["post-787","post","type-post","status-publish","format-standard","hentry","category-vie-des-classes"],"_links":{"self":[{"href":"https:\/\/stpierre-teille.fr\/index.php?rest_route=\/wp\/v2\/posts\/787","targetHints":{"allow":["GET"]}}],"collection":[{"href":"https:\/\/stpierre-teille.fr\/index.php?rest_route=\/wp\/v2\/posts"}],"about":[{"href":"https:\/\/stpierre-teille.fr\/index.php?rest_route=\/wp\/v2\/types\/post"}],"author":[{"embeddable":true,"href":"https:\/\/stpierre-teille.fr\/index.php?rest_route=\/wp\/v2\/users\/2"}],"replies":[{"embeddable":true,"href":"https:\/\/stpierre-teille.fr\/index.php?rest_route=%2Fwp%2Fv2%2Fcomments&post=787"}],"version-history":[{"count":0,"href":"https:\/\/stpierre-teille.fr\/index.php?rest_route=\/wp\/v2\/posts\/787\/revisions"}],"wp:attachment":[{"href":"https:\/\/stpierre-teille.fr\/index.php?rest_route=%2Fwp%2Fv2%2Fmedia&parent=787"}],"wp:term":[{"taxonomy":"category","embeddable":true,"href":"https:\/\/stpierre-teille.fr\/index.php?rest_route=%2Fwp%2Fv2%2Fcategories&post=787"},{"taxonomy":"post_tag","embeddable":true,"href":"https:\/\/stpierre-teille.fr\/index.php?rest_route=%2Fwp%2Fv2%2Ftags&post=787"}],"curies":[{"name":"wp","href":"https:\/\/api.w.org\/{rel}","templated":true}]}}