{"id":752,"date":"2017-01-31T18:18:22","date_gmt":"2017-01-31T17:18:22","guid":{"rendered":"https:\/\/stpierre-teille.fr\/?p=752"},"modified":"2017-01-31T18:19:32","modified_gmt":"2017-01-31T17:19:32","slug":"concert-de-noel-2","status":"publish","type":"post","link":"https:\/\/stpierre-teille.fr\/?p=752","title":{"rendered":"Concert de No\u00ebl"},"content":{"rendered":"<p>Vendredi 16 d\u00e9cembre 2016, a eu lieu, c0mme chaque ann\u00e9e, le traditionnel concert de No\u00ebl avec les \u00e9l\u00e8ves de l&rsquo;\u00e9cole et les\u00a0r\u00e9sidents de la maison de retraite.<\/p>\n<p>Les enfants ont interpr\u00e9t\u00e9 des chants sur les\u00a0chocolats de No\u00ebl: \u00ab\u00a04 jolies papillotes\u00a0\u00bb, \u00ab\u00a0La chanson chocolat\u00a0\u00bb, \u00ab\u00a0La fen\u00eatre du calendrier (de l&rsquo;avent)\u00a0\u00bb.. puis nous avons chant\u00e9 en commun avec les r\u00e9sidents: \u00ab\u00a0On \u00e9crit sur les murs\u00a0\u00bb, \u00ab\u00a0Il est n\u00e9 le divin enfant\u00a0\u00bb et \u00ab\u00a0Le R\u00eave de No\u00ebl\u00a0\u00bb.<\/p>\n<p><a href=\"https:\/\/stpierre-teille.fr\/wp-content\/uploads\/2017\/01\/P1040314.jpg\"><img loading=\"lazy\" decoding=\"async\" class=\"alignleft wp-image-738 size-medium\" src=\"https:\/\/stpierre-teille.fr\/wp-content\/uploads\/2017\/01\/P1040314-300x225.jpg\" width=\"300\" height=\"225\" \/><\/a> <a href=\"https:\/\/stpierre-teille.fr\/wp-content\/uploads\/2017\/01\/P1040315.jpg\"><img loading=\"lazy\" decoding=\"async\" class=\"aligncenter wp-image-739 size-medium\" src=\"https:\/\/stpierre-teille.fr\/wp-content\/uploads\/2017\/01\/P1040315-300x225.jpg\" width=\"300\" height=\"225\" \/><\/a><\/p>\n<p>Apr\u00e8s le concert, nous nous sommes rassembl\u00e9s\u00a0pour d\u00e9guster les g\u00e2teaux confectionn\u00e9s par les familles et se r\u00e9chauffer avec le d\u00e9sormais traditionnel vin chaud de l&rsquo;APE.<\/p>\n","protected":false},"excerpt":{"rendered":"<p>Vendredi 16 d\u00e9cembre 2016, a eu lieu, c0mme chaque ann\u00e9e, le traditionnel concert de No\u00ebl avec les \u00e9l\u00e8ves de l&rsquo;\u00e9cole et les\u00a0r\u00e9sidents de la maison de retraite. Les enfants ont interpr\u00e9t\u00e9 des chants sur les\u00a0chocolats de No\u00ebl: \u00ab\u00a04 jolies papillotes\u00a0\u00bb, \u00ab\u00a0La chanson chocolat\u00a0\u00bb, \u00ab\u00a0La fen\u00eatre du calendrier (de l&rsquo;avent)\u00a0\u00bb.. puis nous avons chant\u00e9 en commun&hellip; <br \/> <a class=\"read-more\" href=\"https:\/\/stpierre-teille.fr\/?p=752\">Lire la suite<\/a><\/p>\n","protected":false},"author":3,"featured_media":0,"comment_status":"closed","ping_status":"closed","sticky":false,"template":"","format":"standard","meta":{"ngg_post_thumbnail":0,"footnotes":""},"categories":[9],"tags":[],"class_list":["post-752","post","type-post","status-publish","format-standard","hentry","category-vie-des-classes"],"_links":{"self":[{"href":"https:\/\/stpierre-teille.fr\/index.php?rest_route=\/wp\/v2\/posts\/752","targetHints":{"allow":["GET"]}}],"collection":[{"href":"https:\/\/stpierre-teille.fr\/index.php?rest_route=\/wp\/v2\/posts"}],"about":[{"href":"https:\/\/stpierre-teille.fr\/index.php?rest_route=\/wp\/v2\/types\/post"}],"author":[{"embeddable":true,"href":"https:\/\/stpierre-teille.fr\/index.php?rest_route=\/wp\/v2\/users\/3"}],"replies":[{"embeddable":true,"href":"https:\/\/stpierre-teille.fr\/index.php?rest_route=%2Fwp%2Fv2%2Fcomments&post=752"}],"version-history":[{"count":0,"href":"https:\/\/stpierre-teille.fr\/index.php?rest_route=\/wp\/v2\/posts\/752\/revisions"}],"wp:attachment":[{"href":"https:\/\/stpierre-teille.fr\/index.php?rest_route=%2Fwp%2Fv2%2Fmedia&parent=752"}],"wp:term":[{"taxonomy":"category","embeddable":true,"href":"https:\/\/stpierre-teille.fr\/index.php?rest_route=%2Fwp%2Fv2%2Fcategories&post=752"},{"taxonomy":"post_tag","embeddable":true,"href":"https:\/\/stpierre-teille.fr\/index.php?rest_route=%2Fwp%2Fv2%2Ftags&post=752"}],"curies":[{"name":"wp","href":"https:\/\/api.w.org\/{rel}","templated":true}]}}