{"id":701,"date":"2016-09-29T14:23:43","date_gmt":"2016-09-29T13:23:43","guid":{"rendered":"https:\/\/stpierre-teille.fr\/?p=701"},"modified":"2016-09-29T14:23:43","modified_gmt":"2016-09-29T13:23:43","slug":"assemblee-de-rentree","status":"publish","type":"post","link":"https:\/\/stpierre-teille.fr\/?p=701","title":{"rendered":"Assembl\u00e9e de rentr\u00e9e"},"content":{"rendered":"<p>En ce lundi 5 septembre 2016, nous nous sommes r\u00e9unis dans la salle de motricit\u00e9 afin\u00a0pr\u00e9senter les nouveaux \u00e9l\u00e8ves de l&rsquo;\u00e9cole ainsi que les nouveaux adultes.<\/p>\n<p>Nous accueillons L\u00e9a en CE1 et Malyana en Grande Section\u00a0<a href=\"https:\/\/stpierre-teille.fr\/wp-content\/uploads\/2016\/09\/IMG_0634.jpg\"><img loading=\"lazy\" decoding=\"async\" class=\"size-thumbnail wp-image-722 alignleft\" src=\"https:\/\/stpierre-teille.fr\/wp-content\/uploads\/2016\/09\/IMG_0634-150x150.jpg\" alt=\"img_0634\" width=\"150\" height=\"150\" \/><\/a><a href=\"https:\/\/stpierre-teille.fr\/wp-content\/uploads\/2016\/09\/P1040200.jpg\"><img loading=\"lazy\" decoding=\"async\" class=\"aligncenter size-thumbnail wp-image-712\" src=\"https:\/\/stpierre-teille.fr\/wp-content\/uploads\/2016\/09\/P1040200-150x150.jpg\" alt=\"p1040200\" width=\"150\" height=\"150\" \/><\/a><\/p>\n<p>en Petite Section nous accueillons Adrian, Charlotte, Hugo,\u00a0Lana, Manon, N\u00e9phael et Orlane en Pr\u00e9-petite section<\/p>\n<p><a href=\"https:\/\/stpierre-teille.fr\/wp-content\/uploads\/2016\/09\/P1040204.jpg\"><img loading=\"lazy\" decoding=\"async\" class=\"size-thumbnail wp-image-716 alignleft\" src=\"https:\/\/stpierre-teille.fr\/wp-content\/uploads\/2016\/09\/P1040204-150x150.jpg\" alt=\"p1040204\" width=\"150\" height=\"150\" \/><\/a><a href=\"https:\/\/stpierre-teille.fr\/wp-content\/uploads\/2016\/09\/P1040203.jpg\"><img loading=\"lazy\" decoding=\"async\" class=\"size-thumbnail wp-image-715 alignleft\" src=\"https:\/\/stpierre-teille.fr\/wp-content\/uploads\/2016\/09\/P1040203-150x150.jpg\" alt=\"p1040203\" width=\"150\" height=\"150\" \/><\/a> <a href=\"https:\/\/stpierre-teille.fr\/wp-content\/uploads\/2016\/09\/P1040199.jpg\"><img loading=\"lazy\" decoding=\"async\" class=\"size-thumbnail wp-image-711 alignleft\" src=\"https:\/\/stpierre-teille.fr\/wp-content\/uploads\/2016\/09\/P1040199-150x150.jpg\" alt=\"p1040199\" width=\"150\" height=\"150\" \/><\/a><a href=\"https:\/\/stpierre-teille.fr\/wp-content\/uploads\/2016\/09\/P1040193.jpg\"><img loading=\"lazy\" decoding=\"async\" class=\"size-thumbnail wp-image-706 alignleft\" src=\"https:\/\/stpierre-teille.fr\/wp-content\/uploads\/2016\/09\/P1040193-150x150.jpg\" alt=\"p1040193\" width=\"150\" height=\"150\" \/><\/a><\/p>\n<p>&nbsp;<\/p>\n<p>&nbsp;<\/p>\n<p>&nbsp;<\/p>\n<p><a href=\"https:\/\/stpierre-teille.fr\/wp-content\/uploads\/2016\/09\/P1040202.jpg\"><img loading=\"lazy\" decoding=\"async\" class=\"size-thumbnail wp-image-714 alignleft\" src=\"https:\/\/stpierre-teille.fr\/wp-content\/uploads\/2016\/09\/P1040202-150x150.jpg\" alt=\"p1040202\" width=\"150\" height=\"150\" \/><\/a><\/p>\n<p>&nbsp;<\/p>\n<p>&nbsp;<\/p>\n<p>&nbsp;<\/p>\n<p>&nbsp;<\/p>\n<p>&nbsp;<\/p>\n<p>Il y a aussi les enfants qui sont arriv\u00e9s en cours d&rsquo;ann\u00e9e derni\u00e8re: Agn\u00e8s, Ana\u00e9, Jean, T\u00e9lio<\/p>\n<p><a href=\"https:\/\/stpierre-teille.fr\/wp-content\/uploads\/2016\/09\/P1040201.jpg\"><img loading=\"lazy\" decoding=\"async\" class=\"size-thumbnail wp-image-713 alignleft\" src=\"https:\/\/stpierre-teille.fr\/wp-content\/uploads\/2016\/09\/P1040201-150x150.jpg\" alt=\"p1040201\" width=\"150\" height=\"150\" \/><\/a> <a href=\"https:\/\/stpierre-teille.fr\/wp-content\/uploads\/2016\/09\/P1040194.jpg\"><img loading=\"lazy\" decoding=\"async\" class=\"size-thumbnail wp-image-707 alignleft\" src=\"https:\/\/stpierre-teille.fr\/wp-content\/uploads\/2016\/09\/P1040194-150x150.jpg\" alt=\"p1040194\" width=\"150\" height=\"150\" \/><\/a> <a href=\"https:\/\/stpierre-teille.fr\/wp-content\/uploads\/2016\/09\/P1040197.jpg\"><img loading=\"lazy\" decoding=\"async\" class=\"size-thumbnail wp-image-709 alignleft\" src=\"https:\/\/stpierre-teille.fr\/wp-content\/uploads\/2016\/09\/P1040197-150x150.jpg\" alt=\"p1040197\" width=\"150\" height=\"150\" \/><\/a> <a href=\"https:\/\/stpierre-teille.fr\/wp-content\/uploads\/2016\/09\/P1040196.jpg\"><img loading=\"lazy\" decoding=\"async\" class=\"size-thumbnail wp-image-708 alignleft\" src=\"https:\/\/stpierre-teille.fr\/wp-content\/uploads\/2016\/09\/P1040196-150x150.jpg\" alt=\"p1040196\" width=\"150\" height=\"150\" \/><\/a><\/p>\n<p>&nbsp;<\/p>\n<p>&nbsp;<\/p>\n<p>&nbsp;<\/p>\n<p>&nbsp;<\/p>\n<p>&nbsp;<\/p>\n<p>Nous avons pr\u00e9sent\u00e9\u00a0Marie, \u00a0la nouvelle ma\u00eetresse des maternelles, ainsi que Sarah qui interviendra \u00e0 l&rsquo;\u00e9cole pour les ateliers informatique, la BCD et le m\u00e9nage.<\/p>\n<p><a href=\"https:\/\/stpierre-teille.fr\/wp-content\/uploads\/2016\/09\/P1040189.jpg\"><img loading=\"lazy\" decoding=\"async\" class=\"wp-image-704 size-thumbnail alignleft\" src=\"https:\/\/stpierre-teille.fr\/wp-content\/uploads\/2016\/09\/P1040189-e1474228735973-150x150.jpg\" alt=\"p1040189\" width=\"150\" height=\"150\" \/><\/a> <a href=\"https:\/\/stpierre-teille.fr\/wp-content\/uploads\/2016\/09\/P1040188.jpg\"><img loading=\"lazy\" decoding=\"async\" class=\"size-thumbnail wp-image-703 alignleft\" src=\"https:\/\/stpierre-teille.fr\/wp-content\/uploads\/2016\/09\/P1040188-150x150.jpg\" alt=\"p1040188\" width=\"150\" height=\"150\" \/><\/a><\/p>\n<p>&nbsp;<\/p>\n<p>&nbsp;<\/p>\n<p>&nbsp;<\/p>\n<p>&nbsp;<\/p>\n<p>&nbsp;<\/p>\n<p>Gildas a lu une histoire sur la rentr\u00e9e puis chaque classe a pr\u00e9sent\u00e9 un chant.<\/p>\n<p><a href=\"https:\/\/stpierre-teille.fr\/wp-content\/uploads\/2016\/09\/P1040205.jpg\"><img loading=\"lazy\" decoding=\"async\" class=\"size-thumbnail wp-image-717 alignleft\" src=\"https:\/\/stpierre-teille.fr\/wp-content\/uploads\/2016\/09\/P1040205-150x150.jpg\" alt=\"p1040205\" width=\"150\" height=\"150\" \/><\/a> <a href=\"https:\/\/stpierre-teille.fr\/wp-content\/uploads\/2016\/09\/P1040208.jpg\"><img loading=\"lazy\" decoding=\"async\" class=\"size-thumbnail wp-image-718 alignleft\" src=\"https:\/\/stpierre-teille.fr\/wp-content\/uploads\/2016\/09\/P1040208-150x150.jpg\" alt=\"p1040208\" width=\"150\" height=\"150\" \/><\/a><a href=\"https:\/\/stpierre-teille.fr\/wp-content\/uploads\/2016\/09\/P1040206.jpg\"><img loading=\"lazy\" decoding=\"async\" class=\"size-thumbnail wp-image-720 alignleft\" src=\"https:\/\/stpierre-teille.fr\/wp-content\/uploads\/2016\/09\/P1040206-150x150.jpg\" alt=\"p1040206\" width=\"150\" height=\"150\" \/><\/a><\/p>\n","protected":false},"excerpt":{"rendered":"<p>En ce lundi 5 septembre 2016, nous nous sommes r\u00e9unis dans la salle de motricit\u00e9 afin\u00a0pr\u00e9senter les nouveaux \u00e9l\u00e8ves de l&rsquo;\u00e9cole ainsi que les nouveaux adultes. Nous accueillons L\u00e9a en CE1 et Malyana en Grande Section\u00a0 en Petite Section nous accueillons Adrian, Charlotte, Hugo,\u00a0Lana, Manon, N\u00e9phael et Orlane en Pr\u00e9-petite section &nbsp; &nbsp; &nbsp; &nbsp;&hellip; <br \/> <a class=\"read-more\" href=\"https:\/\/stpierre-teille.fr\/?p=701\">Lire la suite<\/a><\/p>\n","protected":false},"author":3,"featured_media":0,"comment_status":"closed","ping_status":"closed","sticky":false,"template":"","format":"standard","meta":{"ngg_post_thumbnail":0,"footnotes":""},"categories":[9],"tags":[],"class_list":["post-701","post","type-post","status-publish","format-standard","hentry","category-vie-des-classes"],"_links":{"self":[{"href":"https:\/\/stpierre-teille.fr\/index.php?rest_route=\/wp\/v2\/posts\/701","targetHints":{"allow":["GET"]}}],"collection":[{"href":"https:\/\/stpierre-teille.fr\/index.php?rest_route=\/wp\/v2\/posts"}],"about":[{"href":"https:\/\/stpierre-teille.fr\/index.php?rest_route=\/wp\/v2\/types\/post"}],"author":[{"embeddable":true,"href":"https:\/\/stpierre-teille.fr\/index.php?rest_route=\/wp\/v2\/users\/3"}],"replies":[{"embeddable":true,"href":"https:\/\/stpierre-teille.fr\/index.php?rest_route=%2Fwp%2Fv2%2Fcomments&post=701"}],"version-history":[{"count":0,"href":"https:\/\/stpierre-teille.fr\/index.php?rest_route=\/wp\/v2\/posts\/701\/revisions"}],"wp:attachment":[{"href":"https:\/\/stpierre-teille.fr\/index.php?rest_route=%2Fwp%2Fv2%2Fmedia&parent=701"}],"wp:term":[{"taxonomy":"category","embeddable":true,"href":"https:\/\/stpierre-teille.fr\/index.php?rest_route=%2Fwp%2Fv2%2Fcategories&post=701"},{"taxonomy":"post_tag","embeddable":true,"href":"https:\/\/stpierre-teille.fr\/index.php?rest_route=%2Fwp%2Fv2%2Ftags&post=701"}],"curies":[{"name":"wp","href":"https:\/\/api.w.org\/{rel}","templated":true}]}}