{"id":618,"date":"2016-05-19T11:48:09","date_gmt":"2016-05-19T10:48:09","guid":{"rendered":"https:\/\/stpierre-teille.fr\/?p=618"},"modified":"2016-05-19T11:48:09","modified_gmt":"2016-05-19T10:48:09","slug":"fete-de-projet","status":"publish","type":"post","link":"https:\/\/stpierre-teille.fr\/?p=618","title":{"rendered":"F\u00eate de projet"},"content":{"rendered":"<p>La f\u00eate de projet sur le th\u00e8me de la lumi\u00e8re a eu lieu le vendredi 29 avril 2016.<\/p>\n<p>Nous avons d&rsquo;abord pr\u00e9sent\u00e9 nos oeuvres faites lors des ateliers:\u00a0mosa\u00efques, sculpture, maquettes, couture, jardin miniature.<\/p>\n<div id=\"attachment_629\" style=\"width: 160px\" class=\"wp-caption alignleft\"><a href=\"https:\/\/stpierre-teille.fr\/wp-content\/uploads\/2016\/05\/P1030693.jpg\"><img loading=\"lazy\" decoding=\"async\" aria-describedby=\"caption-attachment-629\" class=\"wp-image-629 size-thumbnail\" src=\"https:\/\/stpierre-teille.fr\/wp-content\/uploads\/2016\/05\/P1030693-150x150.jpg\" alt=\"P1030693\" width=\"150\" height=\"150\" \/><\/a><p id=\"caption-attachment-629\" class=\"wp-caption-text\">Maquette de la BCD<\/p><\/div>\n<p>&nbsp;<\/p>\n<div id=\"attachment_630\" style=\"width: 160px\" class=\"wp-caption alignleft\"><a href=\"https:\/\/stpierre-teille.fr\/wp-content\/uploads\/2016\/05\/P1030695.jpg\"><img loading=\"lazy\" decoding=\"async\" aria-describedby=\"caption-attachment-630\" class=\"wp-image-630 size-thumbnail\" src=\"https:\/\/stpierre-teille.fr\/wp-content\/uploads\/2016\/05\/P1030695-150x150.jpg\" alt=\"P1030695\" width=\"150\" height=\"150\" \/><\/a><p id=\"caption-attachment-630\" class=\"wp-caption-text\">Maquette de l&rsquo;\u00e9cole<\/p><\/div>\n<div id=\"attachment_631\" style=\"width: 160px\" class=\"wp-caption alignleft\"><a href=\"https:\/\/stpierre-teille.fr\/wp-content\/uploads\/2016\/05\/P1030696.jpg\"><img loading=\"lazy\" decoding=\"async\" aria-describedby=\"caption-attachment-631\" class=\"wp-image-631 size-thumbnail\" src=\"https:\/\/stpierre-teille.fr\/wp-content\/uploads\/2016\/05\/P1030696-150x150.jpg\" alt=\"P1030696\" width=\"150\" height=\"150\" \/><\/a><p id=\"caption-attachment-631\" class=\"wp-caption-text\">Maquette de l&rsquo;\u00e9cole (2)<\/p><\/div>\n<p>&nbsp;<\/p>\n<div id=\"attachment_628\" style=\"width: 160px\" class=\"wp-caption alignleft\"><a href=\"https:\/\/stpierre-teille.fr\/wp-content\/uploads\/2016\/05\/P1030690.jpg\"><img loading=\"lazy\" decoding=\"async\" aria-describedby=\"caption-attachment-628\" class=\"wp-image-628 size-thumbnail\" src=\"https:\/\/stpierre-teille.fr\/wp-content\/uploads\/2016\/05\/P1030690-150x150.jpg\" alt=\"P1030690\" width=\"150\" height=\"150\" \/><\/a><p id=\"caption-attachment-628\" class=\"wp-caption-text\">Ecole \u00e0 la mani\u00e8re de Gaudi<\/p><\/div>\n<p>&nbsp;<\/p>\n<div id=\"attachment_635\" style=\"width: 160px\" class=\"wp-caption alignleft\"><a href=\"https:\/\/stpierre-teille.fr\/wp-content\/uploads\/2016\/05\/P1030694.jpg\"><img loading=\"lazy\" decoding=\"async\" aria-describedby=\"caption-attachment-635\" class=\"size-thumbnail wp-image-635\" src=\"https:\/\/stpierre-teille.fr\/wp-content\/uploads\/2016\/05\/P1030694-150x150.jpg\" alt=\"Jardin miniature (1)\" width=\"150\" height=\"150\" \/><\/a><p id=\"caption-attachment-635\" class=\"wp-caption-text\">Jardin miniature (1)<\/p><\/div>\n<p>&nbsp;<\/p>\n<p>&nbsp;<\/p>\n<div id=\"attachment_627\" style=\"width: 160px\" class=\"wp-caption alignleft\"><a href=\"https:\/\/stpierre-teille.fr\/wp-content\/uploads\/2016\/05\/P1030688.jpg\"><img loading=\"lazy\" decoding=\"async\" aria-describedby=\"caption-attachment-627\" class=\"wp-image-627 size-thumbnail\" src=\"https:\/\/stpierre-teille.fr\/wp-content\/uploads\/2016\/05\/P1030688-150x150.jpg\" alt=\"P1030688\" width=\"150\" height=\"150\" \/><\/a><p id=\"caption-attachment-627\" class=\"wp-caption-text\">Jardin miniature (2)<\/p><\/div>\n<p>&nbsp;<\/p>\n<p>&nbsp;<\/p>\n<div id=\"attachment_626\" style=\"width: 160px\" class=\"wp-caption alignleft\"><a href=\"https:\/\/stpierre-teille.fr\/wp-content\/uploads\/2016\/05\/P1030687.jpg\"><img loading=\"lazy\" decoding=\"async\" aria-describedby=\"caption-attachment-626\" class=\"wp-image-626 size-thumbnail\" src=\"https:\/\/stpierre-teille.fr\/wp-content\/uploads\/2016\/05\/P1030687-150x150.jpg\" alt=\"P1030687\" width=\"150\" height=\"150\" \/><\/a><p id=\"caption-attachment-626\" class=\"wp-caption-text\">Peinture \u00e0 l&rsquo;huile<\/p><\/div>\n<p>&nbsp;<\/p>\n<p>&nbsp;<\/p>\n<div id=\"attachment_625\" style=\"width: 160px\" class=\"wp-caption alignleft\"><a href=\"https:\/\/stpierre-teille.fr\/wp-content\/uploads\/2016\/05\/P1030686.jpg\"><img loading=\"lazy\" decoding=\"async\" aria-describedby=\"caption-attachment-625\" class=\"wp-image-625 size-thumbnail\" src=\"https:\/\/stpierre-teille.fr\/wp-content\/uploads\/2016\/05\/P1030686-150x150.jpg\" alt=\"P1030686\" width=\"150\" height=\"150\" \/><\/a><p id=\"caption-attachment-625\" class=\"wp-caption-text\">Costumes<\/p><\/div>\n<p>&nbsp;<\/p>\n<p>&nbsp;<\/p>\n<div id=\"attachment_624\" style=\"width: 160px\" class=\"wp-caption alignleft\"><a href=\"https:\/\/stpierre-teille.fr\/wp-content\/uploads\/2016\/05\/P1030685.jpg\"><img loading=\"lazy\" decoding=\"async\" aria-describedby=\"caption-attachment-624\" class=\"wp-image-624 size-thumbnail\" src=\"https:\/\/stpierre-teille.fr\/wp-content\/uploads\/2016\/05\/P1030685-150x150.jpg\" alt=\"P1030685\" width=\"150\" height=\"150\" \/><\/a><p id=\"caption-attachment-624\" class=\"wp-caption-text\">Poteries<\/p><\/div>\n<div id=\"attachment_623\" style=\"width: 160px\" class=\"wp-caption alignleft\"><a href=\"https:\/\/stpierre-teille.fr\/wp-content\/uploads\/2016\/05\/P1030683.jpg\"><img loading=\"lazy\" decoding=\"async\" aria-describedby=\"caption-attachment-623\" class=\"wp-image-623 size-thumbnail\" src=\"https:\/\/stpierre-teille.fr\/wp-content\/uploads\/2016\/05\/P1030683-150x150.jpg\" alt=\"P1030683\" width=\"150\" height=\"150\" \/><\/a><p id=\"caption-attachment-623\" class=\"wp-caption-text\">Habits de poup\u00e9e<\/p><\/div>\n<p>&nbsp;<\/p>\n<div id=\"attachment_621\" style=\"width: 160px\" class=\"wp-caption alignleft\"><a href=\"https:\/\/stpierre-teille.fr\/wp-content\/uploads\/2016\/05\/P1030679.jpg\"><img loading=\"lazy\" decoding=\"async\" aria-describedby=\"caption-attachment-621\" class=\"wp-image-621 size-thumbnail\" src=\"https:\/\/stpierre-teille.fr\/wp-content\/uploads\/2016\/05\/P1030679-150x150.jpg\" alt=\"P1030679\" width=\"150\" height=\"150\" \/><\/a><p id=\"caption-attachment-621\" class=\"wp-caption-text\">Portraits \u00ab\u00a0ombr\u00e9s\u00a0\u00bb<\/p><\/div>\n<p>&nbsp;<\/p>\n<div id=\"attachment_620\" style=\"width: 160px\" class=\"wp-caption alignleft\"><a href=\"https:\/\/stpierre-teille.fr\/wp-content\/uploads\/2016\/05\/P1030678.jpg\"><img loading=\"lazy\" decoding=\"async\" aria-describedby=\"caption-attachment-620\" class=\"wp-image-620 size-thumbnail\" src=\"https:\/\/stpierre-teille.fr\/wp-content\/uploads\/2016\/05\/P1030678-150x150.jpg\" alt=\"P1030678\" width=\"150\" height=\"150\" \/><\/a><p id=\"caption-attachment-620\" class=\"wp-caption-text\">Mosa\u00efques<\/p><\/div>\n<div id=\"attachment_619\" style=\"width: 160px\" class=\"wp-caption alignleft\"><a href=\"https:\/\/stpierre-teille.fr\/wp-content\/uploads\/2016\/05\/P1030676.jpg\"><img loading=\"lazy\" decoding=\"async\" aria-describedby=\"caption-attachment-619\" class=\"wp-image-619 size-thumbnail\" src=\"https:\/\/stpierre-teille.fr\/wp-content\/uploads\/2016\/05\/P1030676-150x150.jpg\" alt=\"P1030676\" width=\"150\" height=\"150\" \/><\/a><p id=\"caption-attachment-619\" class=\"wp-caption-text\">Les lanternes \u00e0 \u00e9toiles<\/p><\/div>\n<p>&nbsp;<\/p>\n<p>&nbsp;<\/p>\n<p>&nbsp;<\/p>\n<div id=\"attachment_622\" style=\"width: 160px\" class=\"wp-caption alignleft\"><a href=\"https:\/\/stpierre-teille.fr\/wp-content\/uploads\/2016\/05\/P1030680.jpg\"><img loading=\"lazy\" decoding=\"async\" aria-describedby=\"caption-attachment-622\" class=\"wp-image-622 size-thumbnail\" src=\"https:\/\/stpierre-teille.fr\/wp-content\/uploads\/2016\/05\/P1030680-150x150.jpg\" alt=\"P1030680\" width=\"150\" height=\"150\" \/><\/a><p id=\"caption-attachment-622\" class=\"wp-caption-text\">Les ombres d&rsquo;automne<\/p><\/div>\n<p>&nbsp;<\/p>\n<p>&nbsp;<\/p>\n<p>&nbsp;<\/p>\n<p>&nbsp;<\/p>\n<p>&nbsp;<\/p>\n<p>&nbsp;<\/p>\n<p>&nbsp;<\/p>\n<p>Ensuite nous avons \u00e9t\u00e9 dans la salle de th\u00e9\u00e2tre pour pr\u00e9senter le logo de l&rsquo;\u00e9cole.<\/p>\n<div id=\"attachment_632\" style=\"width: 160px\" class=\"wp-caption alignleft\"><a href=\"https:\/\/stpierre-teille.fr\/wp-content\/uploads\/2016\/05\/P1030701.jpg\"><img loading=\"lazy\" decoding=\"async\" aria-describedby=\"caption-attachment-632\" class=\"wp-image-632 size-thumbnail\" src=\"https:\/\/stpierre-teille.fr\/wp-content\/uploads\/2016\/05\/P1030701-150x150.jpg\" alt=\"P1030701\" width=\"150\" height=\"150\" \/><\/a><p id=\"caption-attachment-632\" class=\"wp-caption-text\">Suspense&#8230;.<\/p><\/div>\n<div id=\"attachment_633\" style=\"width: 160px\" class=\"wp-caption aligncenter\"><a href=\"https:\/\/stpierre-teille.fr\/wp-content\/uploads\/2016\/05\/P1030703.jpg\"><img loading=\"lazy\" decoding=\"async\" aria-describedby=\"caption-attachment-633\" class=\"wp-image-633 size-thumbnail\" src=\"https:\/\/stpierre-teille.fr\/wp-content\/uploads\/2016\/05\/P1030703-150x150.jpg\" alt=\"P1030703\" width=\"150\" height=\"150\" \/><\/a><p id=\"caption-attachment-633\" class=\"wp-caption-text\">Voil\u00e0 notre logo !<\/p><\/div>\n<p>Puis nous avons dans\u00e9: on a fait des chor\u00e9graphies: on a utilis\u00e9 des lampes de poche, on a fait la farandole.<\/p>\n<p>On a chant\u00e9 avec Tiburce \u00e0 la guitare.<\/p>\n<p class=\"alignnone\">Les spectateurs \u00e9taient ravis.<\/p>\n","protected":false},"excerpt":{"rendered":"<p>La f\u00eate de projet sur le th\u00e8me de la lumi\u00e8re a eu lieu le vendredi 29 avril 2016. Nous avons d&rsquo;abord pr\u00e9sent\u00e9 nos oeuvres faites lors des ateliers:\u00a0mosa\u00efques, sculpture, maquettes, couture, jardin miniature. &nbsp; &nbsp; &nbsp; &nbsp; &nbsp; &nbsp; &nbsp; &nbsp; &nbsp; &nbsp; &nbsp; &nbsp; &nbsp; &nbsp; &nbsp; &nbsp; &nbsp; &nbsp; &nbsp; &nbsp; &nbsp; &nbsp;&hellip; <br \/> <a class=\"read-more\" href=\"https:\/\/stpierre-teille.fr\/?p=618\">Lire la suite<\/a><\/p>\n","protected":false},"author":3,"featured_media":0,"comment_status":"closed","ping_status":"closed","sticky":false,"template":"","format":"standard","meta":{"ngg_post_thumbnail":0,"footnotes":""},"categories":[9],"tags":[],"class_list":["post-618","post","type-post","status-publish","format-standard","hentry","category-vie-des-classes"],"_links":{"self":[{"href":"https:\/\/stpierre-teille.fr\/index.php?rest_route=\/wp\/v2\/posts\/618","targetHints":{"allow":["GET"]}}],"collection":[{"href":"https:\/\/stpierre-teille.fr\/index.php?rest_route=\/wp\/v2\/posts"}],"about":[{"href":"https:\/\/stpierre-teille.fr\/index.php?rest_route=\/wp\/v2\/types\/post"}],"author":[{"embeddable":true,"href":"https:\/\/stpierre-teille.fr\/index.php?rest_route=\/wp\/v2\/users\/3"}],"replies":[{"embeddable":true,"href":"https:\/\/stpierre-teille.fr\/index.php?rest_route=%2Fwp%2Fv2%2Fcomments&post=618"}],"version-history":[{"count":0,"href":"https:\/\/stpierre-teille.fr\/index.php?rest_route=\/wp\/v2\/posts\/618\/revisions"}],"wp:attachment":[{"href":"https:\/\/stpierre-teille.fr\/index.php?rest_route=%2Fwp%2Fv2%2Fmedia&parent=618"}],"wp:term":[{"taxonomy":"category","embeddable":true,"href":"https:\/\/stpierre-teille.fr\/index.php?rest_route=%2Fwp%2Fv2%2Fcategories&post=618"},{"taxonomy":"post_tag","embeddable":true,"href":"https:\/\/stpierre-teille.fr\/index.php?rest_route=%2Fwp%2Fv2%2Ftags&post=618"}],"curies":[{"name":"wp","href":"https:\/\/api.w.org\/{rel}","templated":true}]}}