{"id":596,"date":"2016-02-23T12:58:43","date_gmt":"2016-02-23T11:58:43","guid":{"rendered":"https:\/\/stpierre-teille.fr\/?p=596"},"modified":"2016-02-23T12:58:43","modified_gmt":"2016-02-23T11:58:43","slug":"celebration-de-la-chandeleur","status":"publish","type":"post","link":"https:\/\/stpierre-teille.fr\/?p=596","title":{"rendered":"C\u00e9l\u00e9bration de la Chandeleur"},"content":{"rendered":"<p>&nbsp;<\/p>\n<p><a href=\"https:\/\/stpierre-teille.fr\/wp-content\/uploads\/2016\/02\/P1030514.jpg\" rel=\"attachment wp-att-579\"><img loading=\"lazy\" decoding=\"async\" class=\"aligncenter size-medium wp-image-579\" src=\"https:\/\/stpierre-teille.fr\/wp-content\/uploads\/2016\/02\/P1030514-300x225.jpg\" alt=\"P1030514\" width=\"300\" height=\"225\" srcset=\"https:\/\/stpierre-teille.fr\/wp-content\/uploads\/2016\/02\/P1030514-300x225.jpg 300w, https:\/\/stpierre-teille.fr\/wp-content\/uploads\/2016\/02\/P1030514-768x576.jpg 768w, https:\/\/stpierre-teille.fr\/wp-content\/uploads\/2016\/02\/P1030514-1024x768.jpg 1024w, https:\/\/stpierre-teille.fr\/wp-content\/uploads\/2016\/02\/P1030514-960x720.jpg 960w, https:\/\/stpierre-teille.fr\/wp-content\/uploads\/2016\/02\/P1030514-480x360.jpg 480w, https:\/\/stpierre-teille.fr\/wp-content\/uploads\/2016\/02\/P1030514-320x240.jpg 320w, https:\/\/stpierre-teille.fr\/wp-content\/uploads\/2016\/02\/P1030514-240x180.jpg 240w, https:\/\/stpierre-teille.fr\/wp-content\/uploads\/2016\/02\/P1030514.jpg 2048w\" sizes=\"auto, (max-width: 300px) 100vw, 300px\" \/><\/a><\/p>\n<p>Nous nous sommes r\u00e9unis dans la salle de motricit\u00e9 pour c\u00e9l\u00e9brer la Chandeleur.\u00a0Nous sommes entr\u00e9s dans la lumi\u00e8re\u00a0avec des bougies que nous avions d\u00e9cor\u00e9es.<\/p>\n<p>&nbsp;<\/p>\n<p><a href=\"https:\/\/stpierre-teille.fr\/wp-content\/uploads\/2016\/02\/P1030516.jpg\" rel=\"attachment wp-att-581\"><img loading=\"lazy\" decoding=\"async\" class=\"size-medium wp-image-581 alignleft\" src=\"https:\/\/stpierre-teille.fr\/wp-content\/uploads\/2016\/02\/P1030516-300x225.jpg\" alt=\"P1030516\" width=\"300\" height=\"225\" srcset=\"https:\/\/stpierre-teille.fr\/wp-content\/uploads\/2016\/02\/P1030516-300x225.jpg 300w, https:\/\/stpierre-teille.fr\/wp-content\/uploads\/2016\/02\/P1030516-768x576.jpg 768w, https:\/\/stpierre-teille.fr\/wp-content\/uploads\/2016\/02\/P1030516-1024x768.jpg 1024w, https:\/\/stpierre-teille.fr\/wp-content\/uploads\/2016\/02\/P1030516-960x720.jpg 960w, https:\/\/stpierre-teille.fr\/wp-content\/uploads\/2016\/02\/P1030516-480x360.jpg 480w, https:\/\/stpierre-teille.fr\/wp-content\/uploads\/2016\/02\/P1030516-320x240.jpg 320w, https:\/\/stpierre-teille.fr\/wp-content\/uploads\/2016\/02\/P1030516-240x180.jpg 240w, https:\/\/stpierre-teille.fr\/wp-content\/uploads\/2016\/02\/P1030516.jpg 2048w\" sizes=\"auto, (max-width: 300px) 100vw, 300px\" \/><\/a><\/p>\n<p>&nbsp;<\/p>\n<p>&nbsp;<\/p>\n<p>&nbsp;<\/p>\n<p>&nbsp;<\/p>\n<p>&nbsp;<\/p>\n<p>&nbsp;<\/p>\n<p>Nous sommes all\u00e9s accrocher nos bougies chacun notre tour sur un ruban.<\/p>\n<p><a href=\"https:\/\/stpierre-teille.fr\/wp-content\/uploads\/2016\/02\/P1030527.jpg\" rel=\"attachment wp-att-591\"><img loading=\"lazy\" decoding=\"async\" class=\"aligncenter size-medium wp-image-591\" src=\"https:\/\/stpierre-teille.fr\/wp-content\/uploads\/2016\/02\/P1030527-300x225.jpg\" alt=\"P1030527\" width=\"300\" height=\"225\" srcset=\"https:\/\/stpierre-teille.fr\/wp-content\/uploads\/2016\/02\/P1030527-300x225.jpg 300w, https:\/\/stpierre-teille.fr\/wp-content\/uploads\/2016\/02\/P1030527-768x576.jpg 768w, https:\/\/stpierre-teille.fr\/wp-content\/uploads\/2016\/02\/P1030527-1024x768.jpg 1024w, https:\/\/stpierre-teille.fr\/wp-content\/uploads\/2016\/02\/P1030527-960x720.jpg 960w, https:\/\/stpierre-teille.fr\/wp-content\/uploads\/2016\/02\/P1030527-480x360.jpg 480w, https:\/\/stpierre-teille.fr\/wp-content\/uploads\/2016\/02\/P1030527-320x240.jpg 320w, https:\/\/stpierre-teille.fr\/wp-content\/uploads\/2016\/02\/P1030527-240x180.jpg 240w, https:\/\/stpierre-teille.fr\/wp-content\/uploads\/2016\/02\/P1030527.jpg 2048w\" sizes=\"auto, (max-width: 300px) 100vw, 300px\" \/><\/a><\/p>\n<p><a href=\"https:\/\/stpierre-teille.fr\/wp-content\/uploads\/2016\/02\/P1030521.jpg\" rel=\"attachment wp-att-585\"><img loading=\"lazy\" decoding=\"async\" class=\"size-medium wp-image-585 alignleft\" src=\"https:\/\/stpierre-teille.fr\/wp-content\/uploads\/2016\/02\/P1030521-300x225.jpg\" alt=\"P1030521\" width=\"300\" height=\"225\" srcset=\"https:\/\/stpierre-teille.fr\/wp-content\/uploads\/2016\/02\/P1030521-300x225.jpg 300w, https:\/\/stpierre-teille.fr\/wp-content\/uploads\/2016\/02\/P1030521-768x576.jpg 768w, https:\/\/stpierre-teille.fr\/wp-content\/uploads\/2016\/02\/P1030521-1024x768.jpg 1024w, https:\/\/stpierre-teille.fr\/wp-content\/uploads\/2016\/02\/P1030521-960x720.jpg 960w, https:\/\/stpierre-teille.fr\/wp-content\/uploads\/2016\/02\/P1030521-480x360.jpg 480w, https:\/\/stpierre-teille.fr\/wp-content\/uploads\/2016\/02\/P1030521-320x240.jpg 320w, https:\/\/stpierre-teille.fr\/wp-content\/uploads\/2016\/02\/P1030521-240x180.jpg 240w, https:\/\/stpierre-teille.fr\/wp-content\/uploads\/2016\/02\/P1030521.jpg 2048w\" sizes=\"auto, (max-width: 300px) 100vw, 300px\" \/><\/a><\/p>\n<p><a href=\"https:\/\/stpierre-teille.fr\/wp-content\/uploads\/2016\/02\/P1030519.jpg\" rel=\"attachment wp-att-584\"><img loading=\"lazy\" decoding=\"async\" class=\"aligncenter size-medium wp-image-584\" src=\"https:\/\/stpierre-teille.fr\/wp-content\/uploads\/2016\/02\/P1030519-300x225.jpg\" alt=\"P1030519\" width=\"300\" height=\"225\" srcset=\"https:\/\/stpierre-teille.fr\/wp-content\/uploads\/2016\/02\/P1030519-300x225.jpg 300w, https:\/\/stpierre-teille.fr\/wp-content\/uploads\/2016\/02\/P1030519-768x576.jpg 768w, https:\/\/stpierre-teille.fr\/wp-content\/uploads\/2016\/02\/P1030519-1024x768.jpg 1024w, https:\/\/stpierre-teille.fr\/wp-content\/uploads\/2016\/02\/P1030519-960x720.jpg 960w, https:\/\/stpierre-teille.fr\/wp-content\/uploads\/2016\/02\/P1030519-480x360.jpg 480w, https:\/\/stpierre-teille.fr\/wp-content\/uploads\/2016\/02\/P1030519-320x240.jpg 320w, https:\/\/stpierre-teille.fr\/wp-content\/uploads\/2016\/02\/P1030519-240x180.jpg 240w, https:\/\/stpierre-teille.fr\/wp-content\/uploads\/2016\/02\/P1030519.jpg 2048w\" sizes=\"auto, (max-width: 300px) 100vw, 300px\" \/><\/a><\/p>\n<p>Lucie nous a racont\u00e9 l\u2019\u2019origine de la Chandeleur\u00a0: La F\u00eate des chandelles est une f\u00eate religieuse chr\u00e9tienne qui correspond \u00e0 la Pr\u00e9sentation du Christ au Temple.<\/p>\n<p><a href=\"https:\/\/stpierre-teille.fr\/wp-content\/uploads\/2016\/02\/P1030524.jpg\" rel=\"attachment wp-att-588\"><img loading=\"lazy\" decoding=\"async\" class=\"aligncenter size-medium wp-image-588\" src=\"https:\/\/stpierre-teille.fr\/wp-content\/uploads\/2016\/02\/P1030524-300x225.jpg\" alt=\"P1030524\" width=\"300\" height=\"225\" srcset=\"https:\/\/stpierre-teille.fr\/wp-content\/uploads\/2016\/02\/P1030524-300x225.jpg 300w, https:\/\/stpierre-teille.fr\/wp-content\/uploads\/2016\/02\/P1030524-768x576.jpg 768w, https:\/\/stpierre-teille.fr\/wp-content\/uploads\/2016\/02\/P1030524-1024x768.jpg 1024w, https:\/\/stpierre-teille.fr\/wp-content\/uploads\/2016\/02\/P1030524-960x720.jpg 960w, https:\/\/stpierre-teille.fr\/wp-content\/uploads\/2016\/02\/P1030524-480x360.jpg 480w, https:\/\/stpierre-teille.fr\/wp-content\/uploads\/2016\/02\/P1030524-320x240.jpg 320w, https:\/\/stpierre-teille.fr\/wp-content\/uploads\/2016\/02\/P1030524-240x180.jpg 240w, https:\/\/stpierre-teille.fr\/wp-content\/uploads\/2016\/02\/P1030524.jpg 2048w\" sizes=\"auto, (max-width: 300px) 100vw, 300px\" \/><\/a><\/p>\n<p>Cette f\u00eate se d\u00e9roule le 2 f\u00e9vrier, soit\u00a040 jours apr\u00e8s No\u00ebl.<\/p>\n<p>Nous avons chant\u00e9 <strong>Soleil, brille sur moi.<\/strong><\/p>\n<p>&nbsp;<\/p>\n","protected":false},"excerpt":{"rendered":"<p>&nbsp; Nous nous sommes r\u00e9unis dans la salle de motricit\u00e9 pour c\u00e9l\u00e9brer la Chandeleur.\u00a0Nous sommes entr\u00e9s dans la lumi\u00e8re\u00a0avec des bougies que nous avions d\u00e9cor\u00e9es. &nbsp; &nbsp; &nbsp; &nbsp; &nbsp; &nbsp; &nbsp; Nous sommes all\u00e9s accrocher nos bougies chacun notre tour sur un ruban. Lucie nous a racont\u00e9 l\u2019\u2019origine de la Chandeleur\u00a0: La F\u00eate des&hellip; <br \/> <a class=\"read-more\" href=\"https:\/\/stpierre-teille.fr\/?p=596\">Lire la suite<\/a><\/p>\n","protected":false},"author":3,"featured_media":0,"comment_status":"closed","ping_status":"closed","sticky":false,"template":"","format":"standard","meta":{"ngg_post_thumbnail":0,"footnotes":""},"categories":[9],"tags":[],"class_list":["post-596","post","type-post","status-publish","format-standard","hentry","category-vie-des-classes"],"_links":{"self":[{"href":"https:\/\/stpierre-teille.fr\/index.php?rest_route=\/wp\/v2\/posts\/596","targetHints":{"allow":["GET"]}}],"collection":[{"href":"https:\/\/stpierre-teille.fr\/index.php?rest_route=\/wp\/v2\/posts"}],"about":[{"href":"https:\/\/stpierre-teille.fr\/index.php?rest_route=\/wp\/v2\/types\/post"}],"author":[{"embeddable":true,"href":"https:\/\/stpierre-teille.fr\/index.php?rest_route=\/wp\/v2\/users\/3"}],"replies":[{"embeddable":true,"href":"https:\/\/stpierre-teille.fr\/index.php?rest_route=%2Fwp%2Fv2%2Fcomments&post=596"}],"version-history":[{"count":0,"href":"https:\/\/stpierre-teille.fr\/index.php?rest_route=\/wp\/v2\/posts\/596\/revisions"}],"wp:attachment":[{"href":"https:\/\/stpierre-teille.fr\/index.php?rest_route=%2Fwp%2Fv2%2Fmedia&parent=596"}],"wp:term":[{"taxonomy":"category","embeddable":true,"href":"https:\/\/stpierre-teille.fr\/index.php?rest_route=%2Fwp%2Fv2%2Fcategories&post=596"},{"taxonomy":"post_tag","embeddable":true,"href":"https:\/\/stpierre-teille.fr\/index.php?rest_route=%2Fwp%2Fv2%2Ftags&post=596"}],"curies":[{"name":"wp","href":"https:\/\/api.w.org\/{rel}","templated":true}]}}