{"id":558,"date":"2016-01-12T19:08:20","date_gmt":"2016-01-12T18:08:20","guid":{"rendered":"https:\/\/stpierre-teille.fr\/?p=558"},"modified":"2016-01-12T19:08:20","modified_gmt":"2016-01-12T18:08:20","slug":"concert-de-noel","status":"publish","type":"post","link":"https:\/\/stpierre-teille.fr\/?p=558","title":{"rendered":"Concert de No\u00ebl"},"content":{"rendered":"<p>La veille des vacances de No\u00ebl, le 18 d\u00e9cembre au soir, nous avons chant\u00e9 \u00e0 l&rsquo;\u00e9glise de Teill\u00e9 avec la maison de retraite. Toutes les familles \u00e9taient r\u00e9unies pour ce grand moment de partage, d&rsquo;amour et de paix pour chanter et f\u00eater No\u00ebl.<\/p>\n<p>Accompagn\u00e9 par Tiburce \u00e0 la guitare, l&rsquo;animatrice de la chorale et l&rsquo;orgue, les enfants et la maison de retraite ont fait un beau concert et nous les remercions pour ce moment de\u00a0joie et de douceur\u00a0!<\/p>\n<p><a href=\"https:\/\/stpierre-teille.fr\/wp-content\/uploads\/2016\/01\/DSC07126.jpg\" rel=\"attachment wp-att-563\"><img loading=\"lazy\" decoding=\"async\" class=\"alignnone size-medium wp-image-563\" src=\"https:\/\/stpierre-teille.fr\/wp-content\/uploads\/2016\/01\/DSC07126-225x300.jpg\" alt=\"DSC07126\" width=\"225\" height=\"300\" srcset=\"https:\/\/stpierre-teille.fr\/wp-content\/uploads\/2016\/01\/DSC07126-225x300.jpg 225w, https:\/\/stpierre-teille.fr\/wp-content\/uploads\/2016\/01\/DSC07126-768x1024.jpg 768w, https:\/\/stpierre-teille.fr\/wp-content\/uploads\/2016\/01\/DSC07126.jpg 1152w\" sizes=\"auto, (max-width: 225px) 100vw, 225px\" \/><\/a> <a href=\"https:\/\/stpierre-teille.fr\/wp-content\/uploads\/2016\/01\/DSC07127.jpg\" rel=\"attachment wp-att-564\"><img loading=\"lazy\" decoding=\"async\" class=\"alignnone size-medium wp-image-564\" src=\"https:\/\/stpierre-teille.fr\/wp-content\/uploads\/2016\/01\/DSC07127-300x225.jpg\" alt=\"DSC07127\" width=\"300\" height=\"225\" srcset=\"https:\/\/stpierre-teille.fr\/wp-content\/uploads\/2016\/01\/DSC07127-300x225.jpg 300w, https:\/\/stpierre-teille.fr\/wp-content\/uploads\/2016\/01\/DSC07127-768x576.jpg 768w, https:\/\/stpierre-teille.fr\/wp-content\/uploads\/2016\/01\/DSC07127-1024x768.jpg 1024w, https:\/\/stpierre-teille.fr\/wp-content\/uploads\/2016\/01\/DSC07127-960x720.jpg 960w, https:\/\/stpierre-teille.fr\/wp-content\/uploads\/2016\/01\/DSC07127-480x360.jpg 480w, https:\/\/stpierre-teille.fr\/wp-content\/uploads\/2016\/01\/DSC07127-320x240.jpg 320w, https:\/\/stpierre-teille.fr\/wp-content\/uploads\/2016\/01\/DSC07127-240x180.jpg 240w, https:\/\/stpierre-teille.fr\/wp-content\/uploads\/2016\/01\/DSC07127.jpg 2048w\" sizes=\"auto, (max-width: 300px) 100vw, 300px\" \/><\/a> <a href=\"https:\/\/stpierre-teille.fr\/wp-content\/uploads\/2016\/01\/DSC07128.jpg\" rel=\"attachment wp-att-565\"><img loading=\"lazy\" decoding=\"async\" class=\"alignnone size-medium wp-image-565\" src=\"https:\/\/stpierre-teille.fr\/wp-content\/uploads\/2016\/01\/DSC07128-300x225.jpg\" alt=\"DSC07128\" width=\"300\" height=\"225\" srcset=\"https:\/\/stpierre-teille.fr\/wp-content\/uploads\/2016\/01\/DSC07128-300x225.jpg 300w, https:\/\/stpierre-teille.fr\/wp-content\/uploads\/2016\/01\/DSC07128-768x576.jpg 768w, https:\/\/stpierre-teille.fr\/wp-content\/uploads\/2016\/01\/DSC07128-1024x768.jpg 1024w, https:\/\/stpierre-teille.fr\/wp-content\/uploads\/2016\/01\/DSC07128-960x720.jpg 960w, https:\/\/stpierre-teille.fr\/wp-content\/uploads\/2016\/01\/DSC07128-480x360.jpg 480w, https:\/\/stpierre-teille.fr\/wp-content\/uploads\/2016\/01\/DSC07128-320x240.jpg 320w, https:\/\/stpierre-teille.fr\/wp-content\/uploads\/2016\/01\/DSC07128-240x180.jpg 240w, https:\/\/stpierre-teille.fr\/wp-content\/uploads\/2016\/01\/DSC07128.jpg 2048w\" sizes=\"auto, (max-width: 300px) 100vw, 300px\" \/><\/a> <a href=\"https:\/\/stpierre-teille.fr\/wp-content\/uploads\/2016\/01\/DSC07131.jpg\" rel=\"attachment wp-att-566\"><img loading=\"lazy\" decoding=\"async\" class=\"alignnone size-medium wp-image-566\" src=\"https:\/\/stpierre-teille.fr\/wp-content\/uploads\/2016\/01\/DSC07131-225x300.jpg\" alt=\"DSC07131\" width=\"225\" height=\"300\" srcset=\"https:\/\/stpierre-teille.fr\/wp-content\/uploads\/2016\/01\/DSC07131-225x300.jpg 225w, https:\/\/stpierre-teille.fr\/wp-content\/uploads\/2016\/01\/DSC07131-768x1024.jpg 768w, https:\/\/stpierre-teille.fr\/wp-content\/uploads\/2016\/01\/DSC07131.jpg 1152w\" sizes=\"auto, (max-width: 225px) 100vw, 225px\" \/><\/a><\/p>\n<p>A la sortie de l&rsquo;\u00e9glise, il y avait du\u00a0vin chaud, des g\u00e2teaux et autres friandises et nous remercions les associations de parents d&rsquo;\u00e9l\u00e8ves pour leur investissement tout au long de l&rsquo;ann\u00e9e et pour ces moments chaleureux.<\/p>\n<p>Le P\u00e8re No\u00ebl a \u00e9galement partag\u00e9 cette soir\u00e9e avant son grand d\u00e9part en tra\u00eeneau &#8230;<\/p>\n<p>Nous esp\u00e9rons que tout le monde a pass\u00e9 de joyeuses f\u00eates !<\/p>\n<p>&nbsp;<\/p>\n","protected":false},"excerpt":{"rendered":"<p>La veille des vacances de No\u00ebl, le 18 d\u00e9cembre au soir, nous avons chant\u00e9 \u00e0 l&rsquo;\u00e9glise de Teill\u00e9 avec la maison de retraite. Toutes les familles \u00e9taient r\u00e9unies pour ce grand moment de partage, d&rsquo;amour et de paix pour chanter et f\u00eater No\u00ebl. Accompagn\u00e9 par Tiburce \u00e0 la guitare, l&rsquo;animatrice de la chorale et l&rsquo;orgue,&hellip; <br \/> <a class=\"read-more\" href=\"https:\/\/stpierre-teille.fr\/?p=558\">Lire la suite<\/a><\/p>\n","protected":false},"author":1,"featured_media":0,"comment_status":"closed","ping_status":"closed","sticky":false,"template":"","format":"standard","meta":{"ngg_post_thumbnail":0,"footnotes":""},"categories":[9],"tags":[],"class_list":["post-558","post","type-post","status-publish","format-standard","hentry","category-vie-des-classes"],"_links":{"self":[{"href":"https:\/\/stpierre-teille.fr\/index.php?rest_route=\/wp\/v2\/posts\/558","targetHints":{"allow":["GET"]}}],"collection":[{"href":"https:\/\/stpierre-teille.fr\/index.php?rest_route=\/wp\/v2\/posts"}],"about":[{"href":"https:\/\/stpierre-teille.fr\/index.php?rest_route=\/wp\/v2\/types\/post"}],"author":[{"embeddable":true,"href":"https:\/\/stpierre-teille.fr\/index.php?rest_route=\/wp\/v2\/users\/1"}],"replies":[{"embeddable":true,"href":"https:\/\/stpierre-teille.fr\/index.php?rest_route=%2Fwp%2Fv2%2Fcomments&post=558"}],"version-history":[{"count":0,"href":"https:\/\/stpierre-teille.fr\/index.php?rest_route=\/wp\/v2\/posts\/558\/revisions"}],"wp:attachment":[{"href":"https:\/\/stpierre-teille.fr\/index.php?rest_route=%2Fwp%2Fv2%2Fmedia&parent=558"}],"wp:term":[{"taxonomy":"category","embeddable":true,"href":"https:\/\/stpierre-teille.fr\/index.php?rest_route=%2Fwp%2Fv2%2Fcategories&post=558"},{"taxonomy":"post_tag","embeddable":true,"href":"https:\/\/stpierre-teille.fr\/index.php?rest_route=%2Fwp%2Fv2%2Ftags&post=558"}],"curies":[{"name":"wp","href":"https:\/\/api.w.org\/{rel}","templated":true}]}}