{"id":547,"date":"2016-01-12T19:08:56","date_gmt":"2016-01-12T18:08:56","guid":{"rendered":"https:\/\/stpierre-teille.fr\/?p=547"},"modified":"2016-01-12T19:08:56","modified_gmt":"2016-01-12T18:08:56","slug":"larbre-de-noel","status":"publish","type":"post","link":"https:\/\/stpierre-teille.fr\/?p=547","title":{"rendered":"L&rsquo;arbre de No\u00ebl"},"content":{"rendered":"<p>Le 18 d\u00e9cembre au matin, les enfants ont eu la joie d&rsquo;assister \u00e0 un spectacle de Jean-Yves Bardoul.<\/p>\n<p>A partir d&rsquo;\u00e9l\u00e9ments de la nature, il nous a montr\u00e9 comment cr\u00e9er des objets insolites pour faire de la musique tout en nous racontant des petites histoires. Certains enfants ont pu monter sur sc\u00e8ne et tous ont pu participer pour apprendre \u00e0 bricoler dans la salle. Il y a eu beaucoup d&rsquo;\u00e9clats de rire et\u00a0quelques pleurs aussi \u00e0 consoler et rassurer.<\/p>\n<p>A la sortie du spectacle, nous avons rencontr\u00e9 le P\u00e8re No\u00ebl qui nous a distribu\u00e9 des friandises &#8230; merci Papa No\u00ebl ! Merci aussi pour les beaux cadeaux de chaque classe !<\/p>\n<p><a href=\"https:\/\/stpierre-teille.fr\/wp-content\/uploads\/2016\/01\/DSC07078.jpg\" rel=\"attachment wp-att-550\"><img loading=\"lazy\" decoding=\"async\" class=\"alignnone size-medium wp-image-550\" src=\"https:\/\/stpierre-teille.fr\/wp-content\/uploads\/2016\/01\/DSC07078-300x225.jpg\" alt=\"DSC07078\" width=\"300\" height=\"225\" srcset=\"https:\/\/stpierre-teille.fr\/wp-content\/uploads\/2016\/01\/DSC07078-300x225.jpg 300w, https:\/\/stpierre-teille.fr\/wp-content\/uploads\/2016\/01\/DSC07078-768x576.jpg 768w, https:\/\/stpierre-teille.fr\/wp-content\/uploads\/2016\/01\/DSC07078-1024x768.jpg 1024w, https:\/\/stpierre-teille.fr\/wp-content\/uploads\/2016\/01\/DSC07078-960x720.jpg 960w, https:\/\/stpierre-teille.fr\/wp-content\/uploads\/2016\/01\/DSC07078-480x360.jpg 480w, https:\/\/stpierre-teille.fr\/wp-content\/uploads\/2016\/01\/DSC07078-320x240.jpg 320w, https:\/\/stpierre-teille.fr\/wp-content\/uploads\/2016\/01\/DSC07078-240x180.jpg 240w, https:\/\/stpierre-teille.fr\/wp-content\/uploads\/2016\/01\/DSC07078.jpg 2048w\" sizes=\"auto, (max-width: 300px) 100vw, 300px\" \/><\/a> <a href=\"https:\/\/stpierre-teille.fr\/wp-content\/uploads\/2016\/01\/DSC07076.jpg\" rel=\"attachment wp-att-551\"><img loading=\"lazy\" decoding=\"async\" class=\"alignnone size-medium wp-image-551\" src=\"https:\/\/stpierre-teille.fr\/wp-content\/uploads\/2016\/01\/DSC07076-225x300.jpg\" alt=\"DSC07076\" width=\"225\" height=\"300\" srcset=\"https:\/\/stpierre-teille.fr\/wp-content\/uploads\/2016\/01\/DSC07076-225x300.jpg 225w, https:\/\/stpierre-teille.fr\/wp-content\/uploads\/2016\/01\/DSC07076-768x1024.jpg 768w, https:\/\/stpierre-teille.fr\/wp-content\/uploads\/2016\/01\/DSC07076.jpg 1152w\" sizes=\"auto, (max-width: 225px) 100vw, 225px\" \/><\/a> <a href=\"https:\/\/stpierre-teille.fr\/wp-content\/uploads\/2016\/01\/DSC07083.jpg\" rel=\"attachment wp-att-552\"><img loading=\"lazy\" decoding=\"async\" class=\"alignnone size-medium wp-image-552\" src=\"https:\/\/stpierre-teille.fr\/wp-content\/uploads\/2016\/01\/DSC07083-300x225.jpg\" alt=\"DSC07083\" width=\"300\" height=\"225\" srcset=\"https:\/\/stpierre-teille.fr\/wp-content\/uploads\/2016\/01\/DSC07083-300x225.jpg 300w, https:\/\/stpierre-teille.fr\/wp-content\/uploads\/2016\/01\/DSC07083-768x576.jpg 768w, https:\/\/stpierre-teille.fr\/wp-content\/uploads\/2016\/01\/DSC07083-1024x768.jpg 1024w, https:\/\/stpierre-teille.fr\/wp-content\/uploads\/2016\/01\/DSC07083-960x720.jpg 960w, https:\/\/stpierre-teille.fr\/wp-content\/uploads\/2016\/01\/DSC07083-480x360.jpg 480w, https:\/\/stpierre-teille.fr\/wp-content\/uploads\/2016\/01\/DSC07083-320x240.jpg 320w, https:\/\/stpierre-teille.fr\/wp-content\/uploads\/2016\/01\/DSC07083-240x180.jpg 240w, https:\/\/stpierre-teille.fr\/wp-content\/uploads\/2016\/01\/DSC07083.jpg 2048w\" sizes=\"auto, (max-width: 300px) 100vw, 300px\" \/><\/a> <a href=\"https:\/\/stpierre-teille.fr\/wp-content\/uploads\/2016\/01\/DSC07086.jpg\" rel=\"attachment wp-att-553\"><img loading=\"lazy\" decoding=\"async\" class=\"alignnone size-medium wp-image-553\" src=\"https:\/\/stpierre-teille.fr\/wp-content\/uploads\/2016\/01\/DSC07086-225x300.jpg\" alt=\"DSC07086\" width=\"225\" height=\"300\" srcset=\"https:\/\/stpierre-teille.fr\/wp-content\/uploads\/2016\/01\/DSC07086-225x300.jpg 225w, https:\/\/stpierre-teille.fr\/wp-content\/uploads\/2016\/01\/DSC07086-768x1024.jpg 768w, https:\/\/stpierre-teille.fr\/wp-content\/uploads\/2016\/01\/DSC07086.jpg 1152w\" sizes=\"auto, (max-width: 225px) 100vw, 225px\" \/><\/a> <a href=\"https:\/\/stpierre-teille.fr\/wp-content\/uploads\/2016\/01\/DSC07096.jpg\" rel=\"attachment wp-att-554\"><img loading=\"lazy\" decoding=\"async\" class=\"alignnone size-medium wp-image-554\" src=\"https:\/\/stpierre-teille.fr\/wp-content\/uploads\/2016\/01\/DSC07096-225x300.jpg\" alt=\"DSC07096\" width=\"225\" height=\"300\" srcset=\"https:\/\/stpierre-teille.fr\/wp-content\/uploads\/2016\/01\/DSC07096-225x300.jpg 225w, https:\/\/stpierre-teille.fr\/wp-content\/uploads\/2016\/01\/DSC07096-768x1024.jpg 768w, https:\/\/stpierre-teille.fr\/wp-content\/uploads\/2016\/01\/DSC07096.jpg 1152w\" sizes=\"auto, (max-width: 225px) 100vw, 225px\" \/><\/a><\/p>\n","protected":false},"excerpt":{"rendered":"<p>Le 18 d\u00e9cembre au matin, les enfants ont eu la joie d&rsquo;assister \u00e0 un spectacle de Jean-Yves Bardoul. A partir d&rsquo;\u00e9l\u00e9ments de la nature, il nous a montr\u00e9 comment cr\u00e9er des objets insolites pour faire de la musique tout en nous racontant des petites histoires. Certains enfants ont pu monter sur sc\u00e8ne et tous ont&hellip; <br \/> <a class=\"read-more\" href=\"https:\/\/stpierre-teille.fr\/?p=547\">Lire la suite<\/a><\/p>\n","protected":false},"author":1,"featured_media":0,"comment_status":"closed","ping_status":"closed","sticky":false,"template":"","format":"standard","meta":{"ngg_post_thumbnail":0,"footnotes":""},"categories":[9],"tags":[],"class_list":["post-547","post","type-post","status-publish","format-standard","hentry","category-vie-des-classes"],"_links":{"self":[{"href":"https:\/\/stpierre-teille.fr\/index.php?rest_route=\/wp\/v2\/posts\/547","targetHints":{"allow":["GET"]}}],"collection":[{"href":"https:\/\/stpierre-teille.fr\/index.php?rest_route=\/wp\/v2\/posts"}],"about":[{"href":"https:\/\/stpierre-teille.fr\/index.php?rest_route=\/wp\/v2\/types\/post"}],"author":[{"embeddable":true,"href":"https:\/\/stpierre-teille.fr\/index.php?rest_route=\/wp\/v2\/users\/1"}],"replies":[{"embeddable":true,"href":"https:\/\/stpierre-teille.fr\/index.php?rest_route=%2Fwp%2Fv2%2Fcomments&post=547"}],"version-history":[{"count":0,"href":"https:\/\/stpierre-teille.fr\/index.php?rest_route=\/wp\/v2\/posts\/547\/revisions"}],"wp:attachment":[{"href":"https:\/\/stpierre-teille.fr\/index.php?rest_route=%2Fwp%2Fv2%2Fmedia&parent=547"}],"wp:term":[{"taxonomy":"category","embeddable":true,"href":"https:\/\/stpierre-teille.fr\/index.php?rest_route=%2Fwp%2Fv2%2Fcategories&post=547"},{"taxonomy":"post_tag","embeddable":true,"href":"https:\/\/stpierre-teille.fr\/index.php?rest_route=%2Fwp%2Fv2%2Ftags&post=547"}],"curies":[{"name":"wp","href":"https:\/\/api.w.org\/{rel}","templated":true}]}}