{"id":541,"date":"2015-12-30T10:05:23","date_gmt":"2015-12-30T09:05:23","guid":{"rendered":"https:\/\/stpierre-teille.fr\/?p=541"},"modified":"2015-12-30T10:05:38","modified_gmt":"2015-12-30T09:05:38","slug":"exposition-sur-les-guerres-1914-1918-et-1939-1945","status":"publish","type":"post","link":"https:\/\/stpierre-teille.fr\/?p=541","title":{"rendered":"Exposition sur les guerres 1914-1918 et 1939-1945"},"content":{"rendered":"<p>L\u2019ARMAT nous a propos\u00e9 la visite d\u2019une exposition portant sur la p\u00e9riode de la guerre 1914-1918 et celle de 1939-1945 dans la salle municipale. Cette visite \u00e9tait destin\u00e9e aux \u00e9l\u00e8ves de CE2, CM1 et CM2.<br \/>\nNous nous y sommes rendus le vendredi 13 novembre 2015 de 9 h 15 \u00e0 10 h 15.<br \/>\n<a href=\"https:\/\/stpierre-teille.fr\/wp-content\/uploads\/2015\/12\/DSCF0640.jpg\" rel=\"attachment wp-att-535\"><img loading=\"lazy\" decoding=\"async\" class=\"size-medium wp-image-535 alignleft\" src=\"https:\/\/stpierre-teille.fr\/wp-content\/uploads\/2015\/12\/DSCF0640-300x225.jpg\" alt=\"DSCF0640\" width=\"300\" height=\"225\" srcset=\"https:\/\/stpierre-teille.fr\/wp-content\/uploads\/2015\/12\/DSCF0640-300x225.jpg 300w, https:\/\/stpierre-teille.fr\/wp-content\/uploads\/2015\/12\/DSCF0640-768x576.jpg 768w, https:\/\/stpierre-teille.fr\/wp-content\/uploads\/2015\/12\/DSCF0640-1024x768.jpg 1024w, https:\/\/stpierre-teille.fr\/wp-content\/uploads\/2015\/12\/DSCF0640-960x720.jpg 960w, https:\/\/stpierre-teille.fr\/wp-content\/uploads\/2015\/12\/DSCF0640-480x360.jpg 480w, https:\/\/stpierre-teille.fr\/wp-content\/uploads\/2015\/12\/DSCF0640-320x240.jpg 320w, https:\/\/stpierre-teille.fr\/wp-content\/uploads\/2015\/12\/DSCF0640-240x180.jpg 240w, https:\/\/stpierre-teille.fr\/wp-content\/uploads\/2015\/12\/DSCF0640.jpg 2048w\" sizes=\"auto, (max-width: 300px) 100vw, 300px\" \/><\/a><a href=\"https:\/\/stpierre-teille.fr\/wp-content\/uploads\/2015\/12\/DSCF0642.jpg\" rel=\"attachment wp-att-537\"><img loading=\"lazy\" decoding=\"async\" class=\"size-medium wp-image-537 alignright\" src=\"https:\/\/stpierre-teille.fr\/wp-content\/uploads\/2015\/12\/DSCF0642-300x225.jpg\" alt=\"DSCF0642\" width=\"300\" height=\"225\" srcset=\"https:\/\/stpierre-teille.fr\/wp-content\/uploads\/2015\/12\/DSCF0642-300x225.jpg 300w, https:\/\/stpierre-teille.fr\/wp-content\/uploads\/2015\/12\/DSCF0642-768x576.jpg 768w, https:\/\/stpierre-teille.fr\/wp-content\/uploads\/2015\/12\/DSCF0642-1024x768.jpg 1024w, https:\/\/stpierre-teille.fr\/wp-content\/uploads\/2015\/12\/DSCF0642-960x720.jpg 960w, https:\/\/stpierre-teille.fr\/wp-content\/uploads\/2015\/12\/DSCF0642-480x360.jpg 480w, https:\/\/stpierre-teille.fr\/wp-content\/uploads\/2015\/12\/DSCF0642-320x240.jpg 320w, https:\/\/stpierre-teille.fr\/wp-content\/uploads\/2015\/12\/DSCF0642-240x180.jpg 240w, https:\/\/stpierre-teille.fr\/wp-content\/uploads\/2015\/12\/DSCF0642.jpg 2048w\" sizes=\"auto, (max-width: 300px) 100vw, 300px\" \/><\/a><a href=\"https:\/\/stpierre-teille.fr\/wp-content\/uploads\/2015\/12\/DSCF0643.jpg\" rel=\"attachment wp-att-538\"><img loading=\"lazy\" decoding=\"async\" class=\"aligncenter size-medium wp-image-538\" src=\"https:\/\/stpierre-teille.fr\/wp-content\/uploads\/2015\/12\/DSCF0643-300x225.jpg\" alt=\"DSCF0643\" width=\"300\" height=\"225\" srcset=\"https:\/\/stpierre-teille.fr\/wp-content\/uploads\/2015\/12\/DSCF0643-300x225.jpg 300w, https:\/\/stpierre-teille.fr\/wp-content\/uploads\/2015\/12\/DSCF0643-768x576.jpg 768w, https:\/\/stpierre-teille.fr\/wp-content\/uploads\/2015\/12\/DSCF0643-1024x768.jpg 1024w, https:\/\/stpierre-teille.fr\/wp-content\/uploads\/2015\/12\/DSCF0643-960x720.jpg 960w, https:\/\/stpierre-teille.fr\/wp-content\/uploads\/2015\/12\/DSCF0643-480x360.jpg 480w, https:\/\/stpierre-teille.fr\/wp-content\/uploads\/2015\/12\/DSCF0643-320x240.jpg 320w, https:\/\/stpierre-teille.fr\/wp-content\/uploads\/2015\/12\/DSCF0643-240x180.jpg 240w, https:\/\/stpierre-teille.fr\/wp-content\/uploads\/2015\/12\/DSCF0643.jpg 2048w\" sizes=\"auto, (max-width: 300px) 100vw, 300px\" \/><\/a><\/p>\n<p><strong>Quelques r\u00e9flexions d&rsquo;enfants :<\/strong><\/p>\n<p>\u00ab\u00a0On a vu des dossiers avec les dates de d\u00e9c\u00e8s et pourquoi ils sont morts \u00a0\u00bb<\/p>\n<p>\u00ab\u00a0J&rsquo;ai appris plein de choses sur Charles de Gaulle et Hitler\u00a0\u00bb<\/p>\n<p>\u00ab\u00a0J&rsquo;ai vu la ferme de mon p\u00e9p\u00e9, La maison rouge \u00a0\u00bb<\/p>\n<p>\u00ab\u00a0On a vu les armes utilis\u00e9es pendant la guerre\u00a0\u00bb<\/p>\n<p>\u00ab\u00a0On a vu o\u00f9 se cachaient des r\u00e9sistants, dans le Maquis de Saffr\u00e9\u00a0\u00bb<\/p>\n<p>\u00ab\u00a0La plupart des maquisards sont morts \u00e0 Saffr\u00e9 car il devait y avoir un parachutage d&rsquo;armes par les anglais mais les allemands les ont trouv\u00e9es juste avant\u00a0\u00bb<\/p>\n<p>\u00ab\u00a0On a lu la lettre d&rsquo;un soldat de l&rsquo;\u00e9poque\u00a0\u00bb<\/p>\n<p>&nbsp;<\/p>\n<p>&nbsp;<\/p>\n","protected":false},"excerpt":{"rendered":"<p>L\u2019ARMAT nous a propos\u00e9 la visite d\u2019une exposition portant sur la p\u00e9riode de la guerre 1914-1918 et celle de 1939-1945 dans la salle municipale. Cette visite \u00e9tait destin\u00e9e aux \u00e9l\u00e8ves de CE2, CM1 et CM2. Nous nous y sommes rendus le vendredi 13 novembre 2015 de 9 h 15 \u00e0 10 h 15. Quelques r\u00e9flexions&hellip; <br \/> <a class=\"read-more\" href=\"https:\/\/stpierre-teille.fr\/?p=541\">Lire la suite<\/a><\/p>\n","protected":false},"author":2,"featured_media":0,"comment_status":"closed","ping_status":"closed","sticky":false,"template":"","format":"standard","meta":{"ngg_post_thumbnail":0,"footnotes":""},"categories":[9],"tags":[],"class_list":["post-541","post","type-post","status-publish","format-standard","hentry","category-vie-des-classes"],"_links":{"self":[{"href":"https:\/\/stpierre-teille.fr\/index.php?rest_route=\/wp\/v2\/posts\/541","targetHints":{"allow":["GET"]}}],"collection":[{"href":"https:\/\/stpierre-teille.fr\/index.php?rest_route=\/wp\/v2\/posts"}],"about":[{"href":"https:\/\/stpierre-teille.fr\/index.php?rest_route=\/wp\/v2\/types\/post"}],"author":[{"embeddable":true,"href":"https:\/\/stpierre-teille.fr\/index.php?rest_route=\/wp\/v2\/users\/2"}],"replies":[{"embeddable":true,"href":"https:\/\/stpierre-teille.fr\/index.php?rest_route=%2Fwp%2Fv2%2Fcomments&post=541"}],"version-history":[{"count":0,"href":"https:\/\/stpierre-teille.fr\/index.php?rest_route=\/wp\/v2\/posts\/541\/revisions"}],"wp:attachment":[{"href":"https:\/\/stpierre-teille.fr\/index.php?rest_route=%2Fwp%2Fv2%2Fmedia&parent=541"}],"wp:term":[{"taxonomy":"category","embeddable":true,"href":"https:\/\/stpierre-teille.fr\/index.php?rest_route=%2Fwp%2Fv2%2Fcategories&post=541"},{"taxonomy":"post_tag","embeddable":true,"href":"https:\/\/stpierre-teille.fr\/index.php?rest_route=%2Fwp%2Fv2%2Ftags&post=541"}],"curies":[{"name":"wp","href":"https:\/\/api.w.org\/{rel}","templated":true}]}}