{"id":539,"date":"2015-12-30T09:50:16","date_gmt":"2015-12-30T08:50:16","guid":{"rendered":"https:\/\/stpierre-teille.fr\/?p=539"},"modified":"2015-12-30T09:50:16","modified_gmt":"2015-12-30T08:50:16","slug":"exposition-les-artistes-de-demain","status":"publish","type":"post","link":"https:\/\/stpierre-teille.fr\/?p=539","title":{"rendered":"Exposition \u00ab\u00a0Les artistes de demain\u00a0\u00bb"},"content":{"rendered":"<p>A l\u2019occasion de leurs 25 ans, l\u2019association de Teill\u00e9 \u00ab Les artistes de demain \u00bb nous a propos\u00e9 de visiter une exposition dans la salle municipale. Cette visite \u00e9tait propos\u00e9e aux \u00e9l\u00e8ves de la MS jusqu&rsquo;aux \u00e9l\u00e8ves de CM2 et a eu lieu le mardi 10 novembre 2015.<br \/>\nLes MS, CE2 et CM1 sont all\u00e9s voir l\u2019exposition de 10h30 \u00e0 11h30 avec Gildas et les GS, CP, CE1 et CE2 y sont all\u00e9s de 13h30 \u00e0 14h30 avec Virginie. Lors de cette visite, un travail de recherche sur les techniques, les tableaux, les sculptures, \u2026 a \u00e9t\u00e9 propos\u00e9 aux \u00e9l\u00e8ves.<\/p>\n<p><a href=\"https:\/\/stpierre-teille.fr\/wp-content\/uploads\/2015\/12\/DSCF0636.jpg\" rel=\"attachment wp-att-531\"><img loading=\"lazy\" decoding=\"async\" class=\"aligncenter size-medium wp-image-531\" src=\"https:\/\/stpierre-teille.fr\/wp-content\/uploads\/2015\/12\/DSCF0636-300x225.jpg\" alt=\"DSCF0636\" width=\"300\" height=\"225\" srcset=\"https:\/\/stpierre-teille.fr\/wp-content\/uploads\/2015\/12\/DSCF0636-300x225.jpg 300w, https:\/\/stpierre-teille.fr\/wp-content\/uploads\/2015\/12\/DSCF0636-768x576.jpg 768w, https:\/\/stpierre-teille.fr\/wp-content\/uploads\/2015\/12\/DSCF0636-1024x768.jpg 1024w, https:\/\/stpierre-teille.fr\/wp-content\/uploads\/2015\/12\/DSCF0636-960x720.jpg 960w, https:\/\/stpierre-teille.fr\/wp-content\/uploads\/2015\/12\/DSCF0636-480x360.jpg 480w, https:\/\/stpierre-teille.fr\/wp-content\/uploads\/2015\/12\/DSCF0636-320x240.jpg 320w, https:\/\/stpierre-teille.fr\/wp-content\/uploads\/2015\/12\/DSCF0636-240x180.jpg 240w, https:\/\/stpierre-teille.fr\/wp-content\/uploads\/2015\/12\/DSCF0636.jpg 2048w\" sizes=\"auto, (max-width: 300px) 100vw, 300px\" \/><\/a><\/p>\n<p><strong>Quelques r\u00e9flexions d&rsquo;enfants :<\/strong><\/p>\n<p><em>\u00ab\u00a0On a vu des peintures avec du papier journal et du carton\u00a0\u00bb , \u00ab\u00a0Il y avait de belles sculptures et de de beaux tableaux\u00a0\u00bb, \u00ab\u00a0C&rsquo;\u00e9tait beau\u00a0\u00bb, \u00ab\u00a0J&rsquo;ai bien aim\u00e9 la sculpture du footballeur\u00a0\u00bb, \u00ab\u00a0Les dessins au crayon de bois \u00e9taient jolis\u00a0\u00bb, \u00ab\u00a0Il y avait plein de couleurs, cela montrait des expressions\u00a0\u00bb, \u00ab\u00a0Il y avait beaucoup de d\u00e9tails dans les tableaux\u00a0\u00bb, \u00ab\u00a0L&rsquo;\u00e9l\u00e9phant, on aurait dit que c&rsquo;\u00e9tait un vrai\u00a0\u00bb, \u00ab\u00a0J&rsquo;ai bien aim\u00e9 les tableaux sur lesquels il y avait des instruments de musique\u00a0\u00bb &#8230;.<\/em><\/p>\n<p><a href=\"https:\/\/stpierre-teille.fr\/wp-content\/uploads\/2015\/12\/DSCF0627-e1451465120877.jpg\" rel=\"attachment wp-att-522\"><img loading=\"lazy\" decoding=\"async\" class=\"size-medium wp-image-522 alignleft\" src=\"https:\/\/stpierre-teille.fr\/wp-content\/uploads\/2015\/12\/DSCF0627-e1451465120877-225x300.jpg\" alt=\"DSCF0627\" width=\"225\" height=\"300\" srcset=\"https:\/\/stpierre-teille.fr\/wp-content\/uploads\/2015\/12\/DSCF0627-e1451465120877-225x300.jpg 225w, https:\/\/stpierre-teille.fr\/wp-content\/uploads\/2015\/12\/DSCF0627-e1451465120877-768x1024.jpg 768w, https:\/\/stpierre-teille.fr\/wp-content\/uploads\/2015\/12\/DSCF0627-e1451465120877.jpg 1536w\" sizes=\"auto, (max-width: 225px) 100vw, 225px\" \/><\/a> <a href=\"https:\/\/stpierre-teille.fr\/wp-content\/uploads\/2015\/11\/IMAG0384.jpg\" rel=\"attachment wp-att-507\"><img loading=\"lazy\" decoding=\"async\" class=\"size-medium wp-image-507 alignright\" src=\"https:\/\/stpierre-teille.fr\/wp-content\/uploads\/2015\/11\/IMAG0384-168x300.jpg\" alt=\"IMAG0384\" width=\"168\" height=\"300\" srcset=\"https:\/\/stpierre-teille.fr\/wp-content\/uploads\/2015\/11\/IMAG0384-168x300.jpg 168w, https:\/\/stpierre-teille.fr\/wp-content\/uploads\/2015\/11\/IMAG0384-574x1024.jpg 574w, https:\/\/stpierre-teille.fr\/wp-content\/uploads\/2015\/11\/IMAG0384.jpg 1148w\" sizes=\"auto, (max-width: 168px) 100vw, 168px\" \/><\/a><\/p>\n<p><a href=\"https:\/\/stpierre-teille.fr\/wp-content\/uploads\/2015\/11\/IMAG0389.jpg\" rel=\"attachment wp-att-508\"><img loading=\"lazy\" decoding=\"async\" class=\"aligncenter size-medium wp-image-508\" src=\"https:\/\/stpierre-teille.fr\/wp-content\/uploads\/2015\/11\/IMAG0389-168x300.jpg\" alt=\"IMAG0389\" width=\"168\" height=\"300\" srcset=\"https:\/\/stpierre-teille.fr\/wp-content\/uploads\/2015\/11\/IMAG0389-168x300.jpg 168w, https:\/\/stpierre-teille.fr\/wp-content\/uploads\/2015\/11\/IMAG0389-574x1024.jpg 574w, https:\/\/stpierre-teille.fr\/wp-content\/uploads\/2015\/11\/IMAG0389.jpg 1148w\" sizes=\"auto, (max-width: 168px) 100vw, 168px\" \/><\/a><\/p>\n","protected":false},"excerpt":{"rendered":"<p>A l\u2019occasion de leurs 25 ans, l\u2019association de Teill\u00e9 \u00ab Les artistes de demain \u00bb nous a propos\u00e9 de visiter une exposition dans la salle municipale. Cette visite \u00e9tait propos\u00e9e aux \u00e9l\u00e8ves de la MS jusqu&rsquo;aux \u00e9l\u00e8ves de CM2 et a eu lieu le mardi 10 novembre 2015. Les MS, CE2 et CM1 sont all\u00e9s&hellip; <br \/> <a class=\"read-more\" href=\"https:\/\/stpierre-teille.fr\/?p=539\">Lire la suite<\/a><\/p>\n","protected":false},"author":2,"featured_media":0,"comment_status":"closed","ping_status":"closed","sticky":false,"template":"","format":"standard","meta":{"ngg_post_thumbnail":0,"footnotes":""},"categories":[9],"tags":[],"class_list":["post-539","post","type-post","status-publish","format-standard","hentry","category-vie-des-classes"],"_links":{"self":[{"href":"https:\/\/stpierre-teille.fr\/index.php?rest_route=\/wp\/v2\/posts\/539","targetHints":{"allow":["GET"]}}],"collection":[{"href":"https:\/\/stpierre-teille.fr\/index.php?rest_route=\/wp\/v2\/posts"}],"about":[{"href":"https:\/\/stpierre-teille.fr\/index.php?rest_route=\/wp\/v2\/types\/post"}],"author":[{"embeddable":true,"href":"https:\/\/stpierre-teille.fr\/index.php?rest_route=\/wp\/v2\/users\/2"}],"replies":[{"embeddable":true,"href":"https:\/\/stpierre-teille.fr\/index.php?rest_route=%2Fwp%2Fv2%2Fcomments&post=539"}],"version-history":[{"count":0,"href":"https:\/\/stpierre-teille.fr\/index.php?rest_route=\/wp\/v2\/posts\/539\/revisions"}],"wp:attachment":[{"href":"https:\/\/stpierre-teille.fr\/index.php?rest_route=%2Fwp%2Fv2%2Fmedia&parent=539"}],"wp:term":[{"taxonomy":"category","embeddable":true,"href":"https:\/\/stpierre-teille.fr\/index.php?rest_route=%2Fwp%2Fv2%2Fcategories&post=539"},{"taxonomy":"post_tag","embeddable":true,"href":"https:\/\/stpierre-teille.fr\/index.php?rest_route=%2Fwp%2Fv2%2Ftags&post=539"}],"curies":[{"name":"wp","href":"https:\/\/api.w.org\/{rel}","templated":true}]}}