{"id":512,"date":"2016-01-12T19:08:39","date_gmt":"2016-01-12T18:08:39","guid":{"rendered":"https:\/\/stpierre-teille.fr\/?p=512"},"modified":"2016-01-12T19:08:39","modified_gmt":"2016-01-12T18:08:39","slug":"repetition-chants-de-noel-avec-la-maison-de-retraite","status":"publish","type":"post","link":"https:\/\/stpierre-teille.fr\/?p=512","title":{"rendered":"R\u00e9p\u00e9tition chants de No\u00ebl avec la maison de retraite"},"content":{"rendered":"<p>Le 12 d\u00e9cembre dernier, nous nous sommes entra\u00een\u00e9s avec Tiburce \u00e0 la maison de retraite pour les chants de No\u00ebl.<\/p>\n<p>Le concert de No\u00ebl \u00e9tant pr\u00e9vu \u00e0 l&rsquo;\u00e9glise de Teill\u00e9 le 18 d\u00e9cembre,\u00a0<a href=\"https:\/\/stpierre-teille.fr\/wp-content\/uploads\/2016\/01\/DSC06921.jpg\" rel=\"attachment wp-att-544\"><img loading=\"lazy\" decoding=\"async\" class=\"size-medium wp-image-544 alignright\" src=\"https:\/\/stpierre-teille.fr\/wp-content\/uploads\/2016\/01\/DSC06921-300x225.jpg\" alt=\"DSC06921\" width=\"300\" height=\"225\" srcset=\"https:\/\/stpierre-teille.fr\/wp-content\/uploads\/2016\/01\/DSC06921-300x225.jpg 300w, https:\/\/stpierre-teille.fr\/wp-content\/uploads\/2016\/01\/DSC06921-768x576.jpg 768w, https:\/\/stpierre-teille.fr\/wp-content\/uploads\/2016\/01\/DSC06921-1024x768.jpg 1024w, https:\/\/stpierre-teille.fr\/wp-content\/uploads\/2016\/01\/DSC06921-960x720.jpg 960w, https:\/\/stpierre-teille.fr\/wp-content\/uploads\/2016\/01\/DSC06921-480x360.jpg 480w, https:\/\/stpierre-teille.fr\/wp-content\/uploads\/2016\/01\/DSC06921-320x240.jpg 320w, https:\/\/stpierre-teille.fr\/wp-content\/uploads\/2016\/01\/DSC06921-240x180.jpg 240w, https:\/\/stpierre-teille.fr\/wp-content\/uploads\/2016\/01\/DSC06921.jpg 2048w\" sizes=\"auto, (max-width: 300px) 100vw, 300px\" \/><\/a>nous avions h\u00e2te d&rsquo;y \u00eatre !<\/p>\n","protected":false},"excerpt":{"rendered":"<p>Le 12 d\u00e9cembre dernier, nous nous sommes entra\u00een\u00e9s avec Tiburce \u00e0 la maison de retraite pour les chants de No\u00ebl. Le concert de No\u00ebl \u00e9tant pr\u00e9vu \u00e0 l&rsquo;\u00e9glise de Teill\u00e9 le 18 d\u00e9cembre,\u00a0nous avions h\u00e2te d&rsquo;y \u00eatre !<\/p>\n","protected":false},"author":1,"featured_media":0,"comment_status":"closed","ping_status":"closed","sticky":false,"template":"","format":"standard","meta":{"ngg_post_thumbnail":0,"footnotes":""},"categories":[9],"tags":[],"class_list":["post-512","post","type-post","status-publish","format-standard","hentry","category-vie-des-classes"],"_links":{"self":[{"href":"https:\/\/stpierre-teille.fr\/index.php?rest_route=\/wp\/v2\/posts\/512","targetHints":{"allow":["GET"]}}],"collection":[{"href":"https:\/\/stpierre-teille.fr\/index.php?rest_route=\/wp\/v2\/posts"}],"about":[{"href":"https:\/\/stpierre-teille.fr\/index.php?rest_route=\/wp\/v2\/types\/post"}],"author":[{"embeddable":true,"href":"https:\/\/stpierre-teille.fr\/index.php?rest_route=\/wp\/v2\/users\/1"}],"replies":[{"embeddable":true,"href":"https:\/\/stpierre-teille.fr\/index.php?rest_route=%2Fwp%2Fv2%2Fcomments&post=512"}],"version-history":[{"count":0,"href":"https:\/\/stpierre-teille.fr\/index.php?rest_route=\/wp\/v2\/posts\/512\/revisions"}],"wp:attachment":[{"href":"https:\/\/stpierre-teille.fr\/index.php?rest_route=%2Fwp%2Fv2%2Fmedia&parent=512"}],"wp:term":[{"taxonomy":"category","embeddable":true,"href":"https:\/\/stpierre-teille.fr\/index.php?rest_route=%2Fwp%2Fv2%2Fcategories&post=512"},{"taxonomy":"post_tag","embeddable":true,"href":"https:\/\/stpierre-teille.fr\/index.php?rest_route=%2Fwp%2Fv2%2Ftags&post=512"}],"curies":[{"name":"wp","href":"https:\/\/api.w.org\/{rel}","templated":true}]}}