{"id":488,"date":"2015-11-19T13:27:26","date_gmt":"2015-11-19T12:27:26","guid":{"rendered":"https:\/\/stpierre-teille.fr\/?p=488"},"modified":"2015-11-19T13:27:26","modified_gmt":"2015-11-19T12:27:26","slug":"celebration-de-la-toussaint","status":"publish","type":"post","link":"https:\/\/stpierre-teille.fr\/?p=488","title":{"rendered":"C\u00e9l\u00e9bration de la Toussaint"},"content":{"rendered":"<p>Juste avant les vacances, nous nous sommes tous r\u00e9unis dans la salle de motricit\u00e9 pour c\u00e9l\u00e9brer la Toussaint.<\/p>\n<p><a href=\"https:\/\/stpierre-teille.fr\/wp-content\/uploads\/2015\/11\/P1030389-2.jpg\"><img loading=\"lazy\" decoding=\"async\" class=\"wp-image-490 alignleft\" src=\"https:\/\/stpierre-teille.fr\/wp-content\/uploads\/2015\/11\/P1030389-2-300x243.jpg\" alt=\"P1030389 (2)\" width=\"217\" height=\"175\" srcset=\"https:\/\/stpierre-teille.fr\/wp-content\/uploads\/2015\/11\/P1030389-2-300x243.jpg 300w, https:\/\/stpierre-teille.fr\/wp-content\/uploads\/2015\/11\/P1030389-2-1024x828.jpg 1024w, https:\/\/stpierre-teille.fr\/wp-content\/uploads\/2015\/11\/P1030389-2-960x768.jpg 960w, https:\/\/stpierre-teille.fr\/wp-content\/uploads\/2015\/11\/P1030389-2-480x384.jpg 480w, https:\/\/stpierre-teille.fr\/wp-content\/uploads\/2015\/11\/P1030389-2-320x256.jpg 320w, https:\/\/stpierre-teille.fr\/wp-content\/uploads\/2015\/11\/P1030389-2-240x192.jpg 240w, https:\/\/stpierre-teille.fr\/wp-content\/uploads\/2015\/11\/P1030389-2.jpg 2048w\" sizes=\"auto, (max-width: 217px) 100vw, 217px\" \/><\/a><\/p>\n<p>Nous avons \u00e9t\u00e9 accueillis avec un chant que la classe de Gildas apprenait: <em>Le chemin de la vie<\/em>.<\/p>\n<p>Chaque enfant a pu s&rsquo;exprimer sur ce qu&rsquo;il savait sur les Saints. Nous les retrouvons sur le calendrier, certains enfants ont un Saint et d&rsquo;autres non.<\/p>\n<p>Nous avons visionn\u00e9 un tableau repr\u00e9sentant une assembl\u00e9e autour de J\u00e9sus avec des Saints et des Saintes.<\/p>\n<p><a href=\"https:\/\/stpierre-teille.fr\/wp-content\/uploads\/2015\/11\/P1030393-2.jpg\"><img loading=\"lazy\" decoding=\"async\" class=\"aligncenter wp-image-491\" src=\"https:\/\/stpierre-teille.fr\/wp-content\/uploads\/2015\/11\/P1030393-2-300x226.jpg\" alt=\"P1030393 (2)\" width=\"217\" height=\"164\" srcset=\"https:\/\/stpierre-teille.fr\/wp-content\/uploads\/2015\/11\/P1030393-2-300x226.jpg 300w, https:\/\/stpierre-teille.fr\/wp-content\/uploads\/2015\/11\/P1030393-2-1024x772.jpg 1024w, https:\/\/stpierre-teille.fr\/wp-content\/uploads\/2015\/11\/P1030393-2-960x720.jpg 960w, https:\/\/stpierre-teille.fr\/wp-content\/uploads\/2015\/11\/P1030393-2-480x360.jpg 480w, https:\/\/stpierre-teille.fr\/wp-content\/uploads\/2015\/11\/P1030393-2-320x240.jpg 320w, https:\/\/stpierre-teille.fr\/wp-content\/uploads\/2015\/11\/P1030393-2-240x180.jpg 240w, https:\/\/stpierre-teille.fr\/wp-content\/uploads\/2015\/11\/P1030393-2.jpg 2048w\" sizes=\"auto, (max-width: 217px) 100vw, 217px\" \/><\/a><\/p>\n<p>Nous avons \u00e9voqu\u00e9 le Saint patron de l&rsquo;\u00e9cole: Saint Pierre.<\/p>\n<p>Puis chacun leur tour, les enfants sont all\u00e9s accrocher un m\u00e9daillon o\u00f9 \u00e9tait inscrit\u00a0son pr\u00e9nom sur des branches d&rsquo;arbre.<\/p>\n<p><a href=\"https:\/\/stpierre-teille.fr\/wp-content\/uploads\/2015\/11\/P1030399.jpg\"><br \/>\n<\/a><a href=\"https:\/\/stpierre-teille.fr\/wp-content\/uploads\/2015\/11\/P1030398.jpg\"><img loading=\"lazy\" decoding=\"async\" class=\"wp-image-493 alignright\" src=\"https:\/\/stpierre-teille.fr\/wp-content\/uploads\/2015\/11\/P1030398-300x225.jpg\" alt=\"P1030398\" width=\"217\" height=\"163\" srcset=\"https:\/\/stpierre-teille.fr\/wp-content\/uploads\/2015\/11\/P1030398-300x225.jpg 300w, https:\/\/stpierre-teille.fr\/wp-content\/uploads\/2015\/11\/P1030398-1024x768.jpg 1024w, https:\/\/stpierre-teille.fr\/wp-content\/uploads\/2015\/11\/P1030398-960x720.jpg 960w, https:\/\/stpierre-teille.fr\/wp-content\/uploads\/2015\/11\/P1030398-480x360.jpg 480w, https:\/\/stpierre-teille.fr\/wp-content\/uploads\/2015\/11\/P1030398-320x240.jpg 320w, https:\/\/stpierre-teille.fr\/wp-content\/uploads\/2015\/11\/P1030398-240x180.jpg 240w, https:\/\/stpierre-teille.fr\/wp-content\/uploads\/2015\/11\/P1030398.jpg 2048w\" sizes=\"auto, (max-width: 217px) 100vw, 217px\" \/><\/a><a href=\"https:\/\/stpierre-teille.fr\/wp-content\/uploads\/2015\/11\/P1030395.jpg\"><img loading=\"lazy\" decoding=\"async\" class=\"wp-image-492 alignleft\" src=\"https:\/\/stpierre-teille.fr\/wp-content\/uploads\/2015\/11\/P1030395-300x225.jpg\" alt=\"P1030395\" width=\"217\" height=\"163\" srcset=\"https:\/\/stpierre-teille.fr\/wp-content\/uploads\/2015\/11\/P1030395-300x225.jpg 300w, https:\/\/stpierre-teille.fr\/wp-content\/uploads\/2015\/11\/P1030395-1024x768.jpg 1024w, https:\/\/stpierre-teille.fr\/wp-content\/uploads\/2015\/11\/P1030395-960x720.jpg 960w, https:\/\/stpierre-teille.fr\/wp-content\/uploads\/2015\/11\/P1030395-480x360.jpg 480w, https:\/\/stpierre-teille.fr\/wp-content\/uploads\/2015\/11\/P1030395-320x240.jpg 320w, https:\/\/stpierre-teille.fr\/wp-content\/uploads\/2015\/11\/P1030395-240x180.jpg 240w, https:\/\/stpierre-teille.fr\/wp-content\/uploads\/2015\/11\/P1030395.jpg 2048w\" sizes=\"auto, (max-width: 217px) 100vw, 217px\" \/><br \/>\n<img loading=\"lazy\" decoding=\"async\" class=\"wp-image-494 aligncenter\" src=\"https:\/\/stpierre-teille.fr\/wp-content\/uploads\/2015\/11\/P1030399-300x225.jpg\" alt=\"P1030399\" width=\"227\" height=\"170\" srcset=\"https:\/\/stpierre-teille.fr\/wp-content\/uploads\/2015\/11\/P1030399-300x225.jpg 300w, https:\/\/stpierre-teille.fr\/wp-content\/uploads\/2015\/11\/P1030399-1024x768.jpg 1024w, https:\/\/stpierre-teille.fr\/wp-content\/uploads\/2015\/11\/P1030399-960x720.jpg 960w, https:\/\/stpierre-teille.fr\/wp-content\/uploads\/2015\/11\/P1030399-480x360.jpg 480w, https:\/\/stpierre-teille.fr\/wp-content\/uploads\/2015\/11\/P1030399-320x240.jpg 320w, https:\/\/stpierre-teille.fr\/wp-content\/uploads\/2015\/11\/P1030399-240x180.jpg 240w, https:\/\/stpierre-teille.fr\/wp-content\/uploads\/2015\/11\/P1030399.jpg 2048w\" sizes=\"auto, (max-width: 227px) 100vw, 227px\" \/><br \/>\n<\/a><\/p>\n","protected":false},"excerpt":{"rendered":"<p>Juste avant les vacances, nous nous sommes tous r\u00e9unis dans la salle de motricit\u00e9 pour c\u00e9l\u00e9brer la Toussaint. Nous avons \u00e9t\u00e9 accueillis avec un chant que la classe de Gildas apprenait: Le chemin de la vie. Chaque enfant a pu s&rsquo;exprimer sur ce qu&rsquo;il savait sur les Saints. Nous les retrouvons sur le calendrier, certains&hellip; <br \/> <a class=\"read-more\" href=\"https:\/\/stpierre-teille.fr\/?p=488\">Lire la suite<\/a><\/p>\n","protected":false},"author":3,"featured_media":0,"comment_status":"closed","ping_status":"closed","sticky":false,"template":"","format":"standard","meta":{"ngg_post_thumbnail":0,"footnotes":""},"categories":[9],"tags":[],"class_list":["post-488","post","type-post","status-publish","format-standard","hentry","category-vie-des-classes"],"_links":{"self":[{"href":"https:\/\/stpierre-teille.fr\/index.php?rest_route=\/wp\/v2\/posts\/488","targetHints":{"allow":["GET"]}}],"collection":[{"href":"https:\/\/stpierre-teille.fr\/index.php?rest_route=\/wp\/v2\/posts"}],"about":[{"href":"https:\/\/stpierre-teille.fr\/index.php?rest_route=\/wp\/v2\/types\/post"}],"author":[{"embeddable":true,"href":"https:\/\/stpierre-teille.fr\/index.php?rest_route=\/wp\/v2\/users\/3"}],"replies":[{"embeddable":true,"href":"https:\/\/stpierre-teille.fr\/index.php?rest_route=%2Fwp%2Fv2%2Fcomments&post=488"}],"version-history":[{"count":0,"href":"https:\/\/stpierre-teille.fr\/index.php?rest_route=\/wp\/v2\/posts\/488\/revisions"}],"wp:attachment":[{"href":"https:\/\/stpierre-teille.fr\/index.php?rest_route=%2Fwp%2Fv2%2Fmedia&parent=488"}],"wp:term":[{"taxonomy":"category","embeddable":true,"href":"https:\/\/stpierre-teille.fr\/index.php?rest_route=%2Fwp%2Fv2%2Fcategories&post=488"},{"taxonomy":"post_tag","embeddable":true,"href":"https:\/\/stpierre-teille.fr\/index.php?rest_route=%2Fwp%2Fv2%2Ftags&post=488"}],"curies":[{"name":"wp","href":"https:\/\/api.w.org\/{rel}","templated":true}]}}