{"id":473,"date":"2015-09-25T08:24:12","date_gmt":"2015-09-25T07:24:12","guid":{"rendered":"https:\/\/stpierre-teille.fr\/?p=473"},"modified":"2015-09-25T08:24:12","modified_gmt":"2015-09-25T07:24:12","slug":"visite-des-eleves-de-cycle-3-au-musee-de-larmat","status":"publish","type":"post","link":"https:\/\/stpierre-teille.fr\/?p=473","title":{"rendered":"VISITE DES ELEVES DE CYCLE 3 AU MUSEE DE L&rsquo;ARMAT"},"content":{"rendered":"<p><strong>Le vendredi 18 septembre, nous nous sommes rendus au mus\u00e9e de l&rsquo;ARMAT o\u00f9 une animation sur les moulins de Teill\u00e9 nous a \u00e9t\u00e9 propos\u00e9e.<\/strong><\/p>\n<p><a href=\"https:\/\/stpierre-teille.fr\/wp-content\/uploads\/2015\/09\/DSCF0597-e1443165739797.jpg\"><img loading=\"lazy\" decoding=\"async\" class=\"aligncenter wp-image-482 size-medium\" src=\"https:\/\/stpierre-teille.fr\/wp-content\/uploads\/2015\/09\/DSCF0597-300x225.jpg\" alt=\"DSCF0597\" width=\"300\" height=\"225\" \/><\/a><\/p>\n<p><strong>Nous avons appris de nombreuses choses. <\/strong><\/p>\n<p><strong>Il y avait 6 moulins \u00e0 Teill\u00e9 : 5 moulins \u00e0 tour et 1 moulin \u00e0 pivot.<\/strong><\/p>\n<p><strong>Le dernier moulin en activit\u00e9 \u00e9tait celui de la famille ROUSSEL. Paul ROUSSEL nous a parl\u00e9 de ce moulin. Son p\u00e8re avait invent\u00e9 une machine \u00e0 vapeur pour faire tourner le moulin quand il n&rsquo;y avait pas de vent. Les sacs de grains pesaient jusqu&rsquo;\u00e0 60 kg. Parfois, le meunier s&rsquo;endormait sur ses sacs de bl\u00e9 quand il \u00e9tait fatigu\u00e9 apr\u00e8s sa journ\u00e9e.<\/strong><\/p>\n<p><a href=\"https:\/\/stpierre-teille.fr\/wp-content\/uploads\/2015\/09\/DSCF0593.jpg\"><img loading=\"lazy\" decoding=\"async\" class=\"aligncenter wp-image-478 size-medium\" src=\"https:\/\/stpierre-teille.fr\/wp-content\/uploads\/2015\/09\/DSCF0593-300x225.jpg\" alt=\"DSCF0593\" width=\"300\" height=\"225\" srcset=\"https:\/\/stpierre-teille.fr\/wp-content\/uploads\/2015\/09\/DSCF0593-300x225.jpg 300w, https:\/\/stpierre-teille.fr\/wp-content\/uploads\/2015\/09\/DSCF0593-1024x768.jpg 1024w, https:\/\/stpierre-teille.fr\/wp-content\/uploads\/2015\/09\/DSCF0593-960x720.jpg 960w, https:\/\/stpierre-teille.fr\/wp-content\/uploads\/2015\/09\/DSCF0593-480x360.jpg 480w, https:\/\/stpierre-teille.fr\/wp-content\/uploads\/2015\/09\/DSCF0593-320x240.jpg 320w, https:\/\/stpierre-teille.fr\/wp-content\/uploads\/2015\/09\/DSCF0593-240x180.jpg 240w, https:\/\/stpierre-teille.fr\/wp-content\/uploads\/2015\/09\/DSCF0593.jpg 2048w\" sizes=\"auto, (max-width: 300px) 100vw, 300px\" \/><\/a><\/p>\n","protected":false},"excerpt":{"rendered":"<p>Le vendredi 18 septembre, nous nous sommes rendus au mus\u00e9e de l&rsquo;ARMAT o\u00f9 une animation sur les moulins de Teill\u00e9 nous a \u00e9t\u00e9 propos\u00e9e. Nous avons appris de nombreuses choses. Il y avait 6 moulins \u00e0 Teill\u00e9 : 5 moulins \u00e0 tour et 1 moulin \u00e0 pivot. Le dernier moulin en activit\u00e9 \u00e9tait celui de&hellip; <br \/> <a class=\"read-more\" href=\"https:\/\/stpierre-teille.fr\/?p=473\">Lire la suite<\/a><\/p>\n","protected":false},"author":2,"featured_media":0,"comment_status":"closed","ping_status":"closed","sticky":false,"template":"","format":"standard","meta":{"ngg_post_thumbnail":0,"footnotes":""},"categories":[9],"tags":[],"class_list":["post-473","post","type-post","status-publish","format-standard","hentry","category-vie-des-classes"],"_links":{"self":[{"href":"https:\/\/stpierre-teille.fr\/index.php?rest_route=\/wp\/v2\/posts\/473","targetHints":{"allow":["GET"]}}],"collection":[{"href":"https:\/\/stpierre-teille.fr\/index.php?rest_route=\/wp\/v2\/posts"}],"about":[{"href":"https:\/\/stpierre-teille.fr\/index.php?rest_route=\/wp\/v2\/types\/post"}],"author":[{"embeddable":true,"href":"https:\/\/stpierre-teille.fr\/index.php?rest_route=\/wp\/v2\/users\/2"}],"replies":[{"embeddable":true,"href":"https:\/\/stpierre-teille.fr\/index.php?rest_route=%2Fwp%2Fv2%2Fcomments&post=473"}],"version-history":[{"count":0,"href":"https:\/\/stpierre-teille.fr\/index.php?rest_route=\/wp\/v2\/posts\/473\/revisions"}],"wp:attachment":[{"href":"https:\/\/stpierre-teille.fr\/index.php?rest_route=%2Fwp%2Fv2%2Fmedia&parent=473"}],"wp:term":[{"taxonomy":"category","embeddable":true,"href":"https:\/\/stpierre-teille.fr\/index.php?rest_route=%2Fwp%2Fv2%2Fcategories&post=473"},{"taxonomy":"post_tag","embeddable":true,"href":"https:\/\/stpierre-teille.fr\/index.php?rest_route=%2Fwp%2Fv2%2Ftags&post=473"}],"curies":[{"name":"wp","href":"https:\/\/api.w.org\/{rel}","templated":true}]}}