{"id":432,"date":"2015-09-14T11:55:08","date_gmt":"2015-09-14T10:55:08","guid":{"rendered":"https:\/\/stpierre-teille.fr\/?p=432"},"modified":"2015-09-16T18:00:26","modified_gmt":"2015-09-16T17:00:26","slug":"lassemblee-de-rentree","status":"publish","type":"post","link":"https:\/\/stpierre-teille.fr\/?p=432","title":{"rendered":"L&rsquo;assembl\u00e9e de rentr\u00e9e"},"content":{"rendered":"<p>Nous nous sommes r\u00e9unis lundi matin 7 septembre dans la salle de motricit\u00e9 avec toute l&rsquo;\u00e9cole.<\/p>\n<p><a href=\"https:\/\/stpierre-teille.fr\/wp-content\/uploads\/2015\/09\/P1030288.jpg\"><img loading=\"lazy\" decoding=\"async\" class=\"aligncenter size-medium wp-image-451\" src=\"https:\/\/stpierre-teille.fr\/wp-content\/uploads\/2015\/09\/P1030288-300x225.jpg\" alt=\"P1030288\" width=\"300\" height=\"225\" srcset=\"https:\/\/stpierre-teille.fr\/wp-content\/uploads\/2015\/09\/P1030288-300x225.jpg 300w, https:\/\/stpierre-teille.fr\/wp-content\/uploads\/2015\/09\/P1030288-1024x768.jpg 1024w, https:\/\/stpierre-teille.fr\/wp-content\/uploads\/2015\/09\/P1030288-960x720.jpg 960w, https:\/\/stpierre-teille.fr\/wp-content\/uploads\/2015\/09\/P1030288-480x360.jpg 480w, https:\/\/stpierre-teille.fr\/wp-content\/uploads\/2015\/09\/P1030288-320x240.jpg 320w, https:\/\/stpierre-teille.fr\/wp-content\/uploads\/2015\/09\/P1030288-240x180.jpg 240w, https:\/\/stpierre-teille.fr\/wp-content\/uploads\/2015\/09\/P1030288.jpg 2048w\" sizes=\"auto, (max-width: 300px) 100vw, 300px\" \/><\/a><\/p>\n<p>Nous avons pr\u00e9sent\u00e9 les nouveaux \u00e9l\u00e8ves: Charline, Hugo, Jeanne et Madeleine en Petite Section, Albane en Moyenne Section et Titouan en CP.<\/p>\n<p><a href=\"https:\/\/stpierre-teille.fr\/wp-content\/uploads\/2015\/09\/P1030285.jpg\"><img loading=\"lazy\" decoding=\"async\" class=\"wp-image-448 alignleft\" src=\"https:\/\/stpierre-teille.fr\/wp-content\/uploads\/2015\/09\/P1030285-300x225.jpg\" alt=\"P1030285\" width=\"211\" height=\"158\" srcset=\"https:\/\/stpierre-teille.fr\/wp-content\/uploads\/2015\/09\/P1030285-300x225.jpg 300w, https:\/\/stpierre-teille.fr\/wp-content\/uploads\/2015\/09\/P1030285-1024x768.jpg 1024w, https:\/\/stpierre-teille.fr\/wp-content\/uploads\/2015\/09\/P1030285-960x720.jpg 960w, https:\/\/stpierre-teille.fr\/wp-content\/uploads\/2015\/09\/P1030285-480x360.jpg 480w, https:\/\/stpierre-teille.fr\/wp-content\/uploads\/2015\/09\/P1030285-320x240.jpg 320w, https:\/\/stpierre-teille.fr\/wp-content\/uploads\/2015\/09\/P1030285-240x180.jpg 240w, https:\/\/stpierre-teille.fr\/wp-content\/uploads\/2015\/09\/P1030285.jpg 2048w\" sizes=\"auto, (max-width: 211px) 100vw, 211px\" \/><\/a><a href=\"https:\/\/stpierre-teille.fr\/wp-content\/uploads\/2015\/09\/P1030279.jpg\"><img loading=\"lazy\" decoding=\"async\" class=\"wp-image-442 alignleft\" src=\"https:\/\/stpierre-teille.fr\/wp-content\/uploads\/2015\/09\/P1030279-300x225.jpg\" alt=\"P1030279\" width=\"214\" height=\"160\" srcset=\"https:\/\/stpierre-teille.fr\/wp-content\/uploads\/2015\/09\/P1030279-300x225.jpg 300w, https:\/\/stpierre-teille.fr\/wp-content\/uploads\/2015\/09\/P1030279-1024x768.jpg 1024w, https:\/\/stpierre-teille.fr\/wp-content\/uploads\/2015\/09\/P1030279-960x720.jpg 960w, https:\/\/stpierre-teille.fr\/wp-content\/uploads\/2015\/09\/P1030279-480x360.jpg 480w, https:\/\/stpierre-teille.fr\/wp-content\/uploads\/2015\/09\/P1030279-320x240.jpg 320w, https:\/\/stpierre-teille.fr\/wp-content\/uploads\/2015\/09\/P1030279-240x180.jpg 240w, https:\/\/stpierre-teille.fr\/wp-content\/uploads\/2015\/09\/P1030279.jpg 2048w\" sizes=\"auto, (max-width: 214px) 100vw, 214px\" \/><\/a><a href=\"https:\/\/stpierre-teille.fr\/wp-content\/uploads\/2015\/09\/P1030278.jpg\"><br \/>\n<\/a><a href=\"https:\/\/stpierre-teille.fr\/wp-content\/uploads\/2015\/09\/P1030280.jpg\"><img loading=\"lazy\" decoding=\"async\" class=\"wp-image-443 alignnone\" src=\"https:\/\/stpierre-teille.fr\/wp-content\/uploads\/2015\/09\/P1030280-300x225.jpg\" alt=\"P1030280\" width=\"224\" height=\"168\" srcset=\"https:\/\/stpierre-teille.fr\/wp-content\/uploads\/2015\/09\/P1030280-300x225.jpg 300w, https:\/\/stpierre-teille.fr\/wp-content\/uploads\/2015\/09\/P1030280-1024x768.jpg 1024w, https:\/\/stpierre-teille.fr\/wp-content\/uploads\/2015\/09\/P1030280-960x720.jpg 960w, https:\/\/stpierre-teille.fr\/wp-content\/uploads\/2015\/09\/P1030280-480x360.jpg 480w, https:\/\/stpierre-teille.fr\/wp-content\/uploads\/2015\/09\/P1030280-320x240.jpg 320w, https:\/\/stpierre-teille.fr\/wp-content\/uploads\/2015\/09\/P1030280-240x180.jpg 240w, https:\/\/stpierre-teille.fr\/wp-content\/uploads\/2015\/09\/P1030280.jpg 2048w\" sizes=\"auto, (max-width: 224px) 100vw, 224px\" \/><img loading=\"lazy\" decoding=\"async\" class=\"wp-image-441 alignleft\" src=\"https:\/\/stpierre-teille.fr\/wp-content\/uploads\/2015\/09\/P1030278-300x225.jpg\" alt=\"P1030278\" width=\"212\" height=\"159\" srcset=\"https:\/\/stpierre-teille.fr\/wp-content\/uploads\/2015\/09\/P1030278-300x225.jpg 300w, https:\/\/stpierre-teille.fr\/wp-content\/uploads\/2015\/09\/P1030278-1024x768.jpg 1024w, https:\/\/stpierre-teille.fr\/wp-content\/uploads\/2015\/09\/P1030278-960x720.jpg 960w, https:\/\/stpierre-teille.fr\/wp-content\/uploads\/2015\/09\/P1030278-480x360.jpg 480w, https:\/\/stpierre-teille.fr\/wp-content\/uploads\/2015\/09\/P1030278-320x240.jpg 320w, https:\/\/stpierre-teille.fr\/wp-content\/uploads\/2015\/09\/P1030278-240x180.jpg 240w, https:\/\/stpierre-teille.fr\/wp-content\/uploads\/2015\/09\/P1030278.jpg 2048w\" sizes=\"auto, (max-width: 212px) 100vw, 212px\" \/><\/a><a href=\"https:\/\/stpierre-teille.fr\/wp-content\/uploads\/2015\/09\/P1030284.jpg\"><img loading=\"lazy\" decoding=\"async\" class=\"wp-image-445 alignleft\" src=\"https:\/\/stpierre-teille.fr\/wp-content\/uploads\/2015\/09\/P1030282-300x225.jpg\" alt=\"P1030282\" width=\"215\" height=\"161\" srcset=\"https:\/\/stpierre-teille.fr\/wp-content\/uploads\/2015\/09\/P1030282-300x225.jpg 300w, https:\/\/stpierre-teille.fr\/wp-content\/uploads\/2015\/09\/P1030282-1024x768.jpg 1024w, https:\/\/stpierre-teille.fr\/wp-content\/uploads\/2015\/09\/P1030282-960x720.jpg 960w, https:\/\/stpierre-teille.fr\/wp-content\/uploads\/2015\/09\/P1030282-480x360.jpg 480w, https:\/\/stpierre-teille.fr\/wp-content\/uploads\/2015\/09\/P1030282-320x240.jpg 320w, https:\/\/stpierre-teille.fr\/wp-content\/uploads\/2015\/09\/P1030282-240x180.jpg 240w, https:\/\/stpierre-teille.fr\/wp-content\/uploads\/2015\/09\/P1030282.jpg 2048w\" sizes=\"auto, (max-width: 215px) 100vw, 215px\" \/><\/a><a href=\"https:\/\/stpierre-teille.fr\/wp-content\/uploads\/2015\/09\/P1030284.jpg\"><img loading=\"lazy\" decoding=\"async\" class=\"wp-image-447 alignleft\" src=\"https:\/\/stpierre-teille.fr\/wp-content\/uploads\/2015\/09\/P1030284-300x225.jpg\" alt=\"P1030284\" width=\"213\" height=\"160\" srcset=\"https:\/\/stpierre-teille.fr\/wp-content\/uploads\/2015\/09\/P1030284-300x225.jpg 300w, https:\/\/stpierre-teille.fr\/wp-content\/uploads\/2015\/09\/P1030284-1024x768.jpg 1024w, https:\/\/stpierre-teille.fr\/wp-content\/uploads\/2015\/09\/P1030284-960x720.jpg 960w, https:\/\/stpierre-teille.fr\/wp-content\/uploads\/2015\/09\/P1030284-480x360.jpg 480w, https:\/\/stpierre-teille.fr\/wp-content\/uploads\/2015\/09\/P1030284-320x240.jpg 320w, https:\/\/stpierre-teille.fr\/wp-content\/uploads\/2015\/09\/P1030284-240x180.jpg 240w, https:\/\/stpierre-teille.fr\/wp-content\/uploads\/2015\/09\/P1030284.jpg 2048w\" sizes=\"auto, (max-width: 213px) 100vw, 213px\" \/><\/a><\/p>\n<p>&nbsp;<\/p>\n<p>&nbsp;<\/p>\n<p>&nbsp;<\/p>\n<p>&nbsp;<\/p>\n<p>&nbsp;<\/p>\n<p>Nous avons\u00a0aussi pr\u00e9sent\u00e9 les \u00a0\u00e9l\u00e8ves qui sont arriv\u00e9s en cours d&rsquo;ann\u00e9e derni\u00e8re: Lya et Olivia qui sont maintenant en Petite Section, Sarah en Grande Section et Margot B. en CP.<\/p>\n<p>Il y a eu aussi Lucie, la nouvelle ma\u00eetresse des maternelles, qui s&rsquo;est pr\u00e9sent\u00e9e.<a href=\"https:\/\/stpierre-teille.fr\/wp-content\/uploads\/2015\/09\/P1030275.jpg\"><img loading=\"lazy\" decoding=\"async\" class=\"aligncenter wp-image-438\" src=\"https:\/\/stpierre-teille.fr\/wp-content\/uploads\/2015\/09\/P1030275-300x225.jpg\" alt=\"P1030275\" width=\"225\" height=\"169\" srcset=\"https:\/\/stpierre-teille.fr\/wp-content\/uploads\/2015\/09\/P1030275-300x225.jpg 300w, https:\/\/stpierre-teille.fr\/wp-content\/uploads\/2015\/09\/P1030275-1024x768.jpg 1024w, https:\/\/stpierre-teille.fr\/wp-content\/uploads\/2015\/09\/P1030275-960x720.jpg 960w, https:\/\/stpierre-teille.fr\/wp-content\/uploads\/2015\/09\/P1030275-480x360.jpg 480w, https:\/\/stpierre-teille.fr\/wp-content\/uploads\/2015\/09\/P1030275-320x240.jpg 320w, https:\/\/stpierre-teille.fr\/wp-content\/uploads\/2015\/09\/P1030275-240x180.jpg 240w, https:\/\/stpierre-teille.fr\/wp-content\/uploads\/2015\/09\/P1030275.jpg 2048w\" sizes=\"auto, (max-width: 225px) 100vw, 225px\" \/><\/a><\/p>\n<p>Ensuite nous avons chant\u00e9: les maternelles : <em>\u00ab\u00a0La rentr\u00e9e des classes<\/em>\u00ab\u00a0;<a href=\"https:\/\/stpierre-teille.fr\/wp-content\/uploads\/2015\/09\/P1030286.jpg\"><img loading=\"lazy\" decoding=\"async\" class=\"wp-image-449 alignleft\" src=\"https:\/\/stpierre-teille.fr\/wp-content\/uploads\/2015\/09\/P1030286-300x225.jpg\" alt=\"P1030286\" width=\"235\" height=\"176\" srcset=\"https:\/\/stpierre-teille.fr\/wp-content\/uploads\/2015\/09\/P1030286-300x225.jpg 300w, https:\/\/stpierre-teille.fr\/wp-content\/uploads\/2015\/09\/P1030286-1024x768.jpg 1024w, https:\/\/stpierre-teille.fr\/wp-content\/uploads\/2015\/09\/P1030286-960x720.jpg 960w, https:\/\/stpierre-teille.fr\/wp-content\/uploads\/2015\/09\/P1030286-480x360.jpg 480w, https:\/\/stpierre-teille.fr\/wp-content\/uploads\/2015\/09\/P1030286-320x240.jpg 320w, https:\/\/stpierre-teille.fr\/wp-content\/uploads\/2015\/09\/P1030286-240x180.jpg 240w, https:\/\/stpierre-teille.fr\/wp-content\/uploads\/2015\/09\/P1030286.jpg 2048w\" sizes=\"auto, (max-width: 235px) 100vw, 235px\" \/><\/a><\/p>\n<p>&nbsp;<\/p>\n<p>&nbsp;<\/p>\n<p>&nbsp;<\/p>\n<p>&nbsp;<\/p>\n<p>&nbsp;<\/p>\n<p>les cycle 2: \u00ab\u00a0<em>Il manque une puce dans l&rsquo;arche de No\u00e9\u00a0\u00bb<\/em> ;<\/p>\n<p><a href=\"https:\/\/stpierre-teille.fr\/wp-content\/uploads\/2015\/09\/P1030294a.jpg\"><img loading=\"lazy\" decoding=\"async\" class=\"aligncenter size-medium wp-image-469\" src=\"https:\/\/stpierre-teille.fr\/wp-content\/uploads\/2015\/09\/P1030294a-300x225.jpg\" alt=\"P1030294a\" width=\"300\" height=\"225\" srcset=\"https:\/\/stpierre-teille.fr\/wp-content\/uploads\/2015\/09\/P1030294a-300x225.jpg 300w, https:\/\/stpierre-teille.fr\/wp-content\/uploads\/2015\/09\/P1030294a-1024x768.jpg 1024w, https:\/\/stpierre-teille.fr\/wp-content\/uploads\/2015\/09\/P1030294a-960x720.jpg 960w, https:\/\/stpierre-teille.fr\/wp-content\/uploads\/2015\/09\/P1030294a-480x360.jpg 480w, https:\/\/stpierre-teille.fr\/wp-content\/uploads\/2015\/09\/P1030294a-320x240.jpg 320w, https:\/\/stpierre-teille.fr\/wp-content\/uploads\/2015\/09\/P1030294a-240x180.jpg 240w, https:\/\/stpierre-teille.fr\/wp-content\/uploads\/2015\/09\/P1030294a.jpg 2048w\" sizes=\"auto, (max-width: 300px) 100vw, 300px\" \/><\/a><\/p>\n<p>&nbsp;<\/p>\n<p>et les cycle 3 \u00ab\u00a0<em>Le cheval blanc<\/em>\u00ab\u00a0.<\/p>\n<p><a href=\"https:\/\/stpierre-teille.fr\/wp-content\/uploads\/2015\/09\/P1030300.jpg\"><img loading=\"lazy\" decoding=\"async\" class=\"wp-image-463 alignright\" src=\"https:\/\/stpierre-teille.fr\/wp-content\/uploads\/2015\/09\/P1030300-300x225.jpg\" alt=\"P1030300\" width=\"238\" height=\"178\" srcset=\"https:\/\/stpierre-teille.fr\/wp-content\/uploads\/2015\/09\/P1030300-300x225.jpg 300w, https:\/\/stpierre-teille.fr\/wp-content\/uploads\/2015\/09\/P1030300-1024x768.jpg 1024w, https:\/\/stpierre-teille.fr\/wp-content\/uploads\/2015\/09\/P1030300-960x720.jpg 960w, https:\/\/stpierre-teille.fr\/wp-content\/uploads\/2015\/09\/P1030300-480x360.jpg 480w, https:\/\/stpierre-teille.fr\/wp-content\/uploads\/2015\/09\/P1030300-320x240.jpg 320w, https:\/\/stpierre-teille.fr\/wp-content\/uploads\/2015\/09\/P1030300-240x180.jpg 240w, https:\/\/stpierre-teille.fr\/wp-content\/uploads\/2015\/09\/P1030300.jpg 2048w\" sizes=\"auto, (max-width: 238px) 100vw, 238px\" \/><\/a><\/p>\n<p>&nbsp;<\/p>\n<p>&nbsp;<\/p>\n<p>&nbsp;<\/p>\n<p>&nbsp;<\/p>\n<p>&nbsp;<\/p>\n<p>Puis Gildas a lu une histoire rigolote: \u00ab\u00a0La rentr\u00e9e des mamans\u00a0\u00bb.<\/p>\n<p><a href=\"https:\/\/stpierre-teille.fr\/wp-content\/uploads\/2015\/09\/P1030301.jpg\"><img loading=\"lazy\" decoding=\"async\" class=\"aligncenter wp-image-464\" src=\"https:\/\/stpierre-teille.fr\/wp-content\/uploads\/2015\/09\/P1030301-300x225.jpg\" alt=\"P1030301\" width=\"272\" height=\"204\" srcset=\"https:\/\/stpierre-teille.fr\/wp-content\/uploads\/2015\/09\/P1030301-300x225.jpg 300w, https:\/\/stpierre-teille.fr\/wp-content\/uploads\/2015\/09\/P1030301-1024x768.jpg 1024w, https:\/\/stpierre-teille.fr\/wp-content\/uploads\/2015\/09\/P1030301-960x720.jpg 960w, https:\/\/stpierre-teille.fr\/wp-content\/uploads\/2015\/09\/P1030301-480x360.jpg 480w, https:\/\/stpierre-teille.fr\/wp-content\/uploads\/2015\/09\/P1030301-320x240.jpg 320w, https:\/\/stpierre-teille.fr\/wp-content\/uploads\/2015\/09\/P1030301-240x180.jpg 240w, https:\/\/stpierre-teille.fr\/wp-content\/uploads\/2015\/09\/P1030301.jpg 2048w\" sizes=\"auto, (max-width: 272px) 100vw, 272px\" \/><\/a><\/p>\n<p>Avant de se quitter, on s&rsquo;est souhait\u00e9 une tr\u00e8s bonne ann\u00e9e scolaire.<\/p>\n<p>&nbsp;<\/p>\n","protected":false},"excerpt":{"rendered":"<p>Nous nous sommes r\u00e9unis lundi matin 7 septembre dans la salle de motricit\u00e9 avec toute l&rsquo;\u00e9cole. Nous avons pr\u00e9sent\u00e9 les nouveaux \u00e9l\u00e8ves: Charline, Hugo, Jeanne et Madeleine en Petite Section, Albane en Moyenne Section et Titouan en CP. &nbsp; &nbsp; &nbsp; &nbsp; &nbsp; Nous avons\u00a0aussi pr\u00e9sent\u00e9 les \u00a0\u00e9l\u00e8ves qui sont arriv\u00e9s en cours d&rsquo;ann\u00e9e derni\u00e8re:&hellip; <br \/> <a class=\"read-more\" href=\"https:\/\/stpierre-teille.fr\/?p=432\">Lire la suite<\/a><\/p>\n","protected":false},"author":3,"featured_media":0,"comment_status":"closed","ping_status":"closed","sticky":false,"template":"","format":"standard","meta":{"ngg_post_thumbnail":0,"footnotes":""},"categories":[9],"tags":[],"class_list":["post-432","post","type-post","status-publish","format-standard","hentry","category-vie-des-classes"],"_links":{"self":[{"href":"https:\/\/stpierre-teille.fr\/index.php?rest_route=\/wp\/v2\/posts\/432","targetHints":{"allow":["GET"]}}],"collection":[{"href":"https:\/\/stpierre-teille.fr\/index.php?rest_route=\/wp\/v2\/posts"}],"about":[{"href":"https:\/\/stpierre-teille.fr\/index.php?rest_route=\/wp\/v2\/types\/post"}],"author":[{"embeddable":true,"href":"https:\/\/stpierre-teille.fr\/index.php?rest_route=\/wp\/v2\/users\/3"}],"replies":[{"embeddable":true,"href":"https:\/\/stpierre-teille.fr\/index.php?rest_route=%2Fwp%2Fv2%2Fcomments&post=432"}],"version-history":[{"count":0,"href":"https:\/\/stpierre-teille.fr\/index.php?rest_route=\/wp\/v2\/posts\/432\/revisions"}],"wp:attachment":[{"href":"https:\/\/stpierre-teille.fr\/index.php?rest_route=%2Fwp%2Fv2%2Fmedia&parent=432"}],"wp:term":[{"taxonomy":"category","embeddable":true,"href":"https:\/\/stpierre-teille.fr\/index.php?rest_route=%2Fwp%2Fv2%2Fcategories&post=432"},{"taxonomy":"post_tag","embeddable":true,"href":"https:\/\/stpierre-teille.fr\/index.php?rest_route=%2Fwp%2Fv2%2Ftags&post=432"}],"curies":[{"name":"wp","href":"https:\/\/api.w.org\/{rel}","templated":true}]}}