{"id":3422,"date":"2025-05-13T12:31:59","date_gmt":"2025-05-13T11:31:59","guid":{"rendered":"https:\/\/stpierre-teille.fr\/?p=3422"},"modified":"2025-05-13T12:31:59","modified_gmt":"2025-05-13T11:31:59","slug":"sortie-armat","status":"publish","type":"post","link":"https:\/\/stpierre-teille.fr\/?p=3422","title":{"rendered":"SORTIE ARMAT"},"content":{"rendered":"<p>Ce mardi 14 Mai,<\/p>\n<p>La classe de maternelle s&rsquo;est d\u00e9plac\u00e9e au mus\u00e9e de Teill\u00e9 \u00ab\u00a0Au si\u00e8cle pass\u00e9\u00a0\u00bb.Elle a \u00e9t\u00e9 accueillie par l&rsquo; association ARMAT qui avait organis\u00e9 des ateliers autours des c\u00e9r\u00e9ales cultiv\u00e9es \u00e0 Teill\u00e9.<\/p>\n<p>Nous avons d\u00e9couvert \u00e0 travers nos 5 sens le ma\u00efs, le bl\u00e9, le sarazin et le riz.Nous avons senti divers pots dans lesquels il fallait retrouver les odeurs .Nous avons observ\u00e9 les couleurs, la taille , les formes.Nous avons touch\u00e9 et essay\u00e9 de retrouver chaque sorte de graines cach\u00e9es dans des sacs opaques .Nous avons m\u00eame fabriqu\u00e9 des maracas , les graines en s&rsquo;agitant font une jolie musique .<\/p>\n<p>Et pour clore la matin\u00e9e , nous avons d\u00e9gust\u00e9 des cr\u00eapes r\u00e9alis\u00e9es avec les diff\u00e9rentes graines et nous avons \u00e9cout\u00e9 une jolie\u00a0 histoire.<\/p>\n<p>C&rsquo;\u00e9tait formidable!!!<\/p>\n<p><a href=\"https:\/\/stpierre-teille.fr\/wp-content\/uploads\/2025\/05\/IMG_20250513_0906421-scaled.jpg\"><img loading=\"lazy\" decoding=\"async\" class=\"alignnone size-medium wp-image-3413\" src=\"https:\/\/stpierre-teille.fr\/wp-content\/uploads\/2025\/05\/IMG_20250513_0906421-225x300.jpg\" alt=\"\" width=\"225\" height=\"300\" srcset=\"https:\/\/stpierre-teille.fr\/wp-content\/uploads\/2025\/05\/IMG_20250513_0906421-225x300.jpg 225w, https:\/\/stpierre-teille.fr\/wp-content\/uploads\/2025\/05\/IMG_20250513_0906421-769x1024.jpg 769w, https:\/\/stpierre-teille.fr\/wp-content\/uploads\/2025\/05\/IMG_20250513_0906421-768x1023.jpg 768w, https:\/\/stpierre-teille.fr\/wp-content\/uploads\/2025\/05\/IMG_20250513_0906421-1153x1536.jpg 1153w, https:\/\/stpierre-teille.fr\/wp-content\/uploads\/2025\/05\/IMG_20250513_0906421-1538x2048.jpg 1538w, https:\/\/stpierre-teille.fr\/wp-content\/uploads\/2025\/05\/IMG_20250513_0906421-1024x1364.jpg 1024w, https:\/\/stpierre-teille.fr\/wp-content\/uploads\/2025\/05\/IMG_20250513_0906421-811x1080.jpg 811w, https:\/\/stpierre-teille.fr\/wp-content\/uploads\/2025\/05\/IMG_20250513_0906421-scaled.jpg 1922w\" sizes=\"auto, (max-width: 225px) 100vw, 225px\" \/><\/a> <a href=\"https:\/\/stpierre-teille.fr\/wp-content\/uploads\/2025\/05\/IMG_20250513_0920171-scaled.jpg\"><img loading=\"lazy\" decoding=\"async\" class=\"alignnone size-medium wp-image-3415\" src=\"https:\/\/stpierre-teille.fr\/wp-content\/uploads\/2025\/05\/IMG_20250513_0920171-225x300.jpg\" alt=\"\" width=\"225\" height=\"300\" srcset=\"https:\/\/stpierre-teille.fr\/wp-content\/uploads\/2025\/05\/IMG_20250513_0920171-225x300.jpg 225w, https:\/\/stpierre-teille.fr\/wp-content\/uploads\/2025\/05\/IMG_20250513_0920171-769x1024.jpg 769w, https:\/\/stpierre-teille.fr\/wp-content\/uploads\/2025\/05\/IMG_20250513_0920171-768x1023.jpg 768w, https:\/\/stpierre-teille.fr\/wp-content\/uploads\/2025\/05\/IMG_20250513_0920171-1153x1536.jpg 1153w, https:\/\/stpierre-teille.fr\/wp-content\/uploads\/2025\/05\/IMG_20250513_0920171-1538x2048.jpg 1538w, https:\/\/stpierre-teille.fr\/wp-content\/uploads\/2025\/05\/IMG_20250513_0920171-1024x1364.jpg 1024w, https:\/\/stpierre-teille.fr\/wp-content\/uploads\/2025\/05\/IMG_20250513_0920171-811x1080.jpg 811w, https:\/\/stpierre-teille.fr\/wp-content\/uploads\/2025\/05\/IMG_20250513_0920171-scaled.jpg 1922w\" sizes=\"auto, (max-width: 225px) 100vw, 225px\" \/><\/a> <a href=\"https:\/\/stpierre-teille.fr\/wp-content\/uploads\/2025\/05\/IMG_20250513_0926011-scaled.jpg\"><img loading=\"lazy\" decoding=\"async\" class=\"alignnone size-medium wp-image-3416\" src=\"https:\/\/stpierre-teille.fr\/wp-content\/uploads\/2025\/05\/IMG_20250513_0926011-300x225.jpg\" alt=\"\" width=\"300\" height=\"225\" srcset=\"https:\/\/stpierre-teille.fr\/wp-content\/uploads\/2025\/05\/IMG_20250513_0926011-300x225.jpg 300w, https:\/\/stpierre-teille.fr\/wp-content\/uploads\/2025\/05\/IMG_20250513_0926011-1024x769.jpg 1024w, https:\/\/stpierre-teille.fr\/wp-content\/uploads\/2025\/05\/IMG_20250513_0926011-768x577.jpg 768w, https:\/\/stpierre-teille.fr\/wp-content\/uploads\/2025\/05\/IMG_20250513_0926011-1536x1153.jpg 1536w, https:\/\/stpierre-teille.fr\/wp-content\/uploads\/2025\/05\/IMG_20250513_0926011-2048x1538.jpg 2048w, https:\/\/stpierre-teille.fr\/wp-content\/uploads\/2025\/05\/IMG_20250513_0926011-1438x1080.jpg 1438w\" sizes=\"auto, (max-width: 300px) 100vw, 300px\" \/><\/a> <a href=\"https:\/\/stpierre-teille.fr\/wp-content\/uploads\/2025\/05\/IMG_20250513_0933441-scaled.jpg\"><img loading=\"lazy\" decoding=\"async\" class=\"alignnone size-medium wp-image-3417\" src=\"https:\/\/stpierre-teille.fr\/wp-content\/uploads\/2025\/05\/IMG_20250513_0933441-225x300.jpg\" alt=\"\" width=\"225\" height=\"300\" srcset=\"https:\/\/stpierre-teille.fr\/wp-content\/uploads\/2025\/05\/IMG_20250513_0933441-225x300.jpg 225w, https:\/\/stpierre-teille.fr\/wp-content\/uploads\/2025\/05\/IMG_20250513_0933441-769x1024.jpg 769w, https:\/\/stpierre-teille.fr\/wp-content\/uploads\/2025\/05\/IMG_20250513_0933441-768x1023.jpg 768w, https:\/\/stpierre-teille.fr\/wp-content\/uploads\/2025\/05\/IMG_20250513_0933441-1153x1536.jpg 1153w, https:\/\/stpierre-teille.fr\/wp-content\/uploads\/2025\/05\/IMG_20250513_0933441-1538x2048.jpg 1538w, https:\/\/stpierre-teille.fr\/wp-content\/uploads\/2025\/05\/IMG_20250513_0933441-1024x1364.jpg 1024w, https:\/\/stpierre-teille.fr\/wp-content\/uploads\/2025\/05\/IMG_20250513_0933441-811x1080.jpg 811w, https:\/\/stpierre-teille.fr\/wp-content\/uploads\/2025\/05\/IMG_20250513_0933441-scaled.jpg 1922w\" sizes=\"auto, (max-width: 225px) 100vw, 225px\" \/><\/a> <a href=\"https:\/\/stpierre-teille.fr\/wp-content\/uploads\/2025\/05\/IMG_20250513_1011591-scaled.jpg\"><img loading=\"lazy\" decoding=\"async\" class=\"alignnone size-medium wp-image-3421\" src=\"https:\/\/stpierre-teille.fr\/wp-content\/uploads\/2025\/05\/IMG_20250513_1011591-225x300.jpg\" alt=\"\" width=\"225\" height=\"300\" srcset=\"https:\/\/stpierre-teille.fr\/wp-content\/uploads\/2025\/05\/IMG_20250513_1011591-225x300.jpg 225w, https:\/\/stpierre-teille.fr\/wp-content\/uploads\/2025\/05\/IMG_20250513_1011591-769x1024.jpg 769w, https:\/\/stpierre-teille.fr\/wp-content\/uploads\/2025\/05\/IMG_20250513_1011591-768x1023.jpg 768w, https:\/\/stpierre-teille.fr\/wp-content\/uploads\/2025\/05\/IMG_20250513_1011591-1153x1536.jpg 1153w, https:\/\/stpierre-teille.fr\/wp-content\/uploads\/2025\/05\/IMG_20250513_1011591-1538x2048.jpg 1538w, https:\/\/stpierre-teille.fr\/wp-content\/uploads\/2025\/05\/IMG_20250513_1011591-1024x1364.jpg 1024w, https:\/\/stpierre-teille.fr\/wp-content\/uploads\/2025\/05\/IMG_20250513_1011591-811x1080.jpg 811w, https:\/\/stpierre-teille.fr\/wp-content\/uploads\/2025\/05\/IMG_20250513_1011591-scaled.jpg 1922w\" sizes=\"auto, (max-width: 225px) 100vw, 225px\" \/><\/a> <a href=\"https:\/\/stpierre-teille.fr\/wp-content\/uploads\/2025\/05\/IMG_20250513_0940101-scaled.jpg\"><img loading=\"lazy\" decoding=\"async\" class=\"alignnone size-medium wp-image-3420\" src=\"https:\/\/stpierre-teille.fr\/wp-content\/uploads\/2025\/05\/IMG_20250513_0940101-225x300.jpg\" alt=\"\" width=\"225\" height=\"300\" srcset=\"https:\/\/stpierre-teille.fr\/wp-content\/uploads\/2025\/05\/IMG_20250513_0940101-225x300.jpg 225w, https:\/\/stpierre-teille.fr\/wp-content\/uploads\/2025\/05\/IMG_20250513_0940101-769x1024.jpg 769w, https:\/\/stpierre-teille.fr\/wp-content\/uploads\/2025\/05\/IMG_20250513_0940101-768x1023.jpg 768w, https:\/\/stpierre-teille.fr\/wp-content\/uploads\/2025\/05\/IMG_20250513_0940101-1153x1536.jpg 1153w, https:\/\/stpierre-teille.fr\/wp-content\/uploads\/2025\/05\/IMG_20250513_0940101-1538x2048.jpg 1538w, https:\/\/stpierre-teille.fr\/wp-content\/uploads\/2025\/05\/IMG_20250513_0940101-1024x1364.jpg 1024w, https:\/\/stpierre-teille.fr\/wp-content\/uploads\/2025\/05\/IMG_20250513_0940101-811x1080.jpg 811w, https:\/\/stpierre-teille.fr\/wp-content\/uploads\/2025\/05\/IMG_20250513_0940101-scaled.jpg 1922w\" sizes=\"auto, (max-width: 225px) 100vw, 225px\" \/><\/a> <a href=\"https:\/\/stpierre-teille.fr\/wp-content\/uploads\/2025\/05\/IMG_20250513_0938081-scaled.jpg\"><img loading=\"lazy\" decoding=\"async\" class=\"alignnone size-medium wp-image-3419\" src=\"https:\/\/stpierre-teille.fr\/wp-content\/uploads\/2025\/05\/IMG_20250513_0938081-225x300.jpg\" alt=\"\" width=\"225\" height=\"300\" srcset=\"https:\/\/stpierre-teille.fr\/wp-content\/uploads\/2025\/05\/IMG_20250513_0938081-225x300.jpg 225w, https:\/\/stpierre-teille.fr\/wp-content\/uploads\/2025\/05\/IMG_20250513_0938081-769x1024.jpg 769w, https:\/\/stpierre-teille.fr\/wp-content\/uploads\/2025\/05\/IMG_20250513_0938081-768x1023.jpg 768w, https:\/\/stpierre-teille.fr\/wp-content\/uploads\/2025\/05\/IMG_20250513_0938081-1153x1536.jpg 1153w, https:\/\/stpierre-teille.fr\/wp-content\/uploads\/2025\/05\/IMG_20250513_0938081-1538x2048.jpg 1538w, https:\/\/stpierre-teille.fr\/wp-content\/uploads\/2025\/05\/IMG_20250513_0938081-1024x1364.jpg 1024w, https:\/\/stpierre-teille.fr\/wp-content\/uploads\/2025\/05\/IMG_20250513_0938081-811x1080.jpg 811w, https:\/\/stpierre-teille.fr\/wp-content\/uploads\/2025\/05\/IMG_20250513_0938081-scaled.jpg 1922w\" sizes=\"auto, (max-width: 225px) 100vw, 225px\" \/><\/a><\/p>\n","protected":false},"excerpt":{"rendered":"<p>Ce mardi 14 Mai, La classe de maternelle s&rsquo;est d\u00e9plac\u00e9e au mus\u00e9e de Teill\u00e9 \u00ab\u00a0Au si\u00e8cle pass\u00e9\u00a0\u00bb.Elle a \u00e9t\u00e9 accueillie par l&rsquo; association ARMAT qui avait organis\u00e9 des ateliers autours des c\u00e9r\u00e9ales cultiv\u00e9es \u00e0 Teill\u00e9. Nous avons d\u00e9couvert \u00e0 travers nos 5 sens le ma\u00efs, le bl\u00e9, le sarazin et le riz.Nous avons senti divers&hellip; <br \/> <a class=\"read-more\" href=\"https:\/\/stpierre-teille.fr\/?p=3422\">Lire la suite<\/a><\/p>\n","protected":false},"author":7,"featured_media":3419,"comment_status":"closed","ping_status":"closed","sticky":false,"template":"","format":"standard","meta":{"ngg_post_thumbnail":0,"footnotes":""},"categories":[1],"tags":[],"class_list":["post-3422","post","type-post","status-publish","format-standard","has-post-thumbnail","hentry","category-non-classe"],"_links":{"self":[{"href":"https:\/\/stpierre-teille.fr\/index.php?rest_route=\/wp\/v2\/posts\/3422","targetHints":{"allow":["GET"]}}],"collection":[{"href":"https:\/\/stpierre-teille.fr\/index.php?rest_route=\/wp\/v2\/posts"}],"about":[{"href":"https:\/\/stpierre-teille.fr\/index.php?rest_route=\/wp\/v2\/types\/post"}],"author":[{"embeddable":true,"href":"https:\/\/stpierre-teille.fr\/index.php?rest_route=\/wp\/v2\/users\/7"}],"replies":[{"embeddable":true,"href":"https:\/\/stpierre-teille.fr\/index.php?rest_route=%2Fwp%2Fv2%2Fcomments&post=3422"}],"version-history":[{"count":1,"href":"https:\/\/stpierre-teille.fr\/index.php?rest_route=\/wp\/v2\/posts\/3422\/revisions"}],"predecessor-version":[{"id":3423,"href":"https:\/\/stpierre-teille.fr\/index.php?rest_route=\/wp\/v2\/posts\/3422\/revisions\/3423"}],"wp:featuredmedia":[{"embeddable":true,"href":"https:\/\/stpierre-teille.fr\/index.php?rest_route=\/wp\/v2\/media\/3419"}],"wp:attachment":[{"href":"https:\/\/stpierre-teille.fr\/index.php?rest_route=%2Fwp%2Fv2%2Fmedia&parent=3422"}],"wp:term":[{"taxonomy":"category","embeddable":true,"href":"https:\/\/stpierre-teille.fr\/index.php?rest_route=%2Fwp%2Fv2%2Fcategories&post=3422"},{"taxonomy":"post_tag","embeddable":true,"href":"https:\/\/stpierre-teille.fr\/index.php?rest_route=%2Fwp%2Fv2%2Ftags&post=3422"}],"curies":[{"name":"wp","href":"https:\/\/api.w.org\/{rel}","templated":true}]}}