{"id":3379,"date":"2025-03-27T22:10:59","date_gmt":"2025-03-27T21:10:59","guid":{"rendered":"https:\/\/stpierre-teille.fr\/?p=3379"},"modified":"2025-03-27T22:11:53","modified_gmt":"2025-03-27T21:11:53","slug":"sortie-cinema-le-chien-jaune-de-mongolie","status":"publish","type":"post","link":"https:\/\/stpierre-teille.fr\/?p=3379","title":{"rendered":"Sortie Cin\u00e9ma Le chien jaune de Mongolie"},"content":{"rendered":"<p>Ce jeudi 27 mars 2025, les GS-CP-CE1 sont all\u00e9s voir au Cin\u00e9ma de Saint Mars La Jaille, le film <em>Le chien jaune de Mongolie<\/em> r\u00e9alis\u00e9 par Byambasuren Davaa.<\/p>\n<p>Le sc\u00e9nario est bas\u00e9 d&rsquo;apr\u00e8s le conte <em>La cave du chien jaune.<\/em>\u00a0 C&rsquo;est l&rsquo;histoire d&rsquo;une petite fille Nansal, fille d&rsquo;\u00e9leveurs de moutons, qui trouve un chien abandonn\u00e9 et d\u00e9cide de l&#8217;emmener chez elle. Malheureusement son p\u00e8re ne veut pas de lui car il pourrait leur porter malheur.<\/p>\n<p>Les enfants ont pu d\u00e9couvrir une autre mani\u00e8re de vivre au quotidien.<\/p>\n<p>Les d\u00e9cors sont grandioses, il s&rsquo;agit des steppes de Mongolie.<\/p>\n<p><a href=\"https:\/\/stpierre-teille.fr\/wp-content\/uploads\/2025\/03\/IMG_5124-scaled.jpg\"><img loading=\"lazy\" decoding=\"async\" class=\"alignnone size-medium wp-image-3382\" src=\"https:\/\/stpierre-teille.fr\/wp-content\/uploads\/2025\/03\/IMG_5124-300x225.jpg\" alt=\"\" width=\"300\" height=\"225\" srcset=\"https:\/\/stpierre-teille.fr\/wp-content\/uploads\/2025\/03\/IMG_5124-300x225.jpg 300w, https:\/\/stpierre-teille.fr\/wp-content\/uploads\/2025\/03\/IMG_5124-1024x768.jpg 1024w, https:\/\/stpierre-teille.fr\/wp-content\/uploads\/2025\/03\/IMG_5124-768x576.jpg 768w, https:\/\/stpierre-teille.fr\/wp-content\/uploads\/2025\/03\/IMG_5124-1536x1152.jpg 1536w, https:\/\/stpierre-teille.fr\/wp-content\/uploads\/2025\/03\/IMG_5124-2048x1536.jpg 2048w, https:\/\/stpierre-teille.fr\/wp-content\/uploads\/2025\/03\/IMG_5124-1440x1080.jpg 1440w\" sizes=\"auto, (max-width: 300px) 100vw, 300px\" \/><\/a> <a href=\"https:\/\/stpierre-teille.fr\/wp-content\/uploads\/2025\/03\/IMG_5125-scaled.jpg\"><img loading=\"lazy\" decoding=\"async\" class=\"alignnone size-medium wp-image-3383\" src=\"https:\/\/stpierre-teille.fr\/wp-content\/uploads\/2025\/03\/IMG_5125-225x300.jpg\" alt=\"\" width=\"225\" height=\"300\" srcset=\"https:\/\/stpierre-teille.fr\/wp-content\/uploads\/2025\/03\/IMG_5125-225x300.jpg 225w, https:\/\/stpierre-teille.fr\/wp-content\/uploads\/2025\/03\/IMG_5125-768x1024.jpg 768w, https:\/\/stpierre-teille.fr\/wp-content\/uploads\/2025\/03\/IMG_5125-1152x1536.jpg 1152w, https:\/\/stpierre-teille.fr\/wp-content\/uploads\/2025\/03\/IMG_5125-1536x2048.jpg 1536w, https:\/\/stpierre-teille.fr\/wp-content\/uploads\/2025\/03\/IMG_5125-1024x1365.jpg 1024w, https:\/\/stpierre-teille.fr\/wp-content\/uploads\/2025\/03\/IMG_5125-810x1080.jpg 810w, https:\/\/stpierre-teille.fr\/wp-content\/uploads\/2025\/03\/IMG_5125-scaled.jpg 1920w\" sizes=\"auto, (max-width: 225px) 100vw, 225px\" \/><\/a><\/p>\n","protected":false},"excerpt":{"rendered":"<p>Ce jeudi 27 mars 2025, les GS-CP-CE1 sont all\u00e9s voir au Cin\u00e9ma de Saint Mars La Jaille, le film Le chien jaune de Mongolie r\u00e9alis\u00e9 par Byambasuren Davaa. Le sc\u00e9nario est bas\u00e9 d&rsquo;apr\u00e8s le conte La cave du chien jaune.\u00a0 C&rsquo;est l&rsquo;histoire d&rsquo;une petite fille Nansal, fille d&rsquo;\u00e9leveurs de moutons, qui trouve un chien abandonn\u00e9&hellip; <br \/> <a class=\"read-more\" href=\"https:\/\/stpierre-teille.fr\/?p=3379\">Lire la suite<\/a><\/p>\n","protected":false},"author":3,"featured_media":3383,"comment_status":"closed","ping_status":"closed","sticky":false,"template":"","format":"standard","meta":{"ngg_post_thumbnail":0,"footnotes":""},"categories":[9],"tags":[],"class_list":["post-3379","post","type-post","status-publish","format-standard","has-post-thumbnail","hentry","category-vie-des-classes"],"_links":{"self":[{"href":"https:\/\/stpierre-teille.fr\/index.php?rest_route=\/wp\/v2\/posts\/3379","targetHints":{"allow":["GET"]}}],"collection":[{"href":"https:\/\/stpierre-teille.fr\/index.php?rest_route=\/wp\/v2\/posts"}],"about":[{"href":"https:\/\/stpierre-teille.fr\/index.php?rest_route=\/wp\/v2\/types\/post"}],"author":[{"embeddable":true,"href":"https:\/\/stpierre-teille.fr\/index.php?rest_route=\/wp\/v2\/users\/3"}],"replies":[{"embeddable":true,"href":"https:\/\/stpierre-teille.fr\/index.php?rest_route=%2Fwp%2Fv2%2Fcomments&post=3379"}],"version-history":[{"count":4,"href":"https:\/\/stpierre-teille.fr\/index.php?rest_route=\/wp\/v2\/posts\/3379\/revisions"}],"predecessor-version":[{"id":3387,"href":"https:\/\/stpierre-teille.fr\/index.php?rest_route=\/wp\/v2\/posts\/3379\/revisions\/3387"}],"wp:featuredmedia":[{"embeddable":true,"href":"https:\/\/stpierre-teille.fr\/index.php?rest_route=\/wp\/v2\/media\/3383"}],"wp:attachment":[{"href":"https:\/\/stpierre-teille.fr\/index.php?rest_route=%2Fwp%2Fv2%2Fmedia&parent=3379"}],"wp:term":[{"taxonomy":"category","embeddable":true,"href":"https:\/\/stpierre-teille.fr\/index.php?rest_route=%2Fwp%2Fv2%2Fcategories&post=3379"},{"taxonomy":"post_tag","embeddable":true,"href":"https:\/\/stpierre-teille.fr\/index.php?rest_route=%2Fwp%2Fv2%2Ftags&post=3379"}],"curies":[{"name":"wp","href":"https:\/\/api.w.org\/{rel}","templated":true}]}}