{"id":3317,"date":"2025-02-07T14:08:28","date_gmt":"2025-02-07T13:08:28","guid":{"rendered":"https:\/\/stpierre-teille.fr\/?p=3317"},"modified":"2025-02-10T11:07:23","modified_gmt":"2025-02-10T10:07:23","slug":"projet-musique-classe-maternelle","status":"publish","type":"post","link":"https:\/\/stpierre-teille.fr\/?p=3317","title":{"rendered":"Projet musique classe maternelle"},"content":{"rendered":"<p>Mardi 4 F\u00e9vrier,<\/p>\n<p>Restitution de notre projet musique au complexe sportif et culturel du Clos Olivier \u00e0 Teill\u00e9. Nous avons pr\u00e9sent\u00e9 notre musique et notre chanson cr\u00e9\u00e9es en classe&nbsp; plusieurs semaines auparavant devant la classe de Gildas ainsi qu&rsquo;une classe de l&rsquo;\u00e9cole de Mouzeil. Gurvan nous a aid\u00e9 \u00e0 mixer avec les interfaces et Amadou a jou\u00e9 du balafon et a chant\u00e9 avec nous.<\/p>\n<p>Nous avions pour cr\u00e9er notre musique enregistr\u00e9 des sons dans la cour de r\u00e9cr\u00e9ation, puis nous l&rsquo;avons transform\u00e9e en musique \u00e9lectronique gr\u00e2ce aux interfaces. Ensuite, nous avons invent\u00e9 des paroles de chanson sur le th\u00e8me de la solidarit\u00e9. Amadou les a traduites en \u00ab\u00a0bambara\u00a0\u00bb langue du Mali. C&rsquo;\u00e9tait impressionnant de montrer tout ce travail \u00e0 un public mais ce fut une belle aventure!!!<\/p>\n<p><a href=\"https:\/\/stpierre-teille.fr\/wp-content\/uploads\/2025\/02\/IMG-20250204-WA00041.jpg\"><img loading=\"lazy\" decoding=\"async\" class=\"alignnone size-medium wp-image-3313\" src=\"https:\/\/stpierre-teille.fr\/wp-content\/uploads\/2025\/02\/IMG-20250204-WA00041-300x225.jpg\" alt=\"\" width=\"300\" height=\"225\" srcset=\"https:\/\/stpierre-teille.fr\/wp-content\/uploads\/2025\/02\/IMG-20250204-WA00041-300x225.jpg 300w, https:\/\/stpierre-teille.fr\/wp-content\/uploads\/2025\/02\/IMG-20250204-WA00041-1024x768.jpg 1024w, https:\/\/stpierre-teille.fr\/wp-content\/uploads\/2025\/02\/IMG-20250204-WA00041-768x576.jpg 768w, https:\/\/stpierre-teille.fr\/wp-content\/uploads\/2025\/02\/IMG-20250204-WA00041-1536x1152.jpg 1536w, https:\/\/stpierre-teille.fr\/wp-content\/uploads\/2025\/02\/IMG-20250204-WA00041-1440x1080.jpg 1440w, https:\/\/stpierre-teille.fr\/wp-content\/uploads\/2025\/02\/IMG-20250204-WA00041.jpg 2040w\" sizes=\"auto, (max-width: 300px) 100vw, 300px\" \/><\/a> <a href=\"https:\/\/stpierre-teille.fr\/wp-content\/uploads\/2025\/02\/IMG-20250204-WA00071.jpg\"><img loading=\"lazy\" decoding=\"async\" class=\"alignnone size-medium wp-image-3314\" src=\"https:\/\/stpierre-teille.fr\/wp-content\/uploads\/2025\/02\/IMG-20250204-WA00071-300x225.jpg\" alt=\"\" width=\"300\" height=\"225\" srcset=\"https:\/\/stpierre-teille.fr\/wp-content\/uploads\/2025\/02\/IMG-20250204-WA00071-300x225.jpg 300w, https:\/\/stpierre-teille.fr\/wp-content\/uploads\/2025\/02\/IMG-20250204-WA00071-1024x769.jpg 1024w, https:\/\/stpierre-teille.fr\/wp-content\/uploads\/2025\/02\/IMG-20250204-WA00071-768x576.jpg 768w, https:\/\/stpierre-teille.fr\/wp-content\/uploads\/2025\/02\/IMG-20250204-WA00071-1536x1153.jpg 1536w, https:\/\/stpierre-teille.fr\/wp-content\/uploads\/2025\/02\/IMG-20250204-WA00071-1439x1080.jpg 1439w, https:\/\/stpierre-teille.fr\/wp-content\/uploads\/2025\/02\/IMG-20250204-WA00071.jpg 2048w\" sizes=\"auto, (max-width: 300px) 100vw, 300px\" \/><\/a><\/p>\n<p><a href=\"https:\/\/stpierre-teille.fr\/wp-content\/uploads\/2025\/02\/IMG-20250204-WA00111.jpg\"><img loading=\"lazy\" decoding=\"async\" class=\"alignnone size-medium wp-image-3316\" src=\"https:\/\/stpierre-teille.fr\/wp-content\/uploads\/2025\/02\/IMG-20250204-WA00111-300x225.jpg\" alt=\"\" width=\"300\" height=\"225\" srcset=\"https:\/\/stpierre-teille.fr\/wp-content\/uploads\/2025\/02\/IMG-20250204-WA00111-300x225.jpg 300w, https:\/\/stpierre-teille.fr\/wp-content\/uploads\/2025\/02\/IMG-20250204-WA00111-1024x769.jpg 1024w, https:\/\/stpierre-teille.fr\/wp-content\/uploads\/2025\/02\/IMG-20250204-WA00111-768x576.jpg 768w, https:\/\/stpierre-teille.fr\/wp-content\/uploads\/2025\/02\/IMG-20250204-WA00111-1536x1153.jpg 1536w, https:\/\/stpierre-teille.fr\/wp-content\/uploads\/2025\/02\/IMG-20250204-WA00111-1439x1080.jpg 1439w, https:\/\/stpierre-teille.fr\/wp-content\/uploads\/2025\/02\/IMG-20250204-WA00111.jpg 2048w\" sizes=\"auto, (max-width: 300px) 100vw, 300px\" \/><\/a><\/p>\n","protected":false},"excerpt":{"rendered":"<p>Mardi 4 F\u00e9vrier, Restitution de notre projet musique au complexe sportif et culturel du Clos Olivier \u00e0 Teill\u00e9. Nous avons pr\u00e9sent\u00e9 notre musique et notre chanson cr\u00e9\u00e9es en classe&nbsp; plusieurs semaines auparavant devant la classe de Gildas ainsi qu&rsquo;une classe de l&rsquo;\u00e9cole de Mouzeil. Gurvan nous a aid\u00e9 \u00e0 mixer avec les interfaces et Amadou&hellip; <br \/> <a class=\"read-more\" href=\"https:\/\/stpierre-teille.fr\/?p=3317\">Lire la suite<\/a><\/p>\n","protected":false},"author":7,"featured_media":3314,"comment_status":"closed","ping_status":"closed","sticky":false,"template":"","format":"standard","meta":{"ngg_post_thumbnail":0,"footnotes":""},"categories":[1,9],"tags":[],"class_list":["post-3317","post","type-post","status-publish","format-standard","has-post-thumbnail","hentry","category-non-classe","category-vie-des-classes"],"_links":{"self":[{"href":"https:\/\/stpierre-teille.fr\/index.php?rest_route=\/wp\/v2\/posts\/3317","targetHints":{"allow":["GET"]}}],"collection":[{"href":"https:\/\/stpierre-teille.fr\/index.php?rest_route=\/wp\/v2\/posts"}],"about":[{"href":"https:\/\/stpierre-teille.fr\/index.php?rest_route=\/wp\/v2\/types\/post"}],"author":[{"embeddable":true,"href":"https:\/\/stpierre-teille.fr\/index.php?rest_route=\/wp\/v2\/users\/7"}],"replies":[{"embeddable":true,"href":"https:\/\/stpierre-teille.fr\/index.php?rest_route=%2Fwp%2Fv2%2Fcomments&post=3317"}],"version-history":[{"count":4,"href":"https:\/\/stpierre-teille.fr\/index.php?rest_route=\/wp\/v2\/posts\/3317\/revisions"}],"predecessor-version":[{"id":3324,"href":"https:\/\/stpierre-teille.fr\/index.php?rest_route=\/wp\/v2\/posts\/3317\/revisions\/3324"}],"wp:featuredmedia":[{"embeddable":true,"href":"https:\/\/stpierre-teille.fr\/index.php?rest_route=\/wp\/v2\/media\/3314"}],"wp:attachment":[{"href":"https:\/\/stpierre-teille.fr\/index.php?rest_route=%2Fwp%2Fv2%2Fmedia&parent=3317"}],"wp:term":[{"taxonomy":"category","embeddable":true,"href":"https:\/\/stpierre-teille.fr\/index.php?rest_route=%2Fwp%2Fv2%2Fcategories&post=3317"},{"taxonomy":"post_tag","embeddable":true,"href":"https:\/\/stpierre-teille.fr\/index.php?rest_route=%2Fwp%2Fv2%2Ftags&post=3317"}],"curies":[{"name":"wp","href":"https:\/\/api.w.org\/{rel}","templated":true}]}}