{"id":3304,"date":"2024-12-19T21:54:53","date_gmt":"2024-12-19T20:54:53","guid":{"rendered":"https:\/\/stpierre-teille.fr\/?p=3304"},"modified":"2024-12-19T21:54:53","modified_gmt":"2024-12-19T20:54:53","slug":"celebration-de-noel-3","status":"publish","type":"post","link":"https:\/\/stpierre-teille.fr\/?p=3304","title":{"rendered":"C\u00e9l\u00e9bration de No\u00ebl"},"content":{"rendered":"<p>Ce jeudi 19 d\u00e9cembre 2024, nous avons organis\u00e9 pour la premi\u00e8re ann\u00e9e une c\u00e9l\u00e9bration de No\u00ebl dans l&rsquo;\u00e9glise de Teill\u00e9 avec tous les \u00e9l\u00e8ves de l&rsquo;\u00e9cole Saint Pierre.<\/p>\n<p><a href=\"https:\/\/stpierre-teille.fr\/wp-content\/uploads\/2024\/12\/GIHO2069.jpg\"><img loading=\"lazy\" decoding=\"async\" class=\"size-medium wp-image-3298 aligncenter\" src=\"https:\/\/stpierre-teille.fr\/wp-content\/uploads\/2024\/12\/GIHO2069-225x300.jpg\" alt=\"\" width=\"225\" height=\"300\" srcset=\"https:\/\/stpierre-teille.fr\/wp-content\/uploads\/2024\/12\/GIHO2069-225x300.jpg 225w, https:\/\/stpierre-teille.fr\/wp-content\/uploads\/2024\/12\/GIHO2069-768x1024.jpg 768w, https:\/\/stpierre-teille.fr\/wp-content\/uploads\/2024\/12\/GIHO2069-1152x1536.jpg 1152w, https:\/\/stpierre-teille.fr\/wp-content\/uploads\/2024\/12\/GIHO2069-1024x1365.jpg 1024w, https:\/\/stpierre-teille.fr\/wp-content\/uploads\/2024\/12\/GIHO2069-810x1080.jpg 810w, https:\/\/stpierre-teille.fr\/wp-content\/uploads\/2024\/12\/GIHO2069.jpg 1536w\" sizes=\"auto, (max-width: 225px) 100vw, 225px\" \/><\/a><\/p>\n<p>Nous avons chant\u00e9, pri\u00e9, \u00e9cout\u00e9 le passage de l&rsquo;\u00e9vangile racontant la naissance de J\u00e9sus.<\/p>\n<p><a href=\"https:\/\/stpierre-teille.fr\/wp-content\/uploads\/2024\/12\/VBRV1044.jpg\"><img loading=\"lazy\" decoding=\"async\" class=\"size-medium wp-image-3303 aligncenter\" src=\"https:\/\/stpierre-teille.fr\/wp-content\/uploads\/2024\/12\/VBRV1044-300x225.jpg\" alt=\"\" width=\"300\" height=\"225\" srcset=\"https:\/\/stpierre-teille.fr\/wp-content\/uploads\/2024\/12\/VBRV1044-300x225.jpg 300w, https:\/\/stpierre-teille.fr\/wp-content\/uploads\/2024\/12\/VBRV1044-1024x768.jpg 1024w, https:\/\/stpierre-teille.fr\/wp-content\/uploads\/2024\/12\/VBRV1044-768x576.jpg 768w, https:\/\/stpierre-teille.fr\/wp-content\/uploads\/2024\/12\/VBRV1044-1536x1152.jpg 1536w, https:\/\/stpierre-teille.fr\/wp-content\/uploads\/2024\/12\/VBRV1044-1440x1080.jpg 1440w, https:\/\/stpierre-teille.fr\/wp-content\/uploads\/2024\/12\/VBRV1044.jpg 2048w\" sizes=\"auto, (max-width: 300px) 100vw, 300px\" \/><\/a><a href=\"https:\/\/stpierre-teille.fr\/wp-content\/uploads\/2024\/12\/GJNM3906.jpg\"><img loading=\"lazy\" decoding=\"async\" class=\"size-medium wp-image-3299 aligncenter\" src=\"https:\/\/stpierre-teille.fr\/wp-content\/uploads\/2024\/12\/GJNM3906-300x225.jpg\" alt=\"\" width=\"300\" height=\"225\" srcset=\"https:\/\/stpierre-teille.fr\/wp-content\/uploads\/2024\/12\/GJNM3906-300x225.jpg 300w, https:\/\/stpierre-teille.fr\/wp-content\/uploads\/2024\/12\/GJNM3906-1024x768.jpg 1024w, https:\/\/stpierre-teille.fr\/wp-content\/uploads\/2024\/12\/GJNM3906-768x576.jpg 768w, https:\/\/stpierre-teille.fr\/wp-content\/uploads\/2024\/12\/GJNM3906-1536x1152.jpg 1536w, https:\/\/stpierre-teille.fr\/wp-content\/uploads\/2024\/12\/GJNM3906-1440x1080.jpg 1440w, https:\/\/stpierre-teille.fr\/wp-content\/uploads\/2024\/12\/GJNM3906.jpg 2048w\" sizes=\"auto, (max-width: 300px) 100vw, 300px\" \/><\/a><\/p>\n<p>Nous avons d\u00e9pos\u00e9 des bougies devant la cr\u00e8che.<\/p>\n<p><a href=\"https:\/\/stpierre-teille.fr\/wp-content\/uploads\/2024\/12\/MIEB6094.jpg\"><img loading=\"lazy\" decoding=\"async\" class=\"size-medium wp-image-3301 aligncenter\" src=\"https:\/\/stpierre-teille.fr\/wp-content\/uploads\/2024\/12\/MIEB6094-300x225.jpg\" alt=\"\" width=\"300\" height=\"225\" srcset=\"https:\/\/stpierre-teille.fr\/wp-content\/uploads\/2024\/12\/MIEB6094-300x225.jpg 300w, https:\/\/stpierre-teille.fr\/wp-content\/uploads\/2024\/12\/MIEB6094-1024x768.jpg 1024w, https:\/\/stpierre-teille.fr\/wp-content\/uploads\/2024\/12\/MIEB6094-768x576.jpg 768w, https:\/\/stpierre-teille.fr\/wp-content\/uploads\/2024\/12\/MIEB6094-1536x1152.jpg 1536w, https:\/\/stpierre-teille.fr\/wp-content\/uploads\/2024\/12\/MIEB6094-1440x1080.jpg 1440w, https:\/\/stpierre-teille.fr\/wp-content\/uploads\/2024\/12\/MIEB6094.jpg 2048w\" sizes=\"auto, (max-width: 300px) 100vw, 300px\" \/><\/a><\/p>\n<p><a href=\"https:\/\/stpierre-teille.fr\/wp-content\/uploads\/2024\/12\/IFHN4464.jpg\"><img loading=\"lazy\" decoding=\"async\" class=\"size-medium wp-image-3300 aligncenter\" src=\"https:\/\/stpierre-teille.fr\/wp-content\/uploads\/2024\/12\/IFHN4464-225x300.jpg\" alt=\"\" width=\"225\" height=\"300\" srcset=\"https:\/\/stpierre-teille.fr\/wp-content\/uploads\/2024\/12\/IFHN4464-225x300.jpg 225w, https:\/\/stpierre-teille.fr\/wp-content\/uploads\/2024\/12\/IFHN4464-769x1024.jpg 769w, https:\/\/stpierre-teille.fr\/wp-content\/uploads\/2024\/12\/IFHN4464-768x1023.jpg 768w, https:\/\/stpierre-teille.fr\/wp-content\/uploads\/2024\/12\/IFHN4464-1153x1536.jpg 1153w, https:\/\/stpierre-teille.fr\/wp-content\/uploads\/2024\/12\/IFHN4464-1024x1364.jpg 1024w, https:\/\/stpierre-teille.fr\/wp-content\/uploads\/2024\/12\/IFHN4464-811x1080.jpg 811w, https:\/\/stpierre-teille.fr\/wp-content\/uploads\/2024\/12\/IFHN4464.jpg 1201w\" sizes=\"auto, (max-width: 225px) 100vw, 225px\" \/><\/a>Elles repr\u00e9sentent J\u00e9sus comme la lumi\u00e8re du monde.<img loading=\"lazy\" decoding=\"async\" class=\"size-medium wp-image-3302 aligncenter\" src=\"https:\/\/stpierre-teille.fr\/wp-content\/uploads\/2024\/12\/RFJZ4489-225x300.jpg\" alt=\"\" width=\"225\" height=\"300\" srcset=\"https:\/\/stpierre-teille.fr\/wp-content\/uploads\/2024\/12\/RFJZ4489-225x300.jpg 225w, https:\/\/stpierre-teille.fr\/wp-content\/uploads\/2024\/12\/RFJZ4489-769x1024.jpg 769w, https:\/\/stpierre-teille.fr\/wp-content\/uploads\/2024\/12\/RFJZ4489-768x1023.jpg 768w, https:\/\/stpierre-teille.fr\/wp-content\/uploads\/2024\/12\/RFJZ4489-1153x1536.jpg 1153w, https:\/\/stpierre-teille.fr\/wp-content\/uploads\/2024\/12\/RFJZ4489-1024x1364.jpg 1024w, https:\/\/stpierre-teille.fr\/wp-content\/uploads\/2024\/12\/RFJZ4489-811x1080.jpg 811w, https:\/\/stpierre-teille.fr\/wp-content\/uploads\/2024\/12\/RFJZ4489.jpg 1201w\" sizes=\"auto, (max-width: 225px) 100vw, 225px\" \/><img loading=\"lazy\" decoding=\"async\" class=\"size-medium wp-image-3297 aligncenter\" src=\"https:\/\/stpierre-teille.fr\/wp-content\/uploads\/2024\/12\/CRKN2334-300x225.jpg\" alt=\"\" width=\"300\" height=\"225\" srcset=\"https:\/\/stpierre-teille.fr\/wp-content\/uploads\/2024\/12\/CRKN2334-300x225.jpg 300w, https:\/\/stpierre-teille.fr\/wp-content\/uploads\/2024\/12\/CRKN2334-1024x769.jpg 1024w, https:\/\/stpierre-teille.fr\/wp-content\/uploads\/2024\/12\/CRKN2334-768x576.jpg 768w, https:\/\/stpierre-teille.fr\/wp-content\/uploads\/2024\/12\/CRKN2334-1536x1153.jpg 1536w, https:\/\/stpierre-teille.fr\/wp-content\/uploads\/2024\/12\/CRKN2334-1439x1080.jpg 1439w, https:\/\/stpierre-teille.fr\/wp-content\/uploads\/2024\/12\/CRKN2334.jpg 1600w\" sizes=\"auto, (max-width: 300px) 100vw, 300px\" \/><\/p>\n","protected":false},"excerpt":{"rendered":"<p>Ce jeudi 19 d\u00e9cembre 2024, nous avons organis\u00e9 pour la premi\u00e8re ann\u00e9e une c\u00e9l\u00e9bration de No\u00ebl dans l&rsquo;\u00e9glise de Teill\u00e9 avec tous les \u00e9l\u00e8ves de l&rsquo;\u00e9cole Saint Pierre. Nous avons chant\u00e9, pri\u00e9, \u00e9cout\u00e9 le passage de l&rsquo;\u00e9vangile racontant la naissance de J\u00e9sus. Nous avons d\u00e9pos\u00e9 des bougies devant la cr\u00e8che. Elles repr\u00e9sentent J\u00e9sus comme la&hellip; <br \/> <a class=\"read-more\" href=\"https:\/\/stpierre-teille.fr\/?p=3304\">Lire la suite<\/a><\/p>\n","protected":false},"author":3,"featured_media":3302,"comment_status":"closed","ping_status":"closed","sticky":false,"template":"","format":"standard","meta":{"ngg_post_thumbnail":0,"footnotes":""},"categories":[9],"tags":[],"class_list":["post-3304","post","type-post","status-publish","format-standard","has-post-thumbnail","hentry","category-vie-des-classes"],"_links":{"self":[{"href":"https:\/\/stpierre-teille.fr\/index.php?rest_route=\/wp\/v2\/posts\/3304","targetHints":{"allow":["GET"]}}],"collection":[{"href":"https:\/\/stpierre-teille.fr\/index.php?rest_route=\/wp\/v2\/posts"}],"about":[{"href":"https:\/\/stpierre-teille.fr\/index.php?rest_route=\/wp\/v2\/types\/post"}],"author":[{"embeddable":true,"href":"https:\/\/stpierre-teille.fr\/index.php?rest_route=\/wp\/v2\/users\/3"}],"replies":[{"embeddable":true,"href":"https:\/\/stpierre-teille.fr\/index.php?rest_route=%2Fwp%2Fv2%2Fcomments&post=3304"}],"version-history":[{"count":5,"href":"https:\/\/stpierre-teille.fr\/index.php?rest_route=\/wp\/v2\/posts\/3304\/revisions"}],"predecessor-version":[{"id":3309,"href":"https:\/\/stpierre-teille.fr\/index.php?rest_route=\/wp\/v2\/posts\/3304\/revisions\/3309"}],"wp:featuredmedia":[{"embeddable":true,"href":"https:\/\/stpierre-teille.fr\/index.php?rest_route=\/wp\/v2\/media\/3302"}],"wp:attachment":[{"href":"https:\/\/stpierre-teille.fr\/index.php?rest_route=%2Fwp%2Fv2%2Fmedia&parent=3304"}],"wp:term":[{"taxonomy":"category","embeddable":true,"href":"https:\/\/stpierre-teille.fr\/index.php?rest_route=%2Fwp%2Fv2%2Fcategories&post=3304"},{"taxonomy":"post_tag","embeddable":true,"href":"https:\/\/stpierre-teille.fr\/index.php?rest_route=%2Fwp%2Fv2%2Ftags&post=3304"}],"curies":[{"name":"wp","href":"https:\/\/api.w.org\/{rel}","templated":true}]}}