{"id":3219,"date":"2024-10-14T13:00:11","date_gmt":"2024-10-14T12:00:11","guid":{"rendered":"https:\/\/stpierre-teille.fr\/?p=3219"},"modified":"2024-10-14T13:04:48","modified_gmt":"2024-10-14T12:04:48","slug":"projet-musique-en-classe-maternelle","status":"publish","type":"post","link":"https:\/\/stpierre-teille.fr\/?p=3219","title":{"rendered":"Projet musique en classe maternelle"},"content":{"rendered":"<p>FESTIVAL&nbsp; \u00ab CE SOIR JE SORS MES PARENTS \u00bb<\/p>\n<p>Jeudi 10 Octobre,<br \/>\nNotre projet d\u00e9bute ce matin. Les artistes Gurvan Loudoux et Amadou Diago se sont install\u00e9s dans notre salle de motricit\u00e9. Par petits groupes, nous nous&nbsp; asseyons au son de la musique africaine. Amadou joue des instruments de musique traditionnels africains tandis que Gurvan joue de la musique \u00e9lectronique<br \/>\nNous d\u00e9couvrons de nouveaux instruments (le n&rsquo;goni, le balafon, la kora)et de nouvelles sonorit\u00e9s. Puis, nous essayons les instruments et nous chantons.Quelle joie toutes ces d\u00e9couvertes !Demain , nous les reverrons car nous irons en car voir leur spectacle \u00e0 Pannec\u00e9.<\/p>\n<p><a href=\"https:\/\/stpierre-teille.fr\/wp-content\/uploads\/2024\/10\/IMG_20241010_0917431-scaled.jpg\"><img loading=\"lazy\" decoding=\"async\" class=\"alignnone size-medium wp-image-3211\" src=\"https:\/\/stpierre-teille.fr\/wp-content\/uploads\/2024\/10\/IMG_20241010_0917431-300x225.jpg\" alt=\"\" width=\"300\" height=\"225\" srcset=\"https:\/\/stpierre-teille.fr\/wp-content\/uploads\/2024\/10\/IMG_20241010_0917431-300x225.jpg 300w, https:\/\/stpierre-teille.fr\/wp-content\/uploads\/2024\/10\/IMG_20241010_0917431-1024x769.jpg 1024w, https:\/\/stpierre-teille.fr\/wp-content\/uploads\/2024\/10\/IMG_20241010_0917431-768x577.jpg 768w, https:\/\/stpierre-teille.fr\/wp-content\/uploads\/2024\/10\/IMG_20241010_0917431-1536x1153.jpg 1536w, https:\/\/stpierre-teille.fr\/wp-content\/uploads\/2024\/10\/IMG_20241010_0917431-2048x1538.jpg 2048w, https:\/\/stpierre-teille.fr\/wp-content\/uploads\/2024\/10\/IMG_20241010_0917431-1438x1080.jpg 1438w\" sizes=\"auto, (max-width: 300px) 100vw, 300px\" \/><\/a> <a href=\"https:\/\/stpierre-teille.fr\/wp-content\/uploads\/2024\/10\/IMG_20241010_091755-scaled.jpg\"><img loading=\"lazy\" decoding=\"async\" class=\"alignnone size-medium wp-image-3212\" src=\"https:\/\/stpierre-teille.fr\/wp-content\/uploads\/2024\/10\/IMG_20241010_091755-225x300.jpg\" alt=\"\" width=\"225\" height=\"300\" srcset=\"https:\/\/stpierre-teille.fr\/wp-content\/uploads\/2024\/10\/IMG_20241010_091755-225x300.jpg 225w, https:\/\/stpierre-teille.fr\/wp-content\/uploads\/2024\/10\/IMG_20241010_091755-769x1024.jpg 769w, https:\/\/stpierre-teille.fr\/wp-content\/uploads\/2024\/10\/IMG_20241010_091755-768x1023.jpg 768w, https:\/\/stpierre-teille.fr\/wp-content\/uploads\/2024\/10\/IMG_20241010_091755-1153x1536.jpg 1153w, https:\/\/stpierre-teille.fr\/wp-content\/uploads\/2024\/10\/IMG_20241010_091755-1538x2048.jpg 1538w, https:\/\/stpierre-teille.fr\/wp-content\/uploads\/2024\/10\/IMG_20241010_091755-1024x1364.jpg 1024w, https:\/\/stpierre-teille.fr\/wp-content\/uploads\/2024\/10\/IMG_20241010_091755-811x1080.jpg 811w, https:\/\/stpierre-teille.fr\/wp-content\/uploads\/2024\/10\/IMG_20241010_091755-scaled.jpg 1922w\" sizes=\"auto, (max-width: 225px) 100vw, 225px\" \/><\/a> <a href=\"https:\/\/stpierre-teille.fr\/wp-content\/uploads\/2024\/10\/IMG_20241010_092845-scaled.jpg\"><img loading=\"lazy\" decoding=\"async\" class=\"alignnone size-medium wp-image-3213\" src=\"https:\/\/stpierre-teille.fr\/wp-content\/uploads\/2024\/10\/IMG_20241010_092845-300x225.jpg\" alt=\"\" width=\"300\" height=\"225\" srcset=\"https:\/\/stpierre-teille.fr\/wp-content\/uploads\/2024\/10\/IMG_20241010_092845-300x225.jpg 300w, https:\/\/stpierre-teille.fr\/wp-content\/uploads\/2024\/10\/IMG_20241010_092845-1024x769.jpg 1024w, https:\/\/stpierre-teille.fr\/wp-content\/uploads\/2024\/10\/IMG_20241010_092845-768x577.jpg 768w, https:\/\/stpierre-teille.fr\/wp-content\/uploads\/2024\/10\/IMG_20241010_092845-1536x1153.jpg 1536w, https:\/\/stpierre-teille.fr\/wp-content\/uploads\/2024\/10\/IMG_20241010_092845-2048x1538.jpg 2048w, https:\/\/stpierre-teille.fr\/wp-content\/uploads\/2024\/10\/IMG_20241010_092845-1438x1080.jpg 1438w\" sizes=\"auto, (max-width: 300px) 100vw, 300px\" \/><\/a> <a href=\"https:\/\/stpierre-teille.fr\/wp-content\/uploads\/2024\/10\/IMG_20241010_093421-scaled.jpg\"><img loading=\"lazy\" decoding=\"async\" class=\"alignnone size-medium wp-image-3214\" src=\"https:\/\/stpierre-teille.fr\/wp-content\/uploads\/2024\/10\/IMG_20241010_093421-222x300.jpg\" alt=\"\" width=\"222\" height=\"300\" srcset=\"https:\/\/stpierre-teille.fr\/wp-content\/uploads\/2024\/10\/IMG_20241010_093421-222x300.jpg 222w, https:\/\/stpierre-teille.fr\/wp-content\/uploads\/2024\/10\/IMG_20241010_093421-759x1024.jpg 759w, https:\/\/stpierre-teille.fr\/wp-content\/uploads\/2024\/10\/IMG_20241010_093421-768x1036.jpg 768w, https:\/\/stpierre-teille.fr\/wp-content\/uploads\/2024\/10\/IMG_20241010_093421-1139x1536.jpg 1139w, https:\/\/stpierre-teille.fr\/wp-content\/uploads\/2024\/10\/IMG_20241010_093421-1518x2048.jpg 1518w, https:\/\/stpierre-teille.fr\/wp-content\/uploads\/2024\/10\/IMG_20241010_093421-1024x1381.jpg 1024w, https:\/\/stpierre-teille.fr\/wp-content\/uploads\/2024\/10\/IMG_20241010_093421-801x1080.jpg 801w, https:\/\/stpierre-teille.fr\/wp-content\/uploads\/2024\/10\/IMG_20241010_093421-scaled.jpg 1898w\" sizes=\"auto, (max-width: 222px) 100vw, 222px\" \/><\/a> <a href=\"https:\/\/stpierre-teille.fr\/wp-content\/uploads\/2024\/10\/IMG_20241010_093531-scaled.jpg\"><img loading=\"lazy\" decoding=\"async\" class=\"alignnone size-medium wp-image-3215\" src=\"https:\/\/stpierre-teille.fr\/wp-content\/uploads\/2024\/10\/IMG_20241010_093531-300x222.jpg\" alt=\"\" width=\"300\" height=\"222\" srcset=\"https:\/\/stpierre-teille.fr\/wp-content\/uploads\/2024\/10\/IMG_20241010_093531-300x222.jpg 300w, https:\/\/stpierre-teille.fr\/wp-content\/uploads\/2024\/10\/IMG_20241010_093531-1024x759.jpg 1024w, https:\/\/stpierre-teille.fr\/wp-content\/uploads\/2024\/10\/IMG_20241010_093531-768x569.jpg 768w, https:\/\/stpierre-teille.fr\/wp-content\/uploads\/2024\/10\/IMG_20241010_093531-1536x1139.jpg 1536w, https:\/\/stpierre-teille.fr\/wp-content\/uploads\/2024\/10\/IMG_20241010_093531-2048x1518.jpg 2048w, https:\/\/stpierre-teille.fr\/wp-content\/uploads\/2024\/10\/IMG_20241010_093531-1457x1080.jpg 1457w\" sizes=\"auto, (max-width: 300px) 100vw, 300px\" \/><\/a><\/p>\n<p>Vendredi 11 Octobre ,<br \/>\nC\u2019est le jour du spectacle .Nous avons pris le car de bonne heure et nous sommes all\u00e9s \u00e0 la salle de loisirs de Pannec\u00e9 Amadou et Gurvan nous attendaient.<br \/>\nNous nous sommes install\u00e9s sur les coussins et les tapis , il faisait noir. Les lumi\u00e8res se sont allum\u00e9es et la magie a op\u00e9r\u00e9 :nous voil\u00e0 transport\u00e9s en Afrique ,les chansons \u00e9taient rythm\u00e9es et belles. On a chant\u00e9 , dans\u00e9\u2026Quelle belle matin\u00e9e !!!<\/p>\n<p><a href=\"https:\/\/stpierre-teille.fr\/wp-content\/uploads\/2024\/10\/IMG_20241011_094923-scaled.jpg\"><img loading=\"lazy\" decoding=\"async\" class=\"alignnone size-medium wp-image-3218\" src=\"https:\/\/stpierre-teille.fr\/wp-content\/uploads\/2024\/10\/IMG_20241011_094923-300x222.jpg\" alt=\"\" width=\"300\" height=\"222\" srcset=\"https:\/\/stpierre-teille.fr\/wp-content\/uploads\/2024\/10\/IMG_20241011_094923-300x222.jpg 300w, https:\/\/stpierre-teille.fr\/wp-content\/uploads\/2024\/10\/IMG_20241011_094923-1024x759.jpg 1024w, https:\/\/stpierre-teille.fr\/wp-content\/uploads\/2024\/10\/IMG_20241011_094923-768x569.jpg 768w, https:\/\/stpierre-teille.fr\/wp-content\/uploads\/2024\/10\/IMG_20241011_094923-1536x1139.jpg 1536w, https:\/\/stpierre-teille.fr\/wp-content\/uploads\/2024\/10\/IMG_20241011_094923-2048x1518.jpg 2048w, https:\/\/stpierre-teille.fr\/wp-content\/uploads\/2024\/10\/IMG_20241011_094923-1457x1080.jpg 1457w\" sizes=\"auto, (max-width: 300px) 100vw, 300px\" \/><\/a> <a href=\"https:\/\/stpierre-teille.fr\/wp-content\/uploads\/2024\/10\/IMG_20241011_094834-scaled.jpg\"><img loading=\"lazy\" decoding=\"async\" class=\"alignnone size-medium wp-image-3217\" src=\"https:\/\/stpierre-teille.fr\/wp-content\/uploads\/2024\/10\/IMG_20241011_094834-300x222.jpg\" alt=\"\" width=\"300\" height=\"222\" srcset=\"https:\/\/stpierre-teille.fr\/wp-content\/uploads\/2024\/10\/IMG_20241011_094834-300x222.jpg 300w, https:\/\/stpierre-teille.fr\/wp-content\/uploads\/2024\/10\/IMG_20241011_094834-1024x759.jpg 1024w, https:\/\/stpierre-teille.fr\/wp-content\/uploads\/2024\/10\/IMG_20241011_094834-768x569.jpg 768w, https:\/\/stpierre-teille.fr\/wp-content\/uploads\/2024\/10\/IMG_20241011_094834-1536x1139.jpg 1536w, https:\/\/stpierre-teille.fr\/wp-content\/uploads\/2024\/10\/IMG_20241011_094834-2048x1518.jpg 2048w, https:\/\/stpierre-teille.fr\/wp-content\/uploads\/2024\/10\/IMG_20241011_094834-1457x1080.jpg 1457w\" sizes=\"auto, (max-width: 300px) 100vw, 300px\" \/><\/a> <a href=\"https:\/\/stpierre-teille.fr\/wp-content\/uploads\/2024\/10\/IMG_20241011_094827-scaled.jpg\"><img loading=\"lazy\" decoding=\"async\" class=\"alignnone size-medium wp-image-3216\" src=\"https:\/\/stpierre-teille.fr\/wp-content\/uploads\/2024\/10\/IMG_20241011_094827-300x225.jpg\" alt=\"\" width=\"300\" height=\"225\" srcset=\"https:\/\/stpierre-teille.fr\/wp-content\/uploads\/2024\/10\/IMG_20241011_094827-300x225.jpg 300w, https:\/\/stpierre-teille.fr\/wp-content\/uploads\/2024\/10\/IMG_20241011_094827-1024x769.jpg 1024w, https:\/\/stpierre-teille.fr\/wp-content\/uploads\/2024\/10\/IMG_20241011_094827-768x577.jpg 768w, https:\/\/stpierre-teille.fr\/wp-content\/uploads\/2024\/10\/IMG_20241011_094827-1536x1153.jpg 1536w, https:\/\/stpierre-teille.fr\/wp-content\/uploads\/2024\/10\/IMG_20241011_094827-2048x1538.jpg 2048w, https:\/\/stpierre-teille.fr\/wp-content\/uploads\/2024\/10\/IMG_20241011_094827-1438x1080.jpg 1438w\" sizes=\"auto, (max-width: 300px) 100vw, 300px\" \/><\/a><\/p>\n<p>&nbsp;<\/p>\n","protected":false},"excerpt":{"rendered":"<p>FESTIVAL&nbsp; \u00ab CE SOIR JE SORS MES PARENTS \u00bb Jeudi 10 Octobre, Notre projet d\u00e9bute ce matin. Les artistes Gurvan Loudoux et Amadou Diago se sont install\u00e9s dans notre salle de motricit\u00e9. Par petits groupes, nous nous&nbsp; asseyons au son de la musique africaine. Amadou joue des instruments de musique traditionnels africains tandis que Gurvan&hellip; <br \/> <a class=\"read-more\" href=\"https:\/\/stpierre-teille.fr\/?p=3219\">Lire la suite<\/a><\/p>\n","protected":false},"author":7,"featured_media":3214,"comment_status":"closed","ping_status":"closed","sticky":false,"template":"","format":"standard","meta":{"ngg_post_thumbnail":0,"footnotes":""},"categories":[1],"tags":[],"class_list":["post-3219","post","type-post","status-publish","format-standard","has-post-thumbnail","hentry","category-non-classe"],"_links":{"self":[{"href":"https:\/\/stpierre-teille.fr\/index.php?rest_route=\/wp\/v2\/posts\/3219","targetHints":{"allow":["GET"]}}],"collection":[{"href":"https:\/\/stpierre-teille.fr\/index.php?rest_route=\/wp\/v2\/posts"}],"about":[{"href":"https:\/\/stpierre-teille.fr\/index.php?rest_route=\/wp\/v2\/types\/post"}],"author":[{"embeddable":true,"href":"https:\/\/stpierre-teille.fr\/index.php?rest_route=\/wp\/v2\/users\/7"}],"replies":[{"embeddable":true,"href":"https:\/\/stpierre-teille.fr\/index.php?rest_route=%2Fwp%2Fv2%2Fcomments&post=3219"}],"version-history":[{"count":3,"href":"https:\/\/stpierre-teille.fr\/index.php?rest_route=\/wp\/v2\/posts\/3219\/revisions"}],"predecessor-version":[{"id":3222,"href":"https:\/\/stpierre-teille.fr\/index.php?rest_route=\/wp\/v2\/posts\/3219\/revisions\/3222"}],"wp:featuredmedia":[{"embeddable":true,"href":"https:\/\/stpierre-teille.fr\/index.php?rest_route=\/wp\/v2\/media\/3214"}],"wp:attachment":[{"href":"https:\/\/stpierre-teille.fr\/index.php?rest_route=%2Fwp%2Fv2%2Fmedia&parent=3219"}],"wp:term":[{"taxonomy":"category","embeddable":true,"href":"https:\/\/stpierre-teille.fr\/index.php?rest_route=%2Fwp%2Fv2%2Fcategories&post=3219"},{"taxonomy":"post_tag","embeddable":true,"href":"https:\/\/stpierre-teille.fr\/index.php?rest_route=%2Fwp%2Fv2%2Ftags&post=3219"}],"curies":[{"name":"wp","href":"https:\/\/api.w.org\/{rel}","templated":true}]}}