{"id":3172,"date":"2024-09-11T11:00:38","date_gmt":"2024-09-11T10:00:38","guid":{"rendered":"https:\/\/stpierre-teille.fr\/?p=3172"},"modified":"2024-10-09T08:27:36","modified_gmt":"2024-10-09T07:27:36","slug":"celebration-de-rentree-2","status":"publish","type":"post","link":"https:\/\/stpierre-teille.fr\/?p=3172","title":{"rendered":"C\u00e9l\u00e9bration de rentr\u00e9e"},"content":{"rendered":"<p>Jeudi 5 septembre, nous nous sommes tous r\u00e9unis dans la salle de motricit\u00e9 pour c\u00e9l\u00e9brer la rentr\u00e9e.<\/p>\n<p><a href=\"https:\/\/stpierre-teille.fr\/wp-content\/uploads\/2024\/09\/IMG_4567-scaled.jpg\"><img loading=\"lazy\" decoding=\"async\" class=\"size-medium wp-image-3174 aligncenter\" src=\"https:\/\/stpierre-teille.fr\/wp-content\/uploads\/2024\/09\/IMG_4567-300x225.jpg\" alt=\"\" width=\"300\" height=\"225\" srcset=\"https:\/\/stpierre-teille.fr\/wp-content\/uploads\/2024\/09\/IMG_4567-300x225.jpg 300w, https:\/\/stpierre-teille.fr\/wp-content\/uploads\/2024\/09\/IMG_4567-1024x768.jpg 1024w, https:\/\/stpierre-teille.fr\/wp-content\/uploads\/2024\/09\/IMG_4567-768x576.jpg 768w, https:\/\/stpierre-teille.fr\/wp-content\/uploads\/2024\/09\/IMG_4567-1536x1152.jpg 1536w, https:\/\/stpierre-teille.fr\/wp-content\/uploads\/2024\/09\/IMG_4567-2048x1536.jpg 2048w, https:\/\/stpierre-teille.fr\/wp-content\/uploads\/2024\/09\/IMG_4567-1440x1080.jpg 1440w\" sizes=\"auto, (max-width: 300px) 100vw, 300px\" \/><\/a><\/p>\n<p>Comme chaque ann\u00e9e, nous avons pr\u00e9sent\u00e9 les nouveaux \u00e9l\u00e8ves de l\u2019\u00e9cole : Romain en CM1, Axel en CE2, Joanne en CP, Myliana et Lucie en MS, Evan et Emma (qui \u00e9taient en PPS l\u2019ann\u00e9e derni\u00e8re), Liana, Faustine, Til\u00e9o, Louka, Emiliano, Nolan, Crystal et Alba en PS et No\u00fbr en PPS.<\/p>\n<p><a href=\"https:\/\/stpierre-teille.fr\/wp-content\/uploads\/2024\/09\/IMG_4568-scaled.jpg\"><img loading=\"lazy\" decoding=\"async\" class=\"alignnone size-medium wp-image-3175\" src=\"https:\/\/stpierre-teille.fr\/wp-content\/uploads\/2024\/09\/IMG_4568-225x300.jpg\" alt=\"\" width=\"225\" height=\"300\" srcset=\"https:\/\/stpierre-teille.fr\/wp-content\/uploads\/2024\/09\/IMG_4568-225x300.jpg 225w, https:\/\/stpierre-teille.fr\/wp-content\/uploads\/2024\/09\/IMG_4568-768x1024.jpg 768w, https:\/\/stpierre-teille.fr\/wp-content\/uploads\/2024\/09\/IMG_4568-1152x1536.jpg 1152w, https:\/\/stpierre-teille.fr\/wp-content\/uploads\/2024\/09\/IMG_4568-1536x2048.jpg 1536w, https:\/\/stpierre-teille.fr\/wp-content\/uploads\/2024\/09\/IMG_4568-1024x1365.jpg 1024w, https:\/\/stpierre-teille.fr\/wp-content\/uploads\/2024\/09\/IMG_4568-810x1080.jpg 810w, https:\/\/stpierre-teille.fr\/wp-content\/uploads\/2024\/09\/IMG_4568-scaled.jpg 1920w\" sizes=\"auto, (max-width: 225px) 100vw, 225px\" \/><\/a><a href=\"https:\/\/stpierre-teille.fr\/wp-content\/uploads\/2024\/09\/IMG_4569-scaled.jpg\"><img loading=\"lazy\" decoding=\"async\" class=\"alignnone size-medium wp-image-3176\" src=\"https:\/\/stpierre-teille.fr\/wp-content\/uploads\/2024\/09\/IMG_4569-225x300.jpg\" alt=\"\" width=\"225\" height=\"300\" srcset=\"https:\/\/stpierre-teille.fr\/wp-content\/uploads\/2024\/09\/IMG_4569-225x300.jpg 225w, https:\/\/stpierre-teille.fr\/wp-content\/uploads\/2024\/09\/IMG_4569-768x1024.jpg 768w, https:\/\/stpierre-teille.fr\/wp-content\/uploads\/2024\/09\/IMG_4569-1152x1536.jpg 1152w, https:\/\/stpierre-teille.fr\/wp-content\/uploads\/2024\/09\/IMG_4569-1536x2048.jpg 1536w, https:\/\/stpierre-teille.fr\/wp-content\/uploads\/2024\/09\/IMG_4569-1024x1365.jpg 1024w, https:\/\/stpierre-teille.fr\/wp-content\/uploads\/2024\/09\/IMG_4569-810x1080.jpg 810w, https:\/\/stpierre-teille.fr\/wp-content\/uploads\/2024\/09\/IMG_4569-scaled.jpg 1920w\" sizes=\"auto, (max-width: 225px) 100vw, 225px\" \/><\/a><a href=\"https:\/\/stpierre-teille.fr\/wp-content\/uploads\/2024\/09\/IMG_4570-scaled.jpg\"><img loading=\"lazy\" decoding=\"async\" class=\"alignnone size-medium wp-image-3177\" src=\"https:\/\/stpierre-teille.fr\/wp-content\/uploads\/2024\/09\/IMG_4570-225x300.jpg\" alt=\"\" width=\"225\" height=\"300\" srcset=\"https:\/\/stpierre-teille.fr\/wp-content\/uploads\/2024\/09\/IMG_4570-225x300.jpg 225w, https:\/\/stpierre-teille.fr\/wp-content\/uploads\/2024\/09\/IMG_4570-768x1024.jpg 768w, https:\/\/stpierre-teille.fr\/wp-content\/uploads\/2024\/09\/IMG_4570-1152x1536.jpg 1152w, https:\/\/stpierre-teille.fr\/wp-content\/uploads\/2024\/09\/IMG_4570-1536x2048.jpg 1536w, https:\/\/stpierre-teille.fr\/wp-content\/uploads\/2024\/09\/IMG_4570-1024x1365.jpg 1024w, https:\/\/stpierre-teille.fr\/wp-content\/uploads\/2024\/09\/IMG_4570-810x1080.jpg 810w, https:\/\/stpierre-teille.fr\/wp-content\/uploads\/2024\/09\/IMG_4570-scaled.jpg 1920w\" sizes=\"auto, (max-width: 225px) 100vw, 225px\" \/><\/a><a href=\"https:\/\/stpierre-teille.fr\/wp-content\/uploads\/2024\/09\/IMG_4573-scaled.jpg\"><img loading=\"lazy\" decoding=\"async\" class=\"alignnone size-medium wp-image-3178\" src=\"https:\/\/stpierre-teille.fr\/wp-content\/uploads\/2024\/09\/IMG_4573-225x300.jpg\" alt=\"\" width=\"225\" height=\"300\" srcset=\"https:\/\/stpierre-teille.fr\/wp-content\/uploads\/2024\/09\/IMG_4573-225x300.jpg 225w, https:\/\/stpierre-teille.fr\/wp-content\/uploads\/2024\/09\/IMG_4573-768x1024.jpg 768w, https:\/\/stpierre-teille.fr\/wp-content\/uploads\/2024\/09\/IMG_4573-1152x1536.jpg 1152w, https:\/\/stpierre-teille.fr\/wp-content\/uploads\/2024\/09\/IMG_4573-1536x2048.jpg 1536w, https:\/\/stpierre-teille.fr\/wp-content\/uploads\/2024\/09\/IMG_4573-1024x1365.jpg 1024w, https:\/\/stpierre-teille.fr\/wp-content\/uploads\/2024\/09\/IMG_4573-810x1080.jpg 810w, https:\/\/stpierre-teille.fr\/wp-content\/uploads\/2024\/09\/IMG_4573-scaled.jpg 1920w\" sizes=\"auto, (max-width: 225px) 100vw, 225px\" \/><\/a><a href=\"https:\/\/stpierre-teille.fr\/wp-content\/uploads\/2024\/09\/IMG_4576-scaled.jpg\"><img loading=\"lazy\" decoding=\"async\" class=\"alignnone size-medium wp-image-3179\" src=\"https:\/\/stpierre-teille.fr\/wp-content\/uploads\/2024\/09\/IMG_4576-225x300.jpg\" alt=\"\" width=\"225\" height=\"300\" srcset=\"https:\/\/stpierre-teille.fr\/wp-content\/uploads\/2024\/09\/IMG_4576-225x300.jpg 225w, https:\/\/stpierre-teille.fr\/wp-content\/uploads\/2024\/09\/IMG_4576-768x1024.jpg 768w, https:\/\/stpierre-teille.fr\/wp-content\/uploads\/2024\/09\/IMG_4576-1152x1536.jpg 1152w, https:\/\/stpierre-teille.fr\/wp-content\/uploads\/2024\/09\/IMG_4576-1536x2048.jpg 1536w, https:\/\/stpierre-teille.fr\/wp-content\/uploads\/2024\/09\/IMG_4576-1024x1365.jpg 1024w, https:\/\/stpierre-teille.fr\/wp-content\/uploads\/2024\/09\/IMG_4576-810x1080.jpg 810w, https:\/\/stpierre-teille.fr\/wp-content\/uploads\/2024\/09\/IMG_4576-scaled.jpg 1920w\" sizes=\"auto, (max-width: 225px) 100vw, 225px\" \/><\/a><a href=\"https:\/\/stpierre-teille.fr\/wp-content\/uploads\/2024\/09\/IMG_4577-scaled.jpg\"><img loading=\"lazy\" decoding=\"async\" class=\"alignnone size-medium wp-image-3180\" src=\"https:\/\/stpierre-teille.fr\/wp-content\/uploads\/2024\/09\/IMG_4577-225x300.jpg\" alt=\"\" width=\"225\" height=\"300\" srcset=\"https:\/\/stpierre-teille.fr\/wp-content\/uploads\/2024\/09\/IMG_4577-225x300.jpg 225w, https:\/\/stpierre-teille.fr\/wp-content\/uploads\/2024\/09\/IMG_4577-768x1024.jpg 768w, https:\/\/stpierre-teille.fr\/wp-content\/uploads\/2024\/09\/IMG_4577-1152x1536.jpg 1152w, https:\/\/stpierre-teille.fr\/wp-content\/uploads\/2024\/09\/IMG_4577-1536x2048.jpg 1536w, https:\/\/stpierre-teille.fr\/wp-content\/uploads\/2024\/09\/IMG_4577-1024x1365.jpg 1024w, https:\/\/stpierre-teille.fr\/wp-content\/uploads\/2024\/09\/IMG_4577-810x1080.jpg 810w, https:\/\/stpierre-teille.fr\/wp-content\/uploads\/2024\/09\/IMG_4577-scaled.jpg 1920w\" sizes=\"auto, (max-width: 225px) 100vw, 225px\" \/><\/a><a href=\"https:\/\/stpierre-teille.fr\/wp-content\/uploads\/2024\/09\/IMG_4581-scaled.jpg\"><img loading=\"lazy\" decoding=\"async\" class=\"alignnone size-medium wp-image-3183\" src=\"https:\/\/stpierre-teille.fr\/wp-content\/uploads\/2024\/09\/IMG_4581-225x300.jpg\" alt=\"\" width=\"225\" height=\"300\" srcset=\"https:\/\/stpierre-teille.fr\/wp-content\/uploads\/2024\/09\/IMG_4581-225x300.jpg 225w, https:\/\/stpierre-teille.fr\/wp-content\/uploads\/2024\/09\/IMG_4581-768x1024.jpg 768w, https:\/\/stpierre-teille.fr\/wp-content\/uploads\/2024\/09\/IMG_4581-1152x1536.jpg 1152w, https:\/\/stpierre-teille.fr\/wp-content\/uploads\/2024\/09\/IMG_4581-1536x2048.jpg 1536w, https:\/\/stpierre-teille.fr\/wp-content\/uploads\/2024\/09\/IMG_4581-1024x1365.jpg 1024w, https:\/\/stpierre-teille.fr\/wp-content\/uploads\/2024\/09\/IMG_4581-810x1080.jpg 810w, https:\/\/stpierre-teille.fr\/wp-content\/uploads\/2024\/09\/IMG_4581-scaled.jpg 1920w\" sizes=\"auto, (max-width: 225px) 100vw, 225px\" \/><\/a><a href=\"https:\/\/stpierre-teille.fr\/wp-content\/uploads\/2024\/09\/IMG_4580-scaled.jpg\"><img loading=\"lazy\" decoding=\"async\" class=\"alignnone size-medium wp-image-3182\" src=\"https:\/\/stpierre-teille.fr\/wp-content\/uploads\/2024\/09\/IMG_4580-225x300.jpg\" alt=\"\" width=\"225\" height=\"300\" srcset=\"https:\/\/stpierre-teille.fr\/wp-content\/uploads\/2024\/09\/IMG_4580-225x300.jpg 225w, https:\/\/stpierre-teille.fr\/wp-content\/uploads\/2024\/09\/IMG_4580-768x1024.jpg 768w, https:\/\/stpierre-teille.fr\/wp-content\/uploads\/2024\/09\/IMG_4580-1152x1536.jpg 1152w, https:\/\/stpierre-teille.fr\/wp-content\/uploads\/2024\/09\/IMG_4580-1536x2048.jpg 1536w, https:\/\/stpierre-teille.fr\/wp-content\/uploads\/2024\/09\/IMG_4580-1024x1365.jpg 1024w, https:\/\/stpierre-teille.fr\/wp-content\/uploads\/2024\/09\/IMG_4580-810x1080.jpg 810w, https:\/\/stpierre-teille.fr\/wp-content\/uploads\/2024\/09\/IMG_4580-scaled.jpg 1920w\" sizes=\"auto, (max-width: 225px) 100vw, 225px\" \/><\/a><a href=\"https:\/\/stpierre-teille.fr\/wp-content\/uploads\/2024\/09\/IMG_4578-scaled.jpg\"><img loading=\"lazy\" decoding=\"async\" class=\"alignnone size-medium wp-image-3181\" src=\"https:\/\/stpierre-teille.fr\/wp-content\/uploads\/2024\/09\/IMG_4578-225x300.jpg\" alt=\"\" width=\"225\" height=\"300\" srcset=\"https:\/\/stpierre-teille.fr\/wp-content\/uploads\/2024\/09\/IMG_4578-225x300.jpg 225w, https:\/\/stpierre-teille.fr\/wp-content\/uploads\/2024\/09\/IMG_4578-768x1024.jpg 768w, https:\/\/stpierre-teille.fr\/wp-content\/uploads\/2024\/09\/IMG_4578-1152x1536.jpg 1152w, https:\/\/stpierre-teille.fr\/wp-content\/uploads\/2024\/09\/IMG_4578-1536x2048.jpg 1536w, https:\/\/stpierre-teille.fr\/wp-content\/uploads\/2024\/09\/IMG_4578-1024x1365.jpg 1024w, https:\/\/stpierre-teille.fr\/wp-content\/uploads\/2024\/09\/IMG_4578-810x1080.jpg 810w, https:\/\/stpierre-teille.fr\/wp-content\/uploads\/2024\/09\/IMG_4578-scaled.jpg 1920w\" sizes=\"auto, (max-width: 225px) 100vw, 225px\" \/><\/a><a href=\"https:\/\/stpierre-teille.fr\/wp-content\/uploads\/2024\/09\/IMG_4583-scaled.jpg\"><img loading=\"lazy\" decoding=\"async\" class=\"alignnone size-medium wp-image-3185\" src=\"https:\/\/stpierre-teille.fr\/wp-content\/uploads\/2024\/09\/IMG_4583-225x300.jpg\" alt=\"\" width=\"225\" height=\"300\" srcset=\"https:\/\/stpierre-teille.fr\/wp-content\/uploads\/2024\/09\/IMG_4583-225x300.jpg 225w, https:\/\/stpierre-teille.fr\/wp-content\/uploads\/2024\/09\/IMG_4583-768x1024.jpg 768w, https:\/\/stpierre-teille.fr\/wp-content\/uploads\/2024\/09\/IMG_4583-1152x1536.jpg 1152w, https:\/\/stpierre-teille.fr\/wp-content\/uploads\/2024\/09\/IMG_4583-1536x2048.jpg 1536w, https:\/\/stpierre-teille.fr\/wp-content\/uploads\/2024\/09\/IMG_4583-1024x1365.jpg 1024w, https:\/\/stpierre-teille.fr\/wp-content\/uploads\/2024\/09\/IMG_4583-810x1080.jpg 810w, https:\/\/stpierre-teille.fr\/wp-content\/uploads\/2024\/09\/IMG_4583-scaled.jpg 1920w\" sizes=\"auto, (max-width: 225px) 100vw, 225px\" \/><\/a><a href=\"https:\/\/stpierre-teille.fr\/wp-content\/uploads\/2024\/09\/IMG_4584-scaled.jpg\"><img loading=\"lazy\" decoding=\"async\" class=\"alignnone size-medium wp-image-3186\" src=\"https:\/\/stpierre-teille.fr\/wp-content\/uploads\/2024\/09\/IMG_4584-225x300.jpg\" alt=\"\" width=\"225\" height=\"300\" srcset=\"https:\/\/stpierre-teille.fr\/wp-content\/uploads\/2024\/09\/IMG_4584-225x300.jpg 225w, https:\/\/stpierre-teille.fr\/wp-content\/uploads\/2024\/09\/IMG_4584-768x1024.jpg 768w, https:\/\/stpierre-teille.fr\/wp-content\/uploads\/2024\/09\/IMG_4584-1152x1536.jpg 1152w, https:\/\/stpierre-teille.fr\/wp-content\/uploads\/2024\/09\/IMG_4584-1536x2048.jpg 1536w, https:\/\/stpierre-teille.fr\/wp-content\/uploads\/2024\/09\/IMG_4584-1024x1365.jpg 1024w, https:\/\/stpierre-teille.fr\/wp-content\/uploads\/2024\/09\/IMG_4584-810x1080.jpg 810w, https:\/\/stpierre-teille.fr\/wp-content\/uploads\/2024\/09\/IMG_4584-scaled.jpg 1920w\" sizes=\"auto, (max-width: 225px) 100vw, 225px\" \/><\/a><\/p>\n<p>&nbsp;<\/p>\n<p>&nbsp;<\/p>\n<p>Les nouveaux adultes se sont aussi pr\u00e9sent\u00e9s&nbsp;: Chlo\u00e9, stagiaire dans la classe de Gildas et Eva, apprentie dans la classe de Virginie.<\/p>\n<p><a href=\"https:\/\/stpierre-teille.fr\/wp-content\/uploads\/2024\/09\/IMG_4585-scaled.jpg\"><img loading=\"lazy\" decoding=\"async\" class=\"alignnone size-medium wp-image-3187\" src=\"https:\/\/stpierre-teille.fr\/wp-content\/uploads\/2024\/09\/IMG_4585-225x300.jpg\" alt=\"\" width=\"225\" height=\"300\" srcset=\"https:\/\/stpierre-teille.fr\/wp-content\/uploads\/2024\/09\/IMG_4585-225x300.jpg 225w, https:\/\/stpierre-teille.fr\/wp-content\/uploads\/2024\/09\/IMG_4585-768x1024.jpg 768w, https:\/\/stpierre-teille.fr\/wp-content\/uploads\/2024\/09\/IMG_4585-1152x1536.jpg 1152w, https:\/\/stpierre-teille.fr\/wp-content\/uploads\/2024\/09\/IMG_4585-1536x2048.jpg 1536w, https:\/\/stpierre-teille.fr\/wp-content\/uploads\/2024\/09\/IMG_4585-1024x1365.jpg 1024w, https:\/\/stpierre-teille.fr\/wp-content\/uploads\/2024\/09\/IMG_4585-810x1080.jpg 810w, https:\/\/stpierre-teille.fr\/wp-content\/uploads\/2024\/09\/IMG_4585-scaled.jpg 1920w\" sizes=\"auto, (max-width: 225px) 100vw, 225px\" \/><\/a><\/p>\n<p>Chaque \u00e9l\u00e8ve devait d\u00e9corer un petit cartable en papier et y \u00e9crire ses souhaits pour l\u2019ann\u00e9e scolaire \u00e0 venir&nbsp;: <em>\u00ab&nbsp;lire plein de livres&nbsp;\u00bb, \u00ab&nbsp;avoir plus de copains&nbsp;\u00bb, \u00ab&nbsp;savoir dessiner des fleurs&nbsp;\u00bb&nbsp;\u00ab&nbsp;arriver rapidement en juin&nbsp;<\/em>\u00bb&#8230; Chaque cartable a \u00e9t\u00e9 d\u00e9pos\u00e9 dans un vrai cartable.<\/p>\n<p><a href=\"https:\/\/stpierre-teille.fr\/wp-content\/uploads\/2024\/09\/TFXJ7094.jpg\"><img loading=\"lazy\" decoding=\"async\" class=\"alignnone size-medium wp-image-3191\" src=\"https:\/\/stpierre-teille.fr\/wp-content\/uploads\/2024\/09\/TFXJ7094-300x222.jpg\" alt=\"\" width=\"300\" height=\"222\" srcset=\"https:\/\/stpierre-teille.fr\/wp-content\/uploads\/2024\/09\/TFXJ7094-300x222.jpg 300w, https:\/\/stpierre-teille.fr\/wp-content\/uploads\/2024\/09\/TFXJ7094-1024x759.jpg 1024w, https:\/\/stpierre-teille.fr\/wp-content\/uploads\/2024\/09\/TFXJ7094-768x569.jpg 768w, https:\/\/stpierre-teille.fr\/wp-content\/uploads\/2024\/09\/TFXJ7094-1536x1139.jpg 1536w, https:\/\/stpierre-teille.fr\/wp-content\/uploads\/2024\/09\/TFXJ7094-1457x1080.jpg 1457w, https:\/\/stpierre-teille.fr\/wp-content\/uploads\/2024\/09\/TFXJ7094.jpg 2048w\" sizes=\"auto, (max-width: 300px) 100vw, 300px\" \/>&nbsp; &nbsp; &nbsp; <\/a><a href=\"https:\/\/stpierre-teille.fr\/wp-content\/uploads\/2024\/09\/IMG_4596-scaled.jpg\"><img loading=\"lazy\" decoding=\"async\" class=\"alignnone size-medium wp-image-3188\" src=\"https:\/\/stpierre-teille.fr\/wp-content\/uploads\/2024\/09\/IMG_4596-225x300.jpg\" alt=\"\" width=\"225\" height=\"300\" srcset=\"https:\/\/stpierre-teille.fr\/wp-content\/uploads\/2024\/09\/IMG_4596-225x300.jpg 225w, https:\/\/stpierre-teille.fr\/wp-content\/uploads\/2024\/09\/IMG_4596-768x1024.jpg 768w, https:\/\/stpierre-teille.fr\/wp-content\/uploads\/2024\/09\/IMG_4596-1152x1536.jpg 1152w, https:\/\/stpierre-teille.fr\/wp-content\/uploads\/2024\/09\/IMG_4596-1536x2048.jpg 1536w, https:\/\/stpierre-teille.fr\/wp-content\/uploads\/2024\/09\/IMG_4596-1024x1365.jpg 1024w, https:\/\/stpierre-teille.fr\/wp-content\/uploads\/2024\/09\/IMG_4596-810x1080.jpg 810w, https:\/\/stpierre-teille.fr\/wp-content\/uploads\/2024\/09\/IMG_4596-scaled.jpg 1920w\" sizes=\"auto, (max-width: 225px) 100vw, 225px\" \/><\/a><\/p>\n<p>Ensuite chaque classe a pr\u00e9sent\u00e9 un chant&nbsp;:<\/p>\n<ul>\n<li>les PS\/MS\/GS ont chant\u00e9 <em>Dans mon cartable<\/em><\/li>\n<\/ul>\n<p><em><a href=\"https:\/\/stpierre-teille.fr\/wp-content\/uploads\/2024\/09\/IMG_4600-scaled.jpg\"><img loading=\"lazy\" decoding=\"async\" class=\"alignnone size-medium wp-image-3189\" src=\"https:\/\/stpierre-teille.fr\/wp-content\/uploads\/2024\/09\/IMG_4600-225x300.jpg\" alt=\"\" width=\"225\" height=\"300\" srcset=\"https:\/\/stpierre-teille.fr\/wp-content\/uploads\/2024\/09\/IMG_4600-225x300.jpg 225w, https:\/\/stpierre-teille.fr\/wp-content\/uploads\/2024\/09\/IMG_4600-768x1024.jpg 768w, https:\/\/stpierre-teille.fr\/wp-content\/uploads\/2024\/09\/IMG_4600-1152x1536.jpg 1152w, https:\/\/stpierre-teille.fr\/wp-content\/uploads\/2024\/09\/IMG_4600-1536x2048.jpg 1536w, https:\/\/stpierre-teille.fr\/wp-content\/uploads\/2024\/09\/IMG_4600-1024x1365.jpg 1024w, https:\/\/stpierre-teille.fr\/wp-content\/uploads\/2024\/09\/IMG_4600-810x1080.jpg 810w, https:\/\/stpierre-teille.fr\/wp-content\/uploads\/2024\/09\/IMG_4600-scaled.jpg 1920w\" sizes=\"auto, (max-width: 225px) 100vw, 225px\" \/><\/a><\/em><\/p>\n<ul>\n<li>les GS\/CP\/CE1 ont chant\u00e9 <em>le Bain de Cl\u00e9op\u00e2tre <\/em><em>&nbsp;<\/em><\/li>\n<\/ul>\n<p><em><a href=\"https:\/\/stpierre-teille.fr\/wp-content\/uploads\/2024\/09\/WBCM2432.jpg\"><img loading=\"lazy\" decoding=\"async\" class=\"alignnone size-medium wp-image-3192\" src=\"https:\/\/stpierre-teille.fr\/wp-content\/uploads\/2024\/09\/WBCM2432-300x225.jpg\" alt=\"\" width=\"300\" height=\"225\" srcset=\"https:\/\/stpierre-teille.fr\/wp-content\/uploads\/2024\/09\/WBCM2432-300x225.jpg 300w, https:\/\/stpierre-teille.fr\/wp-content\/uploads\/2024\/09\/WBCM2432-1024x769.jpg 1024w, https:\/\/stpierre-teille.fr\/wp-content\/uploads\/2024\/09\/WBCM2432-768x576.jpg 768w, https:\/\/stpierre-teille.fr\/wp-content\/uploads\/2024\/09\/WBCM2432-1536x1153.jpg 1536w, https:\/\/stpierre-teille.fr\/wp-content\/uploads\/2024\/09\/WBCM2432-1439x1080.jpg 1439w, https:\/\/stpierre-teille.fr\/wp-content\/uploads\/2024\/09\/WBCM2432.jpg 2048w\" sizes=\"auto, (max-width: 300px) 100vw, 300px\" \/><\/a><\/em><\/p>\n<ul>\n<li>les CE2\/CM1\/CM2 ont chant\u00e9 <em>Cendrillon<\/em><\/li>\n<\/ul>\n<p><em><a href=\"https:\/\/stpierre-teille.fr\/wp-content\/uploads\/2024\/09\/JOTM6451.jpg\"><img loading=\"lazy\" decoding=\"async\" class=\"alignnone size-medium wp-image-3190\" src=\"https:\/\/stpierre-teille.fr\/wp-content\/uploads\/2024\/09\/JOTM6451-300x225.jpg\" alt=\"\" width=\"300\" height=\"225\" srcset=\"https:\/\/stpierre-teille.fr\/wp-content\/uploads\/2024\/09\/JOTM6451-300x225.jpg 300w, https:\/\/stpierre-teille.fr\/wp-content\/uploads\/2024\/09\/JOTM6451-1024x769.jpg 1024w, https:\/\/stpierre-teille.fr\/wp-content\/uploads\/2024\/09\/JOTM6451-768x576.jpg 768w, https:\/\/stpierre-teille.fr\/wp-content\/uploads\/2024\/09\/JOTM6451-1536x1153.jpg 1536w, https:\/\/stpierre-teille.fr\/wp-content\/uploads\/2024\/09\/JOTM6451-1439x1080.jpg 1439w, https:\/\/stpierre-teille.fr\/wp-content\/uploads\/2024\/09\/JOTM6451.jpg 2048w\" sizes=\"auto, (max-width: 300px) 100vw, 300px\" \/><\/a><\/em><\/p>\n<p>Nous avons r\u00e9alis\u00e9 une flashmob.<\/p>\n<p>Nous nous sommes souhait\u00e9 une bonne rentr\u00e9e avec le chant <em>Tous ensemble<\/em><\/p>\n","protected":false},"excerpt":{"rendered":"<p>Jeudi 5 septembre, nous nous sommes tous r\u00e9unis dans la salle de motricit\u00e9 pour c\u00e9l\u00e9brer la rentr\u00e9e. Comme chaque ann\u00e9e, nous avons pr\u00e9sent\u00e9 les nouveaux \u00e9l\u00e8ves de l\u2019\u00e9cole : Romain en CM1, Axel en CE2, Joanne en CP, Myliana et Lucie en MS, Evan et Emma (qui \u00e9taient en PPS l\u2019ann\u00e9e derni\u00e8re), Liana, Faustine, Til\u00e9o,&hellip; <br \/> <a class=\"read-more\" href=\"https:\/\/stpierre-teille.fr\/?p=3172\">Lire la suite<\/a><\/p>\n","protected":false},"author":3,"featured_media":3174,"comment_status":"closed","ping_status":"closed","sticky":false,"template":"","format":"standard","meta":{"ngg_post_thumbnail":0,"footnotes":""},"categories":[9],"tags":[],"class_list":["post-3172","post","type-post","status-publish","format-standard","has-post-thumbnail","hentry","category-vie-des-classes"],"_links":{"self":[{"href":"https:\/\/stpierre-teille.fr\/index.php?rest_route=\/wp\/v2\/posts\/3172","targetHints":{"allow":["GET"]}}],"collection":[{"href":"https:\/\/stpierre-teille.fr\/index.php?rest_route=\/wp\/v2\/posts"}],"about":[{"href":"https:\/\/stpierre-teille.fr\/index.php?rest_route=\/wp\/v2\/types\/post"}],"author":[{"embeddable":true,"href":"https:\/\/stpierre-teille.fr\/index.php?rest_route=\/wp\/v2\/users\/3"}],"replies":[{"embeddable":true,"href":"https:\/\/stpierre-teille.fr\/index.php?rest_route=%2Fwp%2Fv2%2Fcomments&post=3172"}],"version-history":[{"count":3,"href":"https:\/\/stpierre-teille.fr\/index.php?rest_route=\/wp\/v2\/posts\/3172\/revisions"}],"predecessor-version":[{"id":3195,"href":"https:\/\/stpierre-teille.fr\/index.php?rest_route=\/wp\/v2\/posts\/3172\/revisions\/3195"}],"wp:featuredmedia":[{"embeddable":true,"href":"https:\/\/stpierre-teille.fr\/index.php?rest_route=\/wp\/v2\/media\/3174"}],"wp:attachment":[{"href":"https:\/\/stpierre-teille.fr\/index.php?rest_route=%2Fwp%2Fv2%2Fmedia&parent=3172"}],"wp:term":[{"taxonomy":"category","embeddable":true,"href":"https:\/\/stpierre-teille.fr\/index.php?rest_route=%2Fwp%2Fv2%2Fcategories&post=3172"},{"taxonomy":"post_tag","embeddable":true,"href":"https:\/\/stpierre-teille.fr\/index.php?rest_route=%2Fwp%2Fv2%2Ftags&post=3172"}],"curies":[{"name":"wp","href":"https:\/\/api.w.org\/{rel}","templated":true}]}}