{"id":3138,"date":"2024-04-23T08:51:36","date_gmt":"2024-04-23T07:51:36","guid":{"rendered":"https:\/\/stpierre-teille.fr\/?p=3138"},"modified":"2024-04-23T08:51:36","modified_gmt":"2024-04-23T07:51:36","slug":"sortie-cinema","status":"publish","type":"post","link":"https:\/\/stpierre-teille.fr\/?p=3138","title":{"rendered":"Sortie cin\u00e9ma"},"content":{"rendered":"<div class=\"\" dir=\"auto\">\n<div id=\":r9n:\" class=\"x1iorvi4 x1pi30zi x1l90r2v x1swvt13\" data-ad-comet-preview=\"message\" data-ad-preview=\"message\">\n<div class=\"x78zum5 xdt5ytf xz62fqu x16ldp7u\">\n<div class=\"xu06os2 x1ok221b\">\n<div class=\"xdj266r x11i5rnm xat24cr x1mh8g0r x1vvkbs x126k92a\">\n<div dir=\"auto\">Dans le cadre de notre projet p\u00e9dagogique, les \u00e9l\u00e8ves du CP au CM2 se sont rendus au cin\u00e9ma de St Mars la Jaille le vendredi 19 avril 2024 pour visionner le film \u00ab\u00a0De Toutes nos forces\u00a0\u00bb.<\/div>\n<div dir=\"auto\">Un film \u00e9mouvant et plein d&rsquo;espoir &#8230;<\/div>\n<div dir=\"auto\"><a href=\"https:\/\/stpierre-teille.fr\/wp-content\/uploads\/2024\/04\/De-toutes-nos-forces.jpg\"><img loading=\"lazy\" decoding=\"async\" class=\"aligncenter size-medium wp-image-3134\" src=\"https:\/\/stpierre-teille.fr\/wp-content\/uploads\/2024\/04\/De-toutes-nos-forces-300x300.jpg\" alt=\"\" width=\"300\" height=\"300\" srcset=\"https:\/\/stpierre-teille.fr\/wp-content\/uploads\/2024\/04\/De-toutes-nos-forces-300x300.jpg 300w, https:\/\/stpierre-teille.fr\/wp-content\/uploads\/2024\/04\/De-toutes-nos-forces-150x150.jpg 150w, https:\/\/stpierre-teille.fr\/wp-content\/uploads\/2024\/04\/De-toutes-nos-forces-768x768.jpg 768w, https:\/\/stpierre-teille.fr\/wp-content\/uploads\/2024\/04\/De-toutes-nos-forces.jpg 1024w\" sizes=\"auto, (max-width: 300px) 100vw, 300px\" \/><\/a> <a href=\"https:\/\/stpierre-teille.fr\/wp-content\/uploads\/2024\/04\/1713527239851-scaled.jpg\"><img loading=\"lazy\" decoding=\"async\" class=\"aligncenter size-medium wp-image-3135\" src=\"https:\/\/stpierre-teille.fr\/wp-content\/uploads\/2024\/04\/1713527239851-300x225.jpg\" alt=\"\" width=\"300\" height=\"225\" srcset=\"https:\/\/stpierre-teille.fr\/wp-content\/uploads\/2024\/04\/1713527239851-300x225.jpg 300w, https:\/\/stpierre-teille.fr\/wp-content\/uploads\/2024\/04\/1713527239851-1024x769.jpg 1024w, https:\/\/stpierre-teille.fr\/wp-content\/uploads\/2024\/04\/1713527239851-768x577.jpg 768w, https:\/\/stpierre-teille.fr\/wp-content\/uploads\/2024\/04\/1713527239851-1536x1153.jpg 1536w, https:\/\/stpierre-teille.fr\/wp-content\/uploads\/2024\/04\/1713527239851-2048x1538.jpg 2048w, https:\/\/stpierre-teille.fr\/wp-content\/uploads\/2024\/04\/1713527239851-1438x1080.jpg 1438w\" sizes=\"auto, (max-width: 300px) 100vw, 300px\" \/><\/a> <a href=\"https:\/\/stpierre-teille.fr\/wp-content\/uploads\/2024\/04\/1713527239843-scaled.jpg\"><img loading=\"lazy\" decoding=\"async\" class=\"aligncenter size-medium wp-image-3136\" src=\"https:\/\/stpierre-teille.fr\/wp-content\/uploads\/2024\/04\/1713527239843-300x225.jpg\" alt=\"\" width=\"300\" height=\"225\" srcset=\"https:\/\/stpierre-teille.fr\/wp-content\/uploads\/2024\/04\/1713527239843-300x225.jpg 300w, https:\/\/stpierre-teille.fr\/wp-content\/uploads\/2024\/04\/1713527239843-1024x769.jpg 1024w, https:\/\/stpierre-teille.fr\/wp-content\/uploads\/2024\/04\/1713527239843-768x577.jpg 768w, https:\/\/stpierre-teille.fr\/wp-content\/uploads\/2024\/04\/1713527239843-1536x1153.jpg 1536w, https:\/\/stpierre-teille.fr\/wp-content\/uploads\/2024\/04\/1713527239843-2048x1538.jpg 2048w, https:\/\/stpierre-teille.fr\/wp-content\/uploads\/2024\/04\/1713527239843-1438x1080.jpg 1438w\" sizes=\"auto, (max-width: 300px) 100vw, 300px\" \/><\/a> <a href=\"https:\/\/stpierre-teille.fr\/wp-content\/uploads\/2024\/04\/1713527239832-scaled.jpg\"><img loading=\"lazy\" decoding=\"async\" class=\"aligncenter size-medium wp-image-3137\" src=\"https:\/\/stpierre-teille.fr\/wp-content\/uploads\/2024\/04\/1713527239832-300x225.jpg\" alt=\"\" width=\"300\" height=\"225\" srcset=\"https:\/\/stpierre-teille.fr\/wp-content\/uploads\/2024\/04\/1713527239832-300x225.jpg 300w, https:\/\/stpierre-teille.fr\/wp-content\/uploads\/2024\/04\/1713527239832-1024x769.jpg 1024w, https:\/\/stpierre-teille.fr\/wp-content\/uploads\/2024\/04\/1713527239832-768x577.jpg 768w, https:\/\/stpierre-teille.fr\/wp-content\/uploads\/2024\/04\/1713527239832-1536x1153.jpg 1536w, https:\/\/stpierre-teille.fr\/wp-content\/uploads\/2024\/04\/1713527239832-2048x1538.jpg 2048w, https:\/\/stpierre-teille.fr\/wp-content\/uploads\/2024\/04\/1713527239832-1438x1080.jpg 1438w\" sizes=\"auto, (max-width: 300px) 100vw, 300px\" \/><\/a><\/div>\n<\/div>\n<\/div>\n<\/div>\n<\/div>\n<\/div>\n","protected":false},"excerpt":{"rendered":"<p>Dans le cadre de notre projet p\u00e9dagogique, les \u00e9l\u00e8ves du CP au CM2 se sont rendus au cin\u00e9ma de St Mars la Jaille le vendredi 19 avril 2024 pour visionner le film \u00ab\u00a0De Toutes nos forces\u00a0\u00bb. Un film \u00e9mouvant et plein d&rsquo;espoir &#8230;<\/p>\n","protected":false},"author":2,"featured_media":3134,"comment_status":"closed","ping_status":"closed","sticky":false,"template":"","format":"standard","meta":{"ngg_post_thumbnail":0,"footnotes":""},"categories":[9],"tags":[],"class_list":["post-3138","post","type-post","status-publish","format-standard","has-post-thumbnail","hentry","category-vie-des-classes"],"_links":{"self":[{"href":"https:\/\/stpierre-teille.fr\/index.php?rest_route=\/wp\/v2\/posts\/3138","targetHints":{"allow":["GET"]}}],"collection":[{"href":"https:\/\/stpierre-teille.fr\/index.php?rest_route=\/wp\/v2\/posts"}],"about":[{"href":"https:\/\/stpierre-teille.fr\/index.php?rest_route=\/wp\/v2\/types\/post"}],"author":[{"embeddable":true,"href":"https:\/\/stpierre-teille.fr\/index.php?rest_route=\/wp\/v2\/users\/2"}],"replies":[{"embeddable":true,"href":"https:\/\/stpierre-teille.fr\/index.php?rest_route=%2Fwp%2Fv2%2Fcomments&post=3138"}],"version-history":[{"count":1,"href":"https:\/\/stpierre-teille.fr\/index.php?rest_route=\/wp\/v2\/posts\/3138\/revisions"}],"predecessor-version":[{"id":3139,"href":"https:\/\/stpierre-teille.fr\/index.php?rest_route=\/wp\/v2\/posts\/3138\/revisions\/3139"}],"wp:featuredmedia":[{"embeddable":true,"href":"https:\/\/stpierre-teille.fr\/index.php?rest_route=\/wp\/v2\/media\/3134"}],"wp:attachment":[{"href":"https:\/\/stpierre-teille.fr\/index.php?rest_route=%2Fwp%2Fv2%2Fmedia&parent=3138"}],"wp:term":[{"taxonomy":"category","embeddable":true,"href":"https:\/\/stpierre-teille.fr\/index.php?rest_route=%2Fwp%2Fv2%2Fcategories&post=3138"},{"taxonomy":"post_tag","embeddable":true,"href":"https:\/\/stpierre-teille.fr\/index.php?rest_route=%2Fwp%2Fv2%2Ftags&post=3138"}],"curies":[{"name":"wp","href":"https:\/\/api.w.org\/{rel}","templated":true}]}}