{"id":3038,"date":"2024-01-04T10:58:09","date_gmt":"2024-01-04T09:58:09","guid":{"rendered":"https:\/\/stpierre-teille.fr\/?p=3038"},"modified":"2024-01-04T10:58:09","modified_gmt":"2024-01-04T09:58:09","slug":"concert-de-noel-2023","status":"publish","type":"post","link":"https:\/\/stpierre-teille.fr\/?p=3038","title":{"rendered":"CONCERT DE NOEL 2023"},"content":{"rendered":"<div class=\"form-email tooltip-parent tooltip-erreur\">\n<p>Des plus petits de l\u2019\u00e9cole Saint-Pierre aux a\u00een\u00e9s de la r\u00e9sidence Sainte- Famille, tous r\u00eavaient depuis quelques semaines de f\u00eater No\u00ebl ensemble, comme chaque ann\u00e9e depuis 2006 ! Effectivement depuis dix-sept ans, un concert interg\u00e9n\u00e9rationnel est offert gratuitement \u00e0 tous, dans l\u2019\u00e9glise de Teill\u00e9. Cette ann\u00e9e, c\u2019\u00e9tait vendredi 22 d\u00e9cembre.<\/p>\n<\/div>\n<div id=\"article-detail\" class=\"contenu-principal p402_premium \">\n<p>Toutes les familles \u00e9taient r\u00e9unies pour ce grand moment de partage, d&rsquo;amour et de paix pour chanter et f\u00eater No\u00ebl.<\/p>\n<p>Accompagn\u00e9s par Claudie tant\u00f4t \u00e0 la guitare tant\u00f4t au clavier, et d&rsquo;Anne Rullier animatrice d&rsquo;un atelier chants avec d&rsquo;autres b\u00e9n\u00e9voles \u00e0 la r\u00e9sidence, les enfants et la maison de retraite ont pr\u00e9sent\u00e9 un beau concert et nous les remercions pour ce moment de joie et de douceur !<\/p>\n<p>A la suite de ce concert, l&rsquo;APE a organis\u00e9 un temps convivial et gourmand dans la salle polyvalente.<\/p>\n<p>Nous remercions les associations de parents d&rsquo;\u00e9l\u00e8ves pour leur investissement tout au long de l&rsquo;ann\u00e9e et pour ces moments chaleureux.<\/p>\n<p>Le P\u00e8re No\u00ebl a \u00e9galement partag\u00e9 cette soir\u00e9e avant son grand d\u00e9part en tra\u00eeneau &#8230;<\/p>\n<p>Nous esp\u00e9rons que tout le monde a pass\u00e9 de joyeuses f\u00eates !<\/p>\n<p><a href=\"https:\/\/stpierre-teille.fr\/wp-content\/uploads\/2024\/01\/1704361497433.jpg\"><img loading=\"lazy\" decoding=\"async\" class=\"aligncenter wp-image-3041 size-large\" src=\"https:\/\/stpierre-teille.fr\/wp-content\/uploads\/2024\/01\/1704361497433-1024x768.jpg\" alt=\"\" width=\"1024\" height=\"768\" srcset=\"https:\/\/stpierre-teille.fr\/wp-content\/uploads\/2024\/01\/1704361497433-1024x768.jpg 1024w, https:\/\/stpierre-teille.fr\/wp-content\/uploads\/2024\/01\/1704361497433-300x225.jpg 300w, https:\/\/stpierre-teille.fr\/wp-content\/uploads\/2024\/01\/1704361497433-768x576.jpg 768w, https:\/\/stpierre-teille.fr\/wp-content\/uploads\/2024\/01\/1704361497433-1536x1152.jpg 1536w, https:\/\/stpierre-teille.fr\/wp-content\/uploads\/2024\/01\/1704361497433-1440x1080.jpg 1440w, https:\/\/stpierre-teille.fr\/wp-content\/uploads\/2024\/01\/1704361497433.jpg 1600w\" sizes=\"auto, (max-width: 1024px) 100vw, 1024px\" \/><\/a><\/p>\n<\/div>\n","protected":false},"excerpt":{"rendered":"<p>Des plus petits de l\u2019\u00e9cole Saint-Pierre aux a\u00een\u00e9s de la r\u00e9sidence Sainte- Famille, tous r\u00eavaient depuis quelques semaines de f\u00eater No\u00ebl ensemble, comme chaque ann\u00e9e depuis 2006 ! Effectivement depuis dix-sept ans, un concert interg\u00e9n\u00e9rationnel est offert gratuitement \u00e0 tous, dans l\u2019\u00e9glise de Teill\u00e9. Cette ann\u00e9e, c\u2019\u00e9tait vendredi 22 d\u00e9cembre. Toutes les familles \u00e9taient r\u00e9unies&hellip; <br \/> <a class=\"read-more\" href=\"https:\/\/stpierre-teille.fr\/?p=3038\">Lire la suite<\/a><\/p>\n","protected":false},"author":2,"featured_media":3041,"comment_status":"closed","ping_status":"closed","sticky":false,"template":"","format":"standard","meta":{"ngg_post_thumbnail":0,"footnotes":""},"categories":[1,9],"tags":[],"class_list":["post-3038","post","type-post","status-publish","format-standard","has-post-thumbnail","hentry","category-non-classe","category-vie-des-classes"],"_links":{"self":[{"href":"https:\/\/stpierre-teille.fr\/index.php?rest_route=\/wp\/v2\/posts\/3038","targetHints":{"allow":["GET"]}}],"collection":[{"href":"https:\/\/stpierre-teille.fr\/index.php?rest_route=\/wp\/v2\/posts"}],"about":[{"href":"https:\/\/stpierre-teille.fr\/index.php?rest_route=\/wp\/v2\/types\/post"}],"author":[{"embeddable":true,"href":"https:\/\/stpierre-teille.fr\/index.php?rest_route=\/wp\/v2\/users\/2"}],"replies":[{"embeddable":true,"href":"https:\/\/stpierre-teille.fr\/index.php?rest_route=%2Fwp%2Fv2%2Fcomments&post=3038"}],"version-history":[{"count":2,"href":"https:\/\/stpierre-teille.fr\/index.php?rest_route=\/wp\/v2\/posts\/3038\/revisions"}],"predecessor-version":[{"id":3042,"href":"https:\/\/stpierre-teille.fr\/index.php?rest_route=\/wp\/v2\/posts\/3038\/revisions\/3042"}],"wp:featuredmedia":[{"embeddable":true,"href":"https:\/\/stpierre-teille.fr\/index.php?rest_route=\/wp\/v2\/media\/3041"}],"wp:attachment":[{"href":"https:\/\/stpierre-teille.fr\/index.php?rest_route=%2Fwp%2Fv2%2Fmedia&parent=3038"}],"wp:term":[{"taxonomy":"category","embeddable":true,"href":"https:\/\/stpierre-teille.fr\/index.php?rest_route=%2Fwp%2Fv2%2Fcategories&post=3038"},{"taxonomy":"post_tag","embeddable":true,"href":"https:\/\/stpierre-teille.fr\/index.php?rest_route=%2Fwp%2Fv2%2Ftags&post=3038"}],"curies":[{"name":"wp","href":"https:\/\/api.w.org\/{rel}","templated":true}]}}