{"id":3022,"date":"2023-12-13T11:59:55","date_gmt":"2023-12-13T10:59:55","guid":{"rendered":"https:\/\/stpierre-teille.fr\/?p=3022"},"modified":"2023-12-13T11:59:55","modified_gmt":"2023-12-13T10:59:55","slug":"la-flamme-olympique","status":"publish","type":"post","link":"https:\/\/stpierre-teille.fr\/?p=3022","title":{"rendered":"LA FLAMME OLYMPIQUE"},"content":{"rendered":"<p>JEUDI 30&nbsp; NOVEMBRE<\/p>\n<p>L &lsquo;\u00e9cole Saint Pierre a re\u00e7u l&rsquo;une des 6 flammes olympiques dioc\u00e9saines&nbsp; , nous l\u2019 avons gard\u00e9&nbsp; pendant deux jours .<\/p>\n<p>A cette occasion , nous nous sommes tous r\u00e9unis autour de la flamme&nbsp;.Chaque classe a interpr\u00e9t\u00e9 un chant avec l\u2019 aide de Claudie \u00e0 la guitare .Les maternelles ont chant\u00e9 \u00ab&nbsp;Je fais du sport&nbsp;\u00bb (sur l\u2019air de Meunier tu dors) .La classe de Virginie a interpr\u00e9t\u00e9 \u00ab&nbsp;l\u2019important c\u2019est de participer&nbsp;\u00bb en accompagnant leur chanson de gestes&nbsp;.Pour finir , la classe de Gildas a chant\u00e9 l\u2019hymne des jeux olympiques \u00ab&nbsp;Go Go Go voil\u00e0 les JO , les jeux olympiques&nbsp;\u00bb<\/p>\n<p><a href=\"https:\/\/stpierre-teille.fr\/wp-content\/uploads\/2023\/11\/IMG_20231130_112625-scaled.jpg\"><img loading=\"lazy\" decoding=\"async\" class=\"alignnone size-medium wp-image-3021\" src=\"https:\/\/stpierre-teille.fr\/wp-content\/uploads\/2023\/11\/IMG_20231130_112625-300x225.jpg\" alt=\"\" width=\"300\" height=\"225\" srcset=\"https:\/\/stpierre-teille.fr\/wp-content\/uploads\/2023\/11\/IMG_20231130_112625-300x225.jpg 300w, https:\/\/stpierre-teille.fr\/wp-content\/uploads\/2023\/11\/IMG_20231130_112625-1024x769.jpg 1024w, https:\/\/stpierre-teille.fr\/wp-content\/uploads\/2023\/11\/IMG_20231130_112625-768x577.jpg 768w, https:\/\/stpierre-teille.fr\/wp-content\/uploads\/2023\/11\/IMG_20231130_112625-1536x1153.jpg 1536w, https:\/\/stpierre-teille.fr\/wp-content\/uploads\/2023\/11\/IMG_20231130_112625-2048x1538.jpg 2048w, https:\/\/stpierre-teille.fr\/wp-content\/uploads\/2023\/11\/IMG_20231130_112625-1438x1080.jpg 1438w\" sizes=\"auto, (max-width: 300px) 100vw, 300px\" \/><\/a> <a href=\"https:\/\/stpierre-teille.fr\/wp-content\/uploads\/2023\/11\/IMG_20231130_112603-scaled.jpg\"><img loading=\"lazy\" decoding=\"async\" class=\"alignnone size-medium wp-image-3019\" src=\"https:\/\/stpierre-teille.fr\/wp-content\/uploads\/2023\/11\/IMG_20231130_112603-222x300.jpg\" alt=\"\" width=\"222\" height=\"300\" srcset=\"https:\/\/stpierre-teille.fr\/wp-content\/uploads\/2023\/11\/IMG_20231130_112603-222x300.jpg 222w, https:\/\/stpierre-teille.fr\/wp-content\/uploads\/2023\/11\/IMG_20231130_112603-759x1024.jpg 759w, https:\/\/stpierre-teille.fr\/wp-content\/uploads\/2023\/11\/IMG_20231130_112603-768x1036.jpg 768w, https:\/\/stpierre-teille.fr\/wp-content\/uploads\/2023\/11\/IMG_20231130_112603-1139x1536.jpg 1139w, https:\/\/stpierre-teille.fr\/wp-content\/uploads\/2023\/11\/IMG_20231130_112603-1518x2048.jpg 1518w, https:\/\/stpierre-teille.fr\/wp-content\/uploads\/2023\/11\/IMG_20231130_112603-1024x1381.jpg 1024w, https:\/\/stpierre-teille.fr\/wp-content\/uploads\/2023\/11\/IMG_20231130_112603-801x1080.jpg 801w, https:\/\/stpierre-teille.fr\/wp-content\/uploads\/2023\/11\/IMG_20231130_112603-scaled.jpg 1898w\" sizes=\"auto, (max-width: 222px) 100vw, 222px\" \/><\/a> <a href=\"https:\/\/stpierre-teille.fr\/wp-content\/uploads\/2023\/11\/IMG_20231130_112224-scaled.jpg\"><img loading=\"lazy\" decoding=\"async\" class=\"alignnone size-medium wp-image-3018\" src=\"https:\/\/stpierre-teille.fr\/wp-content\/uploads\/2023\/11\/IMG_20231130_112224-300x222.jpg\" alt=\"\" width=\"300\" height=\"222\" srcset=\"https:\/\/stpierre-teille.fr\/wp-content\/uploads\/2023\/11\/IMG_20231130_112224-300x222.jpg 300w, https:\/\/stpierre-teille.fr\/wp-content\/uploads\/2023\/11\/IMG_20231130_112224-1024x759.jpg 1024w, https:\/\/stpierre-teille.fr\/wp-content\/uploads\/2023\/11\/IMG_20231130_112224-768x569.jpg 768w, https:\/\/stpierre-teille.fr\/wp-content\/uploads\/2023\/11\/IMG_20231130_112224-1536x1139.jpg 1536w, https:\/\/stpierre-teille.fr\/wp-content\/uploads\/2023\/11\/IMG_20231130_112224-2048x1518.jpg 2048w, https:\/\/stpierre-teille.fr\/wp-content\/uploads\/2023\/11\/IMG_20231130_112224-1457x1080.jpg 1457w\" sizes=\"auto, (max-width: 300px) 100vw, 300px\" \/><\/a> <a href=\"https:\/\/stpierre-teille.fr\/wp-content\/uploads\/2023\/11\/IMG_20231130_111644-scaled.jpg\"><img loading=\"lazy\" decoding=\"async\" class=\"alignnone size-medium wp-image-3014\" src=\"https:\/\/stpierre-teille.fr\/wp-content\/uploads\/2023\/11\/IMG_20231130_111644-300x225.jpg\" alt=\"\" width=\"300\" height=\"225\" srcset=\"https:\/\/stpierre-teille.fr\/wp-content\/uploads\/2023\/11\/IMG_20231130_111644-300x225.jpg 300w, https:\/\/stpierre-teille.fr\/wp-content\/uploads\/2023\/11\/IMG_20231130_111644-1024x769.jpg 1024w, https:\/\/stpierre-teille.fr\/wp-content\/uploads\/2023\/11\/IMG_20231130_111644-768x577.jpg 768w, https:\/\/stpierre-teille.fr\/wp-content\/uploads\/2023\/11\/IMG_20231130_111644-1536x1153.jpg 1536w, https:\/\/stpierre-teille.fr\/wp-content\/uploads\/2023\/11\/IMG_20231130_111644-2048x1538.jpg 2048w, https:\/\/stpierre-teille.fr\/wp-content\/uploads\/2023\/11\/IMG_20231130_111644-1438x1080.jpg 1438w\" sizes=\"auto, (max-width: 300px) 100vw, 300px\" \/><\/a><\/p>\n<p>Dans l&rsquo; apr\u00e8s-midi, nous avons r\u00e9alis\u00e9 une fresque .Nous avons coll\u00e9 des morceaux de papier sur la flamme olympique et nous avons laiss\u00e9 nos empreintes de mains avec de la peinture&nbsp; , la classe de Gildas a d\u00e9cor\u00e9 le titre .Le r\u00e9sultat est splendide !!!<\/p>\n<p><a href=\"https:\/\/stpierre-teille.fr\/wp-content\/uploads\/2023\/11\/IMG_20231130_155723-scaled.jpg\"><img loading=\"lazy\" decoding=\"async\" class=\"alignnone size-medium wp-image-3025\" src=\"https:\/\/stpierre-teille.fr\/wp-content\/uploads\/2023\/11\/IMG_20231130_155723-225x300.jpg\" alt=\"\" width=\"225\" height=\"300\" srcset=\"https:\/\/stpierre-teille.fr\/wp-content\/uploads\/2023\/11\/IMG_20231130_155723-225x300.jpg 225w, https:\/\/stpierre-teille.fr\/wp-content\/uploads\/2023\/11\/IMG_20231130_155723-769x1024.jpg 769w, https:\/\/stpierre-teille.fr\/wp-content\/uploads\/2023\/11\/IMG_20231130_155723-768x1023.jpg 768w, https:\/\/stpierre-teille.fr\/wp-content\/uploads\/2023\/11\/IMG_20231130_155723-1153x1536.jpg 1153w, https:\/\/stpierre-teille.fr\/wp-content\/uploads\/2023\/11\/IMG_20231130_155723-1538x2048.jpg 1538w, https:\/\/stpierre-teille.fr\/wp-content\/uploads\/2023\/11\/IMG_20231130_155723-1024x1364.jpg 1024w, https:\/\/stpierre-teille.fr\/wp-content\/uploads\/2023\/11\/IMG_20231130_155723-811x1080.jpg 811w, https:\/\/stpierre-teille.fr\/wp-content\/uploads\/2023\/11\/IMG_20231130_155723-scaled.jpg 1922w\" sizes=\"auto, (max-width: 225px) 100vw, 225px\" \/><\/a> <a href=\"https:\/\/stpierre-teille.fr\/wp-content\/uploads\/2023\/11\/IMG_20231130_155704-scaled.jpg\"><img loading=\"lazy\" decoding=\"async\" class=\"alignnone size-medium wp-image-3024\" src=\"https:\/\/stpierre-teille.fr\/wp-content\/uploads\/2023\/11\/IMG_20231130_155704-225x300.jpg\" alt=\"\" width=\"225\" height=\"300\" srcset=\"https:\/\/stpierre-teille.fr\/wp-content\/uploads\/2023\/11\/IMG_20231130_155704-225x300.jpg 225w, https:\/\/stpierre-teille.fr\/wp-content\/uploads\/2023\/11\/IMG_20231130_155704-769x1024.jpg 769w, https:\/\/stpierre-teille.fr\/wp-content\/uploads\/2023\/11\/IMG_20231130_155704-768x1023.jpg 768w, https:\/\/stpierre-teille.fr\/wp-content\/uploads\/2023\/11\/IMG_20231130_155704-1153x1536.jpg 1153w, https:\/\/stpierre-teille.fr\/wp-content\/uploads\/2023\/11\/IMG_20231130_155704-1538x2048.jpg 1538w, https:\/\/stpierre-teille.fr\/wp-content\/uploads\/2023\/11\/IMG_20231130_155704-1024x1364.jpg 1024w, https:\/\/stpierre-teille.fr\/wp-content\/uploads\/2023\/11\/IMG_20231130_155704-811x1080.jpg 811w, https:\/\/stpierre-teille.fr\/wp-content\/uploads\/2023\/11\/IMG_20231130_155704-scaled.jpg 1922w\" sizes=\"auto, (max-width: 225px) 100vw, 225px\" \/><\/a><a href=\"https:\/\/stpierre-teille.fr\/wp-content\/uploads\/2023\/12\/IMG_20231201_160626-scaled.jpg\"><img loading=\"lazy\" decoding=\"async\" class=\"alignnone size-medium wp-image-3030\" src=\"https:\/\/stpierre-teille.fr\/wp-content\/uploads\/2023\/12\/IMG_20231201_160626-300x225.jpg\" alt=\"\" width=\"300\" height=\"225\" srcset=\"https:\/\/stpierre-teille.fr\/wp-content\/uploads\/2023\/12\/IMG_20231201_160626-300x225.jpg 300w, https:\/\/stpierre-teille.fr\/wp-content\/uploads\/2023\/12\/IMG_20231201_160626-1024x769.jpg 1024w, https:\/\/stpierre-teille.fr\/wp-content\/uploads\/2023\/12\/IMG_20231201_160626-768x577.jpg 768w, https:\/\/stpierre-teille.fr\/wp-content\/uploads\/2023\/12\/IMG_20231201_160626-1536x1153.jpg 1536w, https:\/\/stpierre-teille.fr\/wp-content\/uploads\/2023\/12\/IMG_20231201_160626-2048x1538.jpg 2048w, https:\/\/stpierre-teille.fr\/wp-content\/uploads\/2023\/12\/IMG_20231201_160626-1438x1080.jpg 1438w\" sizes=\"auto, (max-width: 300px) 100vw, 300px\" \/><\/a><\/p>\n<p>Puis en ateliers multi-\u00e2ge , nous avons confectionn\u00e9 des drapeaux<\/p>\n<p><a href=\"https:\/\/stpierre-teille.fr\/wp-content\/uploads\/2023\/12\/IMG_20231201_154538-scaled.jpg\"><img loading=\"lazy\" decoding=\"async\" class=\"alignnone size-medium wp-image-3027\" src=\"https:\/\/stpierre-teille.fr\/wp-content\/uploads\/2023\/12\/IMG_20231201_154538-225x300.jpg\" alt=\"\" width=\"225\" height=\"300\" srcset=\"https:\/\/stpierre-teille.fr\/wp-content\/uploads\/2023\/12\/IMG_20231201_154538-225x300.jpg 225w, https:\/\/stpierre-teille.fr\/wp-content\/uploads\/2023\/12\/IMG_20231201_154538-769x1024.jpg 769w, https:\/\/stpierre-teille.fr\/wp-content\/uploads\/2023\/12\/IMG_20231201_154538-768x1023.jpg 768w, https:\/\/stpierre-teille.fr\/wp-content\/uploads\/2023\/12\/IMG_20231201_154538-1153x1536.jpg 1153w, https:\/\/stpierre-teille.fr\/wp-content\/uploads\/2023\/12\/IMG_20231201_154538-1538x2048.jpg 1538w, https:\/\/stpierre-teille.fr\/wp-content\/uploads\/2023\/12\/IMG_20231201_154538-1024x1364.jpg 1024w, https:\/\/stpierre-teille.fr\/wp-content\/uploads\/2023\/12\/IMG_20231201_154538-811x1080.jpg 811w, https:\/\/stpierre-teille.fr\/wp-content\/uploads\/2023\/12\/IMG_20231201_154538-scaled.jpg 1922w\" sizes=\"auto, (max-width: 225px) 100vw, 225px\" \/><\/a> <a href=\"https:\/\/stpierre-teille.fr\/wp-content\/uploads\/2023\/12\/IMG_20231201_154546-scaled.jpg\"><img loading=\"lazy\" decoding=\"async\" class=\"alignnone size-medium wp-image-3028\" src=\"https:\/\/stpierre-teille.fr\/wp-content\/uploads\/2023\/12\/IMG_20231201_154546-300x225.jpg\" alt=\"\" width=\"300\" height=\"225\" srcset=\"https:\/\/stpierre-teille.fr\/wp-content\/uploads\/2023\/12\/IMG_20231201_154546-300x225.jpg 300w, https:\/\/stpierre-teille.fr\/wp-content\/uploads\/2023\/12\/IMG_20231201_154546-1024x769.jpg 1024w, https:\/\/stpierre-teille.fr\/wp-content\/uploads\/2023\/12\/IMG_20231201_154546-768x577.jpg 768w, https:\/\/stpierre-teille.fr\/wp-content\/uploads\/2023\/12\/IMG_20231201_154546-1536x1153.jpg 1536w, https:\/\/stpierre-teille.fr\/wp-content\/uploads\/2023\/12\/IMG_20231201_154546-2048x1538.jpg 2048w, https:\/\/stpierre-teille.fr\/wp-content\/uploads\/2023\/12\/IMG_20231201_154546-1438x1080.jpg 1438w\" sizes=\"auto, (max-width: 300px) 100vw, 300px\" \/><\/a> <a href=\"https:\/\/stpierre-teille.fr\/wp-content\/uploads\/2023\/12\/IMG_20231201_154551-scaled.jpg\"><img loading=\"lazy\" decoding=\"async\" class=\"alignnone size-medium wp-image-3029\" src=\"https:\/\/stpierre-teille.fr\/wp-content\/uploads\/2023\/12\/IMG_20231201_154551-300x225.jpg\" alt=\"\" width=\"300\" height=\"225\" srcset=\"https:\/\/stpierre-teille.fr\/wp-content\/uploads\/2023\/12\/IMG_20231201_154551-300x225.jpg 300w, https:\/\/stpierre-teille.fr\/wp-content\/uploads\/2023\/12\/IMG_20231201_154551-1024x769.jpg 1024w, https:\/\/stpierre-teille.fr\/wp-content\/uploads\/2023\/12\/IMG_20231201_154551-768x577.jpg 768w, https:\/\/stpierre-teille.fr\/wp-content\/uploads\/2023\/12\/IMG_20231201_154551-1536x1153.jpg 1536w, https:\/\/stpierre-teille.fr\/wp-content\/uploads\/2023\/12\/IMG_20231201_154551-2048x1538.jpg 2048w, https:\/\/stpierre-teille.fr\/wp-content\/uploads\/2023\/12\/IMG_20231201_154551-1438x1080.jpg 1438w\" sizes=\"auto, (max-width: 300px) 100vw, 300px\" \/><\/a><\/p>\n<p>Et pour finir, nous avons accueilli des \u00e9l\u00e8ves du coll\u00e8ge Saint Augustin de Riaill\u00e9&nbsp; venus en v\u00e9lo r\u00e9cup\u00e9rer la flamme .Nous leur avons fait une haie d\u2019honneur en agitant nos&nbsp; drapeaux , nous avons chant\u00e9 \u00ab go go voil\u00e0,les JO \u00bb et nous nous sommes pass\u00e9s la flamme de main en main&nbsp; .Les coll\u00e9giens sont repartis avec la flamme \u00e0 v\u00e9lo dans leur coll\u00e8ge<\/p>\n<p><a href=\"https:\/\/stpierre-teille.fr\/wp-content\/uploads\/2023\/12\/IMG_20231204_092036-scaled.jpg\"><img loading=\"lazy\" decoding=\"async\" class=\"alignnone size-medium wp-image-3032\" src=\"https:\/\/stpierre-teille.fr\/wp-content\/uploads\/2023\/12\/IMG_20231204_092036-225x300.jpg\" alt=\"\" width=\"225\" height=\"300\" srcset=\"https:\/\/stpierre-teille.fr\/wp-content\/uploads\/2023\/12\/IMG_20231204_092036-225x300.jpg 225w, https:\/\/stpierre-teille.fr\/wp-content\/uploads\/2023\/12\/IMG_20231204_092036-769x1024.jpg 769w, https:\/\/stpierre-teille.fr\/wp-content\/uploads\/2023\/12\/IMG_20231204_092036-768x1023.jpg 768w, https:\/\/stpierre-teille.fr\/wp-content\/uploads\/2023\/12\/IMG_20231204_092036-1153x1536.jpg 1153w, https:\/\/stpierre-teille.fr\/wp-content\/uploads\/2023\/12\/IMG_20231204_092036-1538x2048.jpg 1538w, https:\/\/stpierre-teille.fr\/wp-content\/uploads\/2023\/12\/IMG_20231204_092036-1024x1364.jpg 1024w, https:\/\/stpierre-teille.fr\/wp-content\/uploads\/2023\/12\/IMG_20231204_092036-811x1080.jpg 811w, https:\/\/stpierre-teille.fr\/wp-content\/uploads\/2023\/12\/IMG_20231204_092036-scaled.jpg 1922w\" sizes=\"auto, (max-width: 225px) 100vw, 225px\" \/><\/a><a href=\"https:\/\/stpierre-teille.fr\/wp-content\/uploads\/2023\/12\/IMG_20231204_092714-scaled.jpg\"><img loading=\"lazy\" decoding=\"async\" class=\"alignnone size-medium wp-image-3033\" src=\"https:\/\/stpierre-teille.fr\/wp-content\/uploads\/2023\/12\/IMG_20231204_092714-300x225.jpg\" alt=\"\" width=\"300\" height=\"225\" srcset=\"https:\/\/stpierre-teille.fr\/wp-content\/uploads\/2023\/12\/IMG_20231204_092714-300x225.jpg 300w, https:\/\/stpierre-teille.fr\/wp-content\/uploads\/2023\/12\/IMG_20231204_092714-1024x769.jpg 1024w, https:\/\/stpierre-teille.fr\/wp-content\/uploads\/2023\/12\/IMG_20231204_092714-768x577.jpg 768w, https:\/\/stpierre-teille.fr\/wp-content\/uploads\/2023\/12\/IMG_20231204_092714-1536x1153.jpg 1536w, https:\/\/stpierre-teille.fr\/wp-content\/uploads\/2023\/12\/IMG_20231204_092714-2048x1538.jpg 2048w, https:\/\/stpierre-teille.fr\/wp-content\/uploads\/2023\/12\/IMG_20231204_092714-1438x1080.jpg 1438w\" sizes=\"auto, (max-width: 300px) 100vw, 300px\" \/><\/a><\/p>\n","protected":false},"excerpt":{"rendered":"<p>JEUDI 30&nbsp; NOVEMBRE L &lsquo;\u00e9cole Saint Pierre a re\u00e7u l&rsquo;une des 6 flammes olympiques dioc\u00e9saines&nbsp; , nous l\u2019 avons gard\u00e9&nbsp; pendant deux jours . A cette occasion , nous nous sommes tous r\u00e9unis autour de la flamme&nbsp;.Chaque classe a interpr\u00e9t\u00e9 un chant avec l\u2019 aide de Claudie \u00e0 la guitare .Les maternelles ont chant\u00e9 \u00ab&nbsp;Je&hellip; <br \/> <a class=\"read-more\" href=\"https:\/\/stpierre-teille.fr\/?p=3022\">Lire la suite<\/a><\/p>\n","protected":false},"author":7,"featured_media":3032,"comment_status":"closed","ping_status":"closed","sticky":false,"template":"","format":"standard","meta":{"ngg_post_thumbnail":0,"footnotes":""},"categories":[1,9],"tags":[],"class_list":["post-3022","post","type-post","status-publish","format-standard","has-post-thumbnail","hentry","category-non-classe","category-vie-des-classes"],"_links":{"self":[{"href":"https:\/\/stpierre-teille.fr\/index.php?rest_route=\/wp\/v2\/posts\/3022","targetHints":{"allow":["GET"]}}],"collection":[{"href":"https:\/\/stpierre-teille.fr\/index.php?rest_route=\/wp\/v2\/posts"}],"about":[{"href":"https:\/\/stpierre-teille.fr\/index.php?rest_route=\/wp\/v2\/types\/post"}],"author":[{"embeddable":true,"href":"https:\/\/stpierre-teille.fr\/index.php?rest_route=\/wp\/v2\/users\/7"}],"replies":[{"embeddable":true,"href":"https:\/\/stpierre-teille.fr\/index.php?rest_route=%2Fwp%2Fv2%2Fcomments&post=3022"}],"version-history":[{"count":4,"href":"https:\/\/stpierre-teille.fr\/index.php?rest_route=\/wp\/v2\/posts\/3022\/revisions"}],"predecessor-version":[{"id":3036,"href":"https:\/\/stpierre-teille.fr\/index.php?rest_route=\/wp\/v2\/posts\/3022\/revisions\/3036"}],"wp:featuredmedia":[{"embeddable":true,"href":"https:\/\/stpierre-teille.fr\/index.php?rest_route=\/wp\/v2\/media\/3032"}],"wp:attachment":[{"href":"https:\/\/stpierre-teille.fr\/index.php?rest_route=%2Fwp%2Fv2%2Fmedia&parent=3022"}],"wp:term":[{"taxonomy":"category","embeddable":true,"href":"https:\/\/stpierre-teille.fr\/index.php?rest_route=%2Fwp%2Fv2%2Fcategories&post=3022"},{"taxonomy":"post_tag","embeddable":true,"href":"https:\/\/stpierre-teille.fr\/index.php?rest_route=%2Fwp%2Fv2%2Ftags&post=3022"}],"curies":[{"name":"wp","href":"https:\/\/api.w.org\/{rel}","templated":true}]}}