{"id":2987,"date":"2023-11-06T18:42:56","date_gmt":"2023-11-06T17:42:56","guid":{"rendered":"https:\/\/stpierre-teille.fr\/?p=2987"},"modified":"2023-11-06T18:42:56","modified_gmt":"2023-11-06T17:42:56","slug":"anniversaires-premiere-periode","status":"publish","type":"post","link":"https:\/\/stpierre-teille.fr\/?p=2987","title":{"rendered":"Anniversaires premi\u00e8re p\u00e9riode"},"content":{"rendered":"<p>L\u00e9o et Coline 5 ans&nbsp; ,&nbsp; Nawell&nbsp; et Manon 4 ans ont pr\u00e9par\u00e9 un g\u00e2teau aux pommes pour leur anniversaire , un vrai r\u00e9gal, joyeux anniversaire !!!<\/p>\n<p><a href=\"https:\/\/stpierre-teille.fr\/wp-content\/uploads\/2023\/11\/IMG_20231020_100431-scaled.jpg\"><img loading=\"lazy\" decoding=\"async\" class=\"alignnone size-medium wp-image-2977\" src=\"https:\/\/stpierre-teille.fr\/wp-content\/uploads\/2023\/11\/IMG_20231020_100431-300x225.jpg\" alt=\"\" width=\"300\" height=\"225\" srcset=\"https:\/\/stpierre-teille.fr\/wp-content\/uploads\/2023\/11\/IMG_20231020_100431-300x225.jpg 300w, https:\/\/stpierre-teille.fr\/wp-content\/uploads\/2023\/11\/IMG_20231020_100431-1024x769.jpg 1024w, https:\/\/stpierre-teille.fr\/wp-content\/uploads\/2023\/11\/IMG_20231020_100431-768x577.jpg 768w, https:\/\/stpierre-teille.fr\/wp-content\/uploads\/2023\/11\/IMG_20231020_100431-1536x1153.jpg 1536w, https:\/\/stpierre-teille.fr\/wp-content\/uploads\/2023\/11\/IMG_20231020_100431-2048x1538.jpg 2048w, https:\/\/stpierre-teille.fr\/wp-content\/uploads\/2023\/11\/IMG_20231020_100431-1438x1080.jpg 1438w\" sizes=\"auto, (max-width: 300px) 100vw, 300px\" \/><\/a> <a href=\"https:\/\/stpierre-teille.fr\/wp-content\/uploads\/2023\/11\/IMG_20231020_100403-scaled.jpg\"><img loading=\"lazy\" decoding=\"async\" class=\"alignnone size-medium wp-image-2976\" src=\"https:\/\/stpierre-teille.fr\/wp-content\/uploads\/2023\/11\/IMG_20231020_100403-300x225.jpg\" alt=\"\" width=\"300\" height=\"225\" srcset=\"https:\/\/stpierre-teille.fr\/wp-content\/uploads\/2023\/11\/IMG_20231020_100403-300x225.jpg 300w, https:\/\/stpierre-teille.fr\/wp-content\/uploads\/2023\/11\/IMG_20231020_100403-1024x769.jpg 1024w, https:\/\/stpierre-teille.fr\/wp-content\/uploads\/2023\/11\/IMG_20231020_100403-768x577.jpg 768w, https:\/\/stpierre-teille.fr\/wp-content\/uploads\/2023\/11\/IMG_20231020_100403-1536x1153.jpg 1536w, https:\/\/stpierre-teille.fr\/wp-content\/uploads\/2023\/11\/IMG_20231020_100403-2048x1538.jpg 2048w, https:\/\/stpierre-teille.fr\/wp-content\/uploads\/2023\/11\/IMG_20231020_100403-1438x1080.jpg 1438w\" sizes=\"auto, (max-width: 300px) 100vw, 300px\" \/><\/a><\/p>\n","protected":false},"excerpt":{"rendered":"<p>L\u00e9o et Coline 5 ans&nbsp; ,&nbsp; Nawell&nbsp; et Manon 4 ans ont pr\u00e9par\u00e9 un g\u00e2teau aux pommes pour leur anniversaire , un vrai r\u00e9gal, joyeux anniversaire !!!<\/p>\n","protected":false},"author":7,"featured_media":2977,"comment_status":"closed","ping_status":"closed","sticky":false,"template":"","format":"standard","meta":{"ngg_post_thumbnail":0,"footnotes":""},"categories":[1,9],"tags":[],"class_list":["post-2987","post","type-post","status-publish","format-standard","has-post-thumbnail","hentry","category-non-classe","category-vie-des-classes"],"_links":{"self":[{"href":"https:\/\/stpierre-teille.fr\/index.php?rest_route=\/wp\/v2\/posts\/2987","targetHints":{"allow":["GET"]}}],"collection":[{"href":"https:\/\/stpierre-teille.fr\/index.php?rest_route=\/wp\/v2\/posts"}],"about":[{"href":"https:\/\/stpierre-teille.fr\/index.php?rest_route=\/wp\/v2\/types\/post"}],"author":[{"embeddable":true,"href":"https:\/\/stpierre-teille.fr\/index.php?rest_route=\/wp\/v2\/users\/7"}],"replies":[{"embeddable":true,"href":"https:\/\/stpierre-teille.fr\/index.php?rest_route=%2Fwp%2Fv2%2Fcomments&post=2987"}],"version-history":[{"count":2,"href":"https:\/\/stpierre-teille.fr\/index.php?rest_route=\/wp\/v2\/posts\/2987\/revisions"}],"predecessor-version":[{"id":2992,"href":"https:\/\/stpierre-teille.fr\/index.php?rest_route=\/wp\/v2\/posts\/2987\/revisions\/2992"}],"wp:featuredmedia":[{"embeddable":true,"href":"https:\/\/stpierre-teille.fr\/index.php?rest_route=\/wp\/v2\/media\/2977"}],"wp:attachment":[{"href":"https:\/\/stpierre-teille.fr\/index.php?rest_route=%2Fwp%2Fv2%2Fmedia&parent=2987"}],"wp:term":[{"taxonomy":"category","embeddable":true,"href":"https:\/\/stpierre-teille.fr\/index.php?rest_route=%2Fwp%2Fv2%2Fcategories&post=2987"},{"taxonomy":"post_tag","embeddable":true,"href":"https:\/\/stpierre-teille.fr\/index.php?rest_route=%2Fwp%2Fv2%2Ftags&post=2987"}],"curies":[{"name":"wp","href":"https:\/\/api.w.org\/{rel}","templated":true}]}}