{"id":2983,"date":"2023-11-06T18:31:21","date_gmt":"2023-11-06T17:31:21","guid":{"rendered":"https:\/\/stpierre-teille.fr\/?p=2983"},"modified":"2023-11-06T18:31:21","modified_gmt":"2023-11-06T17:31:21","slug":"ateliers-cartons","status":"publish","type":"post","link":"https:\/\/stpierre-teille.fr\/?p=2983","title":{"rendered":"ATELIERS CARTONS"},"content":{"rendered":"<p>Durant la premi\u00e8re p\u00e9riode de l&rsquo; ann\u00e9e , les \u00e9l\u00e8ves de maternelle ont v\u00e9cu&nbsp; un \u201catelier cartons\u201d, coanim\u00e9 par l\u2019enseignante sp\u00e9cialis\u00e9e Marina Lucas. Dans la salle de motricit\u00e9 sont dispos\u00e9s une trentaine de cartons, de tailles diff\u00e9rentes. Une consigne est donn\u00e9e aux enfants : \u201cVous jouez comme vous le souhaitez avec les cartons, sans faire mal, sans casser le mat\u00e9riel.\u201d<\/p>\n<p><strong>Seuls ou \u00e0 plusieurs, ils ont d\u00e9j\u00e0 exp\u00e9riment\u00e9 librement une action (motrice, sociale) et le jeu symbolique.<\/strong><\/p>\n<p>Chacun a pu exprimer ensuite ses actions, ses \u00e9motions et les partager avec ses camarades.\u201dMoi, j\u2019ai construit une maison\u2026\u201d \u201cEt, moi une voiture\u2026\u201d \u201cNous, on s\u2019est enferm\u00e9s dedans, et on a pass\u00e9 nos mains dans les trous\u201d\u2026 \u201cMoi, j\u2019ai manqu\u00e9 d\u2019air quand mon carton \u00e9tait ferm\u00e9\u201d\u2026 \u201cMoi, j\u2019ai bien aim\u00e9 me cacher dedans\u2026\u201d<\/p>\n<p><a href=\"https:\/\/stpierre-teille.fr\/wp-content\/uploads\/2023\/11\/IMG_20230926_094358-scaled.jpg\"><img loading=\"lazy\" decoding=\"async\" class=\"alignnone size-medium wp-image-2975\" src=\"https:\/\/stpierre-teille.fr\/wp-content\/uploads\/2023\/11\/IMG_20230926_094358-225x300.jpg\" alt=\"\" width=\"225\" height=\"300\" srcset=\"https:\/\/stpierre-teille.fr\/wp-content\/uploads\/2023\/11\/IMG_20230926_094358-225x300.jpg 225w, https:\/\/stpierre-teille.fr\/wp-content\/uploads\/2023\/11\/IMG_20230926_094358-769x1024.jpg 769w, https:\/\/stpierre-teille.fr\/wp-content\/uploads\/2023\/11\/IMG_20230926_094358-768x1023.jpg 768w, https:\/\/stpierre-teille.fr\/wp-content\/uploads\/2023\/11\/IMG_20230926_094358-1153x1536.jpg 1153w, https:\/\/stpierre-teille.fr\/wp-content\/uploads\/2023\/11\/IMG_20230926_094358-1538x2048.jpg 1538w, https:\/\/stpierre-teille.fr\/wp-content\/uploads\/2023\/11\/IMG_20230926_094358-1024x1364.jpg 1024w, https:\/\/stpierre-teille.fr\/wp-content\/uploads\/2023\/11\/IMG_20230926_094358-811x1080.jpg 811w, https:\/\/stpierre-teille.fr\/wp-content\/uploads\/2023\/11\/IMG_20230926_094358-scaled.jpg 1922w\" sizes=\"auto, (max-width: 225px) 100vw, 225px\" \/><\/a> <a href=\"https:\/\/stpierre-teille.fr\/wp-content\/uploads\/2023\/11\/IMG_20230926_094339-scaled.jpg\"><img loading=\"lazy\" decoding=\"async\" class=\"alignnone size-medium wp-image-2974\" src=\"https:\/\/stpierre-teille.fr\/wp-content\/uploads\/2023\/11\/IMG_20230926_094339-300x225.jpg\" alt=\"\" width=\"300\" height=\"225\" srcset=\"https:\/\/stpierre-teille.fr\/wp-content\/uploads\/2023\/11\/IMG_20230926_094339-300x225.jpg 300w, https:\/\/stpierre-teille.fr\/wp-content\/uploads\/2023\/11\/IMG_20230926_094339-1024x769.jpg 1024w, https:\/\/stpierre-teille.fr\/wp-content\/uploads\/2023\/11\/IMG_20230926_094339-768x577.jpg 768w, https:\/\/stpierre-teille.fr\/wp-content\/uploads\/2023\/11\/IMG_20230926_094339-1536x1153.jpg 1536w, https:\/\/stpierre-teille.fr\/wp-content\/uploads\/2023\/11\/IMG_20230926_094339-2048x1538.jpg 2048w, https:\/\/stpierre-teille.fr\/wp-content\/uploads\/2023\/11\/IMG_20230926_094339-1438x1080.jpg 1438w\" sizes=\"auto, (max-width: 300px) 100vw, 300px\" \/><\/a> <a href=\"https:\/\/stpierre-teille.fr\/wp-content\/uploads\/2023\/11\/IMG_20230926_092019-scaled.jpg\"><img loading=\"lazy\" decoding=\"async\" class=\"alignnone size-medium wp-image-2973\" src=\"https:\/\/stpierre-teille.fr\/wp-content\/uploads\/2023\/11\/IMG_20230926_092019-300x225.jpg\" alt=\"\" width=\"300\" height=\"225\" srcset=\"https:\/\/stpierre-teille.fr\/wp-content\/uploads\/2023\/11\/IMG_20230926_092019-300x225.jpg 300w, https:\/\/stpierre-teille.fr\/wp-content\/uploads\/2023\/11\/IMG_20230926_092019-1024x769.jpg 1024w, https:\/\/stpierre-teille.fr\/wp-content\/uploads\/2023\/11\/IMG_20230926_092019-768x577.jpg 768w, https:\/\/stpierre-teille.fr\/wp-content\/uploads\/2023\/11\/IMG_20230926_092019-1536x1153.jpg 1536w, https:\/\/stpierre-teille.fr\/wp-content\/uploads\/2023\/11\/IMG_20230926_092019-2048x1538.jpg 2048w, https:\/\/stpierre-teille.fr\/wp-content\/uploads\/2023\/11\/IMG_20230926_092019-1438x1080.jpg 1438w\" sizes=\"auto, (max-width: 300px) 100vw, 300px\" \/><\/a> <a href=\"https:\/\/stpierre-teille.fr\/wp-content\/uploads\/2023\/11\/IMG_20230926_092009-scaled.jpg\"><img loading=\"lazy\" decoding=\"async\" class=\"alignnone size-medium wp-image-2972\" src=\"https:\/\/stpierre-teille.fr\/wp-content\/uploads\/2023\/11\/IMG_20230926_092009-300x225.jpg\" alt=\"\" width=\"300\" height=\"225\" srcset=\"https:\/\/stpierre-teille.fr\/wp-content\/uploads\/2023\/11\/IMG_20230926_092009-300x225.jpg 300w, https:\/\/stpierre-teille.fr\/wp-content\/uploads\/2023\/11\/IMG_20230926_092009-1024x769.jpg 1024w, https:\/\/stpierre-teille.fr\/wp-content\/uploads\/2023\/11\/IMG_20230926_092009-768x577.jpg 768w, https:\/\/stpierre-teille.fr\/wp-content\/uploads\/2023\/11\/IMG_20230926_092009-1536x1153.jpg 1536w, https:\/\/stpierre-teille.fr\/wp-content\/uploads\/2023\/11\/IMG_20230926_092009-2048x1538.jpg 2048w, https:\/\/stpierre-teille.fr\/wp-content\/uploads\/2023\/11\/IMG_20230926_092009-1438x1080.jpg 1438w\" sizes=\"auto, (max-width: 300px) 100vw, 300px\" \/><\/a> <a href=\"https:\/\/stpierre-teille.fr\/wp-content\/uploads\/2023\/11\/IMG_20230926_092001-scaled.jpg\"><img loading=\"lazy\" decoding=\"async\" class=\"alignnone size-medium wp-image-2971\" src=\"https:\/\/stpierre-teille.fr\/wp-content\/uploads\/2023\/11\/IMG_20230926_092001-300x225.jpg\" alt=\"\" width=\"300\" height=\"225\" srcset=\"https:\/\/stpierre-teille.fr\/wp-content\/uploads\/2023\/11\/IMG_20230926_092001-300x225.jpg 300w, https:\/\/stpierre-teille.fr\/wp-content\/uploads\/2023\/11\/IMG_20230926_092001-1024x769.jpg 1024w, https:\/\/stpierre-teille.fr\/wp-content\/uploads\/2023\/11\/IMG_20230926_092001-768x577.jpg 768w, https:\/\/stpierre-teille.fr\/wp-content\/uploads\/2023\/11\/IMG_20230926_092001-1536x1153.jpg 1536w, https:\/\/stpierre-teille.fr\/wp-content\/uploads\/2023\/11\/IMG_20230926_092001-2048x1538.jpg 2048w, https:\/\/stpierre-teille.fr\/wp-content\/uploads\/2023\/11\/IMG_20230926_092001-1438x1080.jpg 1438w\" sizes=\"auto, (max-width: 300px) 100vw, 300px\" \/><\/a> <a href=\"https:\/\/stpierre-teille.fr\/wp-content\/uploads\/2023\/11\/IMG_20230926_091953-scaled.jpg\"><img loading=\"lazy\" decoding=\"async\" class=\"alignnone size-medium wp-image-2970\" src=\"https:\/\/stpierre-teille.fr\/wp-content\/uploads\/2023\/11\/IMG_20230926_091953-300x225.jpg\" alt=\"\" width=\"300\" height=\"225\" srcset=\"https:\/\/stpierre-teille.fr\/wp-content\/uploads\/2023\/11\/IMG_20230926_091953-300x225.jpg 300w, https:\/\/stpierre-teille.fr\/wp-content\/uploads\/2023\/11\/IMG_20230926_091953-1024x769.jpg 1024w, https:\/\/stpierre-teille.fr\/wp-content\/uploads\/2023\/11\/IMG_20230926_091953-768x577.jpg 768w, https:\/\/stpierre-teille.fr\/wp-content\/uploads\/2023\/11\/IMG_20230926_091953-1536x1153.jpg 1536w, https:\/\/stpierre-teille.fr\/wp-content\/uploads\/2023\/11\/IMG_20230926_091953-2048x1538.jpg 2048w, https:\/\/stpierre-teille.fr\/wp-content\/uploads\/2023\/11\/IMG_20230926_091953-1438x1080.jpg 1438w\" sizes=\"auto, (max-width: 300px) 100vw, 300px\" \/><\/a> <a href=\"https:\/\/stpierre-teille.fr\/wp-content\/uploads\/2023\/11\/IMG_20230926_091945-scaled.jpg\"><img loading=\"lazy\" decoding=\"async\" class=\"alignnone size-medium wp-image-2969\" src=\"https:\/\/stpierre-teille.fr\/wp-content\/uploads\/2023\/11\/IMG_20230926_091945-300x225.jpg\" alt=\"\" width=\"300\" height=\"225\" srcset=\"https:\/\/stpierre-teille.fr\/wp-content\/uploads\/2023\/11\/IMG_20230926_091945-300x225.jpg 300w, https:\/\/stpierre-teille.fr\/wp-content\/uploads\/2023\/11\/IMG_20230926_091945-1024x769.jpg 1024w, https:\/\/stpierre-teille.fr\/wp-content\/uploads\/2023\/11\/IMG_20230926_091945-768x577.jpg 768w, https:\/\/stpierre-teille.fr\/wp-content\/uploads\/2023\/11\/IMG_20230926_091945-1536x1153.jpg 1536w, https:\/\/stpierre-teille.fr\/wp-content\/uploads\/2023\/11\/IMG_20230926_091945-2048x1538.jpg 2048w, https:\/\/stpierre-teille.fr\/wp-content\/uploads\/2023\/11\/IMG_20230926_091945-1438x1080.jpg 1438w\" sizes=\"auto, (max-width: 300px) 100vw, 300px\" \/><\/a><\/p>\n","protected":false},"excerpt":{"rendered":"<p>Durant la premi\u00e8re p\u00e9riode de l&rsquo; ann\u00e9e , les \u00e9l\u00e8ves de maternelle ont v\u00e9cu&nbsp; un \u201catelier cartons\u201d, coanim\u00e9 par l\u2019enseignante sp\u00e9cialis\u00e9e Marina Lucas. Dans la salle de motricit\u00e9 sont dispos\u00e9s une trentaine de cartons, de tailles diff\u00e9rentes. Une consigne est donn\u00e9e aux enfants : \u201cVous jouez comme vous le souhaitez avec les cartons, sans faire&hellip; <br \/> <a class=\"read-more\" href=\"https:\/\/stpierre-teille.fr\/?p=2983\">Lire la suite<\/a><\/p>\n","protected":false},"author":7,"featured_media":2970,"comment_status":"closed","ping_status":"closed","sticky":false,"template":"","format":"standard","meta":{"ngg_post_thumbnail":0,"footnotes":""},"categories":[1,9],"tags":[],"class_list":["post-2983","post","type-post","status-publish","format-standard","has-post-thumbnail","hentry","category-non-classe","category-vie-des-classes"],"_links":{"self":[{"href":"https:\/\/stpierre-teille.fr\/index.php?rest_route=\/wp\/v2\/posts\/2983","targetHints":{"allow":["GET"]}}],"collection":[{"href":"https:\/\/stpierre-teille.fr\/index.php?rest_route=\/wp\/v2\/posts"}],"about":[{"href":"https:\/\/stpierre-teille.fr\/index.php?rest_route=\/wp\/v2\/types\/post"}],"author":[{"embeddable":true,"href":"https:\/\/stpierre-teille.fr\/index.php?rest_route=\/wp\/v2\/users\/7"}],"replies":[{"embeddable":true,"href":"https:\/\/stpierre-teille.fr\/index.php?rest_route=%2Fwp%2Fv2%2Fcomments&post=2983"}],"version-history":[{"count":2,"href":"https:\/\/stpierre-teille.fr\/index.php?rest_route=\/wp\/v2\/posts\/2983\/revisions"}],"predecessor-version":[{"id":2990,"href":"https:\/\/stpierre-teille.fr\/index.php?rest_route=\/wp\/v2\/posts\/2983\/revisions\/2990"}],"wp:featuredmedia":[{"embeddable":true,"href":"https:\/\/stpierre-teille.fr\/index.php?rest_route=\/wp\/v2\/media\/2970"}],"wp:attachment":[{"href":"https:\/\/stpierre-teille.fr\/index.php?rest_route=%2Fwp%2Fv2%2Fmedia&parent=2983"}],"wp:term":[{"taxonomy":"category","embeddable":true,"href":"https:\/\/stpierre-teille.fr\/index.php?rest_route=%2Fwp%2Fv2%2Fcategories&post=2983"},{"taxonomy":"post_tag","embeddable":true,"href":"https:\/\/stpierre-teille.fr\/index.php?rest_route=%2Fwp%2Fv2%2Ftags&post=2983"}],"curies":[{"name":"wp","href":"https:\/\/api.w.org\/{rel}","templated":true}]}}