{"id":2951,"date":"2023-10-02T17:05:59","date_gmt":"2023-10-02T16:05:59","guid":{"rendered":"https:\/\/stpierre-teille.fr\/?p=2951"},"modified":"2023-10-02T17:07:55","modified_gmt":"2023-10-02T16:07:55","slug":"ceremonie-de-rentree-en-mode-olympique","status":"publish","type":"post","link":"https:\/\/stpierre-teille.fr\/?p=2951","title":{"rendered":"C\u00e9r\u00e9monie de rentr\u00e9e en mode Olympique !"},"content":{"rendered":"<p>Notre projet d&rsquo;ann\u00e9e portant sur les Jeux Olympiques qui se d\u00e9rouleront \u00e0 Paris en 2024, nous avons souhait\u00e9 modifier le d\u00e9roulement de notre traditionnelle assembl\u00e9e de rentr\u00e9e.<\/p>\n<p>Nous avons donc organis\u00e9 cette assembl\u00e9e \u00e0 la mani\u00e8re d&rsquo;une c\u00e9r\u00e9monie d&rsquo;ouverture des Jeux Olympiques.<\/p>\n<p><a href=\"https:\/\/stpierre-teille.fr\/wp-content\/uploads\/2023\/09\/IMG_3816-scaled.jpg\"><img loading=\"lazy\" decoding=\"async\" class=\"alignnone size-medium wp-image-2952\" src=\"https:\/\/stpierre-teille.fr\/wp-content\/uploads\/2023\/09\/IMG_3816-225x300.jpg\" alt=\"\" width=\"225\" height=\"300\" srcset=\"https:\/\/stpierre-teille.fr\/wp-content\/uploads\/2023\/09\/IMG_3816-225x300.jpg 225w, https:\/\/stpierre-teille.fr\/wp-content\/uploads\/2023\/09\/IMG_3816-768x1024.jpg 768w, https:\/\/stpierre-teille.fr\/wp-content\/uploads\/2023\/09\/IMG_3816-1152x1536.jpg 1152w, https:\/\/stpierre-teille.fr\/wp-content\/uploads\/2023\/09\/IMG_3816-1536x2048.jpg 1536w, https:\/\/stpierre-teille.fr\/wp-content\/uploads\/2023\/09\/IMG_3816-1024x1365.jpg 1024w, https:\/\/stpierre-teille.fr\/wp-content\/uploads\/2023\/09\/IMG_3816-810x1080.jpg 810w, https:\/\/stpierre-teille.fr\/wp-content\/uploads\/2023\/09\/IMG_3816-scaled.jpg 1920w\" sizes=\"auto, (max-width: 225px) 100vw, 225px\" \/><\/a><\/p>\n<p>Les \u00e9l\u00e8ves de la petite section au CE1 ont form\u00e9 une haie d&rsquo;honneur pour accueillir les \u00e9l\u00e8ves de CE2 CM1 CM2 qui apportaient la panneau officiel de l&rsquo;\u00e9cole, avec en musique de fond l&rsquo;hymne Olympique.<\/p>\n<p>Ensuite chaque nouvel \u00e9l\u00e8ve, portant une flamme olympique, a travers\u00e9 la haie d&rsquo;honneur form\u00e9e par toute l&rsquo;\u00e9cole et a \u00e9t\u00e9 applaudi tel un v\u00e9ritable champion !<\/p>\n<p>En CP: Lorenzo<\/p>\n<p><a href=\"https:\/\/stpierre-teille.fr\/wp-content\/uploads\/2023\/09\/IMG_3819-scaled.jpg\"><img loading=\"lazy\" decoding=\"async\" class=\"alignnone size-medium wp-image-2954\" src=\"https:\/\/stpierre-teille.fr\/wp-content\/uploads\/2023\/09\/IMG_3819-225x300.jpg\" alt=\"\" width=\"225\" height=\"300\" srcset=\"https:\/\/stpierre-teille.fr\/wp-content\/uploads\/2023\/09\/IMG_3819-225x300.jpg 225w, https:\/\/stpierre-teille.fr\/wp-content\/uploads\/2023\/09\/IMG_3819-768x1024.jpg 768w, https:\/\/stpierre-teille.fr\/wp-content\/uploads\/2023\/09\/IMG_3819-1152x1536.jpg 1152w, https:\/\/stpierre-teille.fr\/wp-content\/uploads\/2023\/09\/IMG_3819-1536x2048.jpg 1536w, https:\/\/stpierre-teille.fr\/wp-content\/uploads\/2023\/09\/IMG_3819-1024x1365.jpg 1024w, https:\/\/stpierre-teille.fr\/wp-content\/uploads\/2023\/09\/IMG_3819-810x1080.jpg 810w, https:\/\/stpierre-teille.fr\/wp-content\/uploads\/2023\/09\/IMG_3819-scaled.jpg 1920w\" sizes=\"auto, (max-width: 225px) 100vw, 225px\" \/><\/a><\/p>\n<p>En PS: Louis, Nour, Faustine, Rose, Ambre et Lysia<\/p>\n<p><a href=\"https:\/\/stpierre-teille.fr\/wp-content\/uploads\/2023\/09\/IMG_3820-scaled.jpg\"><img loading=\"lazy\" decoding=\"async\" class=\"alignnone size-medium wp-image-2955\" src=\"https:\/\/stpierre-teille.fr\/wp-content\/uploads\/2023\/09\/IMG_3820-225x300.jpg\" alt=\"\" width=\"225\" height=\"300\" srcset=\"https:\/\/stpierre-teille.fr\/wp-content\/uploads\/2023\/09\/IMG_3820-225x300.jpg 225w, https:\/\/stpierre-teille.fr\/wp-content\/uploads\/2023\/09\/IMG_3820-768x1024.jpg 768w, https:\/\/stpierre-teille.fr\/wp-content\/uploads\/2023\/09\/IMG_3820-1152x1536.jpg 1152w, https:\/\/stpierre-teille.fr\/wp-content\/uploads\/2023\/09\/IMG_3820-1536x2048.jpg 1536w, https:\/\/stpierre-teille.fr\/wp-content\/uploads\/2023\/09\/IMG_3820-1024x1365.jpg 1024w, https:\/\/stpierre-teille.fr\/wp-content\/uploads\/2023\/09\/IMG_3820-810x1080.jpg 810w, https:\/\/stpierre-teille.fr\/wp-content\/uploads\/2023\/09\/IMG_3820-scaled.jpg 1920w\" sizes=\"auto, (max-width: 225px) 100vw, 225px\" \/><\/a> <a href=\"https:\/\/stpierre-teille.fr\/wp-content\/uploads\/2023\/09\/IMG_3821-scaled.jpg\"><img loading=\"lazy\" decoding=\"async\" class=\"alignnone size-medium wp-image-2956\" src=\"https:\/\/stpierre-teille.fr\/wp-content\/uploads\/2023\/09\/IMG_3821-225x300.jpg\" alt=\"\" width=\"225\" height=\"300\" srcset=\"https:\/\/stpierre-teille.fr\/wp-content\/uploads\/2023\/09\/IMG_3821-225x300.jpg 225w, https:\/\/stpierre-teille.fr\/wp-content\/uploads\/2023\/09\/IMG_3821-768x1024.jpg 768w, https:\/\/stpierre-teille.fr\/wp-content\/uploads\/2023\/09\/IMG_3821-1152x1536.jpg 1152w, https:\/\/stpierre-teille.fr\/wp-content\/uploads\/2023\/09\/IMG_3821-1536x2048.jpg 1536w, https:\/\/stpierre-teille.fr\/wp-content\/uploads\/2023\/09\/IMG_3821-1024x1365.jpg 1024w, https:\/\/stpierre-teille.fr\/wp-content\/uploads\/2023\/09\/IMG_3821-810x1080.jpg 810w, https:\/\/stpierre-teille.fr\/wp-content\/uploads\/2023\/09\/IMG_3821-scaled.jpg 1920w\" sizes=\"auto, (max-width: 225px) 100vw, 225px\" \/><\/a> <a href=\"https:\/\/stpierre-teille.fr\/wp-content\/uploads\/2023\/09\/IMG_3822-scaled.jpg\"><img loading=\"lazy\" decoding=\"async\" class=\"alignnone size-medium wp-image-2957\" src=\"https:\/\/stpierre-teille.fr\/wp-content\/uploads\/2023\/09\/IMG_3822-225x300.jpg\" alt=\"\" width=\"225\" height=\"300\" srcset=\"https:\/\/stpierre-teille.fr\/wp-content\/uploads\/2023\/09\/IMG_3822-225x300.jpg 225w, https:\/\/stpierre-teille.fr\/wp-content\/uploads\/2023\/09\/IMG_3822-768x1024.jpg 768w, https:\/\/stpierre-teille.fr\/wp-content\/uploads\/2023\/09\/IMG_3822-1152x1536.jpg 1152w, https:\/\/stpierre-teille.fr\/wp-content\/uploads\/2023\/09\/IMG_3822-1536x2048.jpg 1536w, https:\/\/stpierre-teille.fr\/wp-content\/uploads\/2023\/09\/IMG_3822-1024x1365.jpg 1024w, https:\/\/stpierre-teille.fr\/wp-content\/uploads\/2023\/09\/IMG_3822-810x1080.jpg 810w, https:\/\/stpierre-teille.fr\/wp-content\/uploads\/2023\/09\/IMG_3822-scaled.jpg 1920w\" sizes=\"auto, (max-width: 225px) 100vw, 225px\" \/><\/a> <a href=\"https:\/\/stpierre-teille.fr\/wp-content\/uploads\/2023\/09\/IMG_3823-scaled.jpg\"><img loading=\"lazy\" decoding=\"async\" class=\"alignnone size-medium wp-image-2958\" src=\"https:\/\/stpierre-teille.fr\/wp-content\/uploads\/2023\/09\/IMG_3823-225x300.jpg\" alt=\"\" width=\"225\" height=\"300\" srcset=\"https:\/\/stpierre-teille.fr\/wp-content\/uploads\/2023\/09\/IMG_3823-225x300.jpg 225w, https:\/\/stpierre-teille.fr\/wp-content\/uploads\/2023\/09\/IMG_3823-768x1024.jpg 768w, https:\/\/stpierre-teille.fr\/wp-content\/uploads\/2023\/09\/IMG_3823-1152x1536.jpg 1152w, https:\/\/stpierre-teille.fr\/wp-content\/uploads\/2023\/09\/IMG_3823-1536x2048.jpg 1536w, https:\/\/stpierre-teille.fr\/wp-content\/uploads\/2023\/09\/IMG_3823-1024x1365.jpg 1024w, https:\/\/stpierre-teille.fr\/wp-content\/uploads\/2023\/09\/IMG_3823-810x1080.jpg 810w, https:\/\/stpierre-teille.fr\/wp-content\/uploads\/2023\/09\/IMG_3823-scaled.jpg 1920w\" sizes=\"auto, (max-width: 225px) 100vw, 225px\" \/><\/a> <a href=\"https:\/\/stpierre-teille.fr\/wp-content\/uploads\/2023\/09\/IMG_3824-scaled.jpg\"><img loading=\"lazy\" decoding=\"async\" class=\"alignnone size-medium wp-image-2959\" src=\"https:\/\/stpierre-teille.fr\/wp-content\/uploads\/2023\/09\/IMG_3824-225x300.jpg\" alt=\"\" width=\"225\" height=\"300\" srcset=\"https:\/\/stpierre-teille.fr\/wp-content\/uploads\/2023\/09\/IMG_3824-225x300.jpg 225w, https:\/\/stpierre-teille.fr\/wp-content\/uploads\/2023\/09\/IMG_3824-768x1024.jpg 768w, https:\/\/stpierre-teille.fr\/wp-content\/uploads\/2023\/09\/IMG_3824-1152x1536.jpg 1152w, https:\/\/stpierre-teille.fr\/wp-content\/uploads\/2023\/09\/IMG_3824-1536x2048.jpg 1536w, https:\/\/stpierre-teille.fr\/wp-content\/uploads\/2023\/09\/IMG_3824-1024x1365.jpg 1024w, https:\/\/stpierre-teille.fr\/wp-content\/uploads\/2023\/09\/IMG_3824-810x1080.jpg 810w, https:\/\/stpierre-teille.fr\/wp-content\/uploads\/2023\/09\/IMG_3824-scaled.jpg 1920w\" sizes=\"auto, (max-width: 225px) 100vw, 225px\" \/><\/a> <a href=\"https:\/\/stpierre-teille.fr\/wp-content\/uploads\/2023\/09\/IMG_3825-scaled.jpg\"><img loading=\"lazy\" decoding=\"async\" class=\"alignnone size-medium wp-image-2960\" src=\"https:\/\/stpierre-teille.fr\/wp-content\/uploads\/2023\/09\/IMG_3825-225x300.jpg\" alt=\"\" width=\"225\" height=\"300\" srcset=\"https:\/\/stpierre-teille.fr\/wp-content\/uploads\/2023\/09\/IMG_3825-225x300.jpg 225w, https:\/\/stpierre-teille.fr\/wp-content\/uploads\/2023\/09\/IMG_3825-768x1024.jpg 768w, https:\/\/stpierre-teille.fr\/wp-content\/uploads\/2023\/09\/IMG_3825-1152x1536.jpg 1152w, https:\/\/stpierre-teille.fr\/wp-content\/uploads\/2023\/09\/IMG_3825-1536x2048.jpg 1536w, https:\/\/stpierre-teille.fr\/wp-content\/uploads\/2023\/09\/IMG_3825-1024x1365.jpg 1024w, https:\/\/stpierre-teille.fr\/wp-content\/uploads\/2023\/09\/IMG_3825-810x1080.jpg 810w, https:\/\/stpierre-teille.fr\/wp-content\/uploads\/2023\/09\/IMG_3825-scaled.jpg 1920w\" sizes=\"auto, (max-width: 225px) 100vw, 225px\" \/><\/a><\/p>\n<p>Nous n&rsquo;avons pas oubli\u00e9 M\u00e9lissa, nouvellement arriv\u00e9e dans l&rsquo;\u00e9quipe.<\/p>\n<p><a href=\"https:\/\/stpierre-teille.fr\/wp-content\/uploads\/2023\/09\/IMG_3826-scaled.jpg\"><img loading=\"lazy\" decoding=\"async\" class=\"alignnone size-medium wp-image-2961\" src=\"https:\/\/stpierre-teille.fr\/wp-content\/uploads\/2023\/09\/IMG_3826-225x300.jpg\" alt=\"\" width=\"225\" height=\"300\" srcset=\"https:\/\/stpierre-teille.fr\/wp-content\/uploads\/2023\/09\/IMG_3826-225x300.jpg 225w, https:\/\/stpierre-teille.fr\/wp-content\/uploads\/2023\/09\/IMG_3826-768x1024.jpg 768w, https:\/\/stpierre-teille.fr\/wp-content\/uploads\/2023\/09\/IMG_3826-1152x1536.jpg 1152w, https:\/\/stpierre-teille.fr\/wp-content\/uploads\/2023\/09\/IMG_3826-1536x2048.jpg 1536w, https:\/\/stpierre-teille.fr\/wp-content\/uploads\/2023\/09\/IMG_3826-1024x1365.jpg 1024w, https:\/\/stpierre-teille.fr\/wp-content\/uploads\/2023\/09\/IMG_3826-810x1080.jpg 810w, https:\/\/stpierre-teille.fr\/wp-content\/uploads\/2023\/09\/IMG_3826-scaled.jpg 1920w\" sizes=\"auto, (max-width: 225px) 100vw, 225px\" \/><\/a><\/p>\n<p>Bienvenue \u00e0 tous.<\/p>\n<p>Pour clore cette c\u00e9r\u00e9monie, chaque classe a pr\u00e9sent\u00e9 un chant.<\/p>\n<p>Et nous nous sommes quitt\u00e9s en se souhaitant une excellente ann\u00e9e scolaire olympique.<\/p>\n<p>&nbsp;<\/p>\n","protected":false},"excerpt":{"rendered":"<p>Notre projet d&rsquo;ann\u00e9e portant sur les Jeux Olympiques qui se d\u00e9rouleront \u00e0 Paris en 2024, nous avons souhait\u00e9 modifier le d\u00e9roulement de notre traditionnelle assembl\u00e9e de rentr\u00e9e. Nous avons donc organis\u00e9 cette assembl\u00e9e \u00e0 la mani\u00e8re d&rsquo;une c\u00e9r\u00e9monie d&rsquo;ouverture des Jeux Olympiques. Les \u00e9l\u00e8ves de la petite section au CE1 ont form\u00e9 une haie d&rsquo;honneur&hellip; <br \/> <a class=\"read-more\" href=\"https:\/\/stpierre-teille.fr\/?p=2951\">Lire la suite<\/a><\/p>\n","protected":false},"author":3,"featured_media":2953,"comment_status":"closed","ping_status":"closed","sticky":false,"template":"","format":"standard","meta":{"ngg_post_thumbnail":0,"footnotes":""},"categories":[9],"tags":[],"class_list":["post-2951","post","type-post","status-publish","format-standard","has-post-thumbnail","hentry","category-vie-des-classes"],"_links":{"self":[{"href":"https:\/\/stpierre-teille.fr\/index.php?rest_route=\/wp\/v2\/posts\/2951","targetHints":{"allow":["GET"]}}],"collection":[{"href":"https:\/\/stpierre-teille.fr\/index.php?rest_route=\/wp\/v2\/posts"}],"about":[{"href":"https:\/\/stpierre-teille.fr\/index.php?rest_route=\/wp\/v2\/types\/post"}],"author":[{"embeddable":true,"href":"https:\/\/stpierre-teille.fr\/index.php?rest_route=\/wp\/v2\/users\/3"}],"replies":[{"embeddable":true,"href":"https:\/\/stpierre-teille.fr\/index.php?rest_route=%2Fwp%2Fv2%2Fcomments&post=2951"}],"version-history":[{"count":3,"href":"https:\/\/stpierre-teille.fr\/index.php?rest_route=\/wp\/v2\/posts\/2951\/revisions"}],"predecessor-version":[{"id":2965,"href":"https:\/\/stpierre-teille.fr\/index.php?rest_route=\/wp\/v2\/posts\/2951\/revisions\/2965"}],"wp:featuredmedia":[{"embeddable":true,"href":"https:\/\/stpierre-teille.fr\/index.php?rest_route=\/wp\/v2\/media\/2953"}],"wp:attachment":[{"href":"https:\/\/stpierre-teille.fr\/index.php?rest_route=%2Fwp%2Fv2%2Fmedia&parent=2951"}],"wp:term":[{"taxonomy":"category","embeddable":true,"href":"https:\/\/stpierre-teille.fr\/index.php?rest_route=%2Fwp%2Fv2%2Fcategories&post=2951"},{"taxonomy":"post_tag","embeddable":true,"href":"https:\/\/stpierre-teille.fr\/index.php?rest_route=%2Fwp%2Fv2%2Ftags&post=2951"}],"curies":[{"name":"wp","href":"https:\/\/api.w.org\/{rel}","templated":true}]}}