{"id":2938,"date":"2023-09-09T18:57:53","date_gmt":"2023-09-09T17:57:53","guid":{"rendered":"https:\/\/stpierre-teille.fr\/?p=2938"},"modified":"2023-09-09T18:57:53","modified_gmt":"2023-09-09T17:57:53","slug":"le-vendredi-cest-velo","status":"publish","type":"post","link":"https:\/\/stpierre-teille.fr\/?p=2938","title":{"rendered":"Le Vendredi, c&rsquo;est v\u00e9lo !"},"content":{"rendered":"<p>Les \u00e9l\u00e8ves de CM2 ont d\u00e9but\u00e9 un module de natation scolaire le 8 septembre. Avec les \u00e9l\u00e8ves de CE2 et CM1 qui restent \u00e0 l&rsquo;\u00e9cole, nous travaillons la comp\u00e9tence \u00ab\u00a0Adapter ses d\u00e9placements \u00e0 des environnements vari\u00e9s\u00a0\u00bb \u00e0 travers l&rsquo;activit\u00e9 v\u00e9lo. Nous serons amen\u00e9s \u00e0 circuler sur la route, sur la voie verte, autour du plan d&rsquo;eau &#8230;<\/p>\n<p><a href=\"https:\/\/stpierre-teille.fr\/wp-content\/uploads\/2023\/09\/1694281418869-scaled.jpg\"><img loading=\"lazy\" decoding=\"async\" class=\"aligncenter size-medium wp-image-2936\" src=\"https:\/\/stpierre-teille.fr\/wp-content\/uploads\/2023\/09\/1694281418869-225x300.jpg\" alt=\"\" width=\"225\" height=\"300\" srcset=\"https:\/\/stpierre-teille.fr\/wp-content\/uploads\/2023\/09\/1694281418869-225x300.jpg 225w, https:\/\/stpierre-teille.fr\/wp-content\/uploads\/2023\/09\/1694281418869-769x1024.jpg 769w, https:\/\/stpierre-teille.fr\/wp-content\/uploads\/2023\/09\/1694281418869-768x1023.jpg 768w, https:\/\/stpierre-teille.fr\/wp-content\/uploads\/2023\/09\/1694281418869-1153x1536.jpg 1153w, https:\/\/stpierre-teille.fr\/wp-content\/uploads\/2023\/09\/1694281418869-1538x2048.jpg 1538w, https:\/\/stpierre-teille.fr\/wp-content\/uploads\/2023\/09\/1694281418869-1024x1364.jpg 1024w, https:\/\/stpierre-teille.fr\/wp-content\/uploads\/2023\/09\/1694281418869-811x1080.jpg 811w, https:\/\/stpierre-teille.fr\/wp-content\/uploads\/2023\/09\/1694281418869-scaled.jpg 1922w\" sizes=\"auto, (max-width: 225px) 100vw, 225px\" \/><\/a><\/p>\n","protected":false},"excerpt":{"rendered":"<p>Les \u00e9l\u00e8ves de CM2 ont d\u00e9but\u00e9 un module de natation scolaire le 8 septembre. Avec les \u00e9l\u00e8ves de CE2 et CM1 qui restent \u00e0 l&rsquo;\u00e9cole, nous travaillons la comp\u00e9tence \u00ab\u00a0Adapter ses d\u00e9placements \u00e0 des environnements vari\u00e9s\u00a0\u00bb \u00e0 travers l&rsquo;activit\u00e9 v\u00e9lo. Nous serons amen\u00e9s \u00e0 circuler sur la route, sur la voie verte, autour du plan&hellip; <br \/> <a class=\"read-more\" href=\"https:\/\/stpierre-teille.fr\/?p=2938\">Lire la suite<\/a><\/p>\n","protected":false},"author":2,"featured_media":2936,"comment_status":"closed","ping_status":"closed","sticky":false,"template":"","format":"standard","meta":{"ngg_post_thumbnail":0,"footnotes":""},"categories":[9],"tags":[],"class_list":["post-2938","post","type-post","status-publish","format-standard","has-post-thumbnail","hentry","category-vie-des-classes"],"_links":{"self":[{"href":"https:\/\/stpierre-teille.fr\/index.php?rest_route=\/wp\/v2\/posts\/2938","targetHints":{"allow":["GET"]}}],"collection":[{"href":"https:\/\/stpierre-teille.fr\/index.php?rest_route=\/wp\/v2\/posts"}],"about":[{"href":"https:\/\/stpierre-teille.fr\/index.php?rest_route=\/wp\/v2\/types\/post"}],"author":[{"embeddable":true,"href":"https:\/\/stpierre-teille.fr\/index.php?rest_route=\/wp\/v2\/users\/2"}],"replies":[{"embeddable":true,"href":"https:\/\/stpierre-teille.fr\/index.php?rest_route=%2Fwp%2Fv2%2Fcomments&post=2938"}],"version-history":[{"count":1,"href":"https:\/\/stpierre-teille.fr\/index.php?rest_route=\/wp\/v2\/posts\/2938\/revisions"}],"predecessor-version":[{"id":2939,"href":"https:\/\/stpierre-teille.fr\/index.php?rest_route=\/wp\/v2\/posts\/2938\/revisions\/2939"}],"wp:featuredmedia":[{"embeddable":true,"href":"https:\/\/stpierre-teille.fr\/index.php?rest_route=\/wp\/v2\/media\/2936"}],"wp:attachment":[{"href":"https:\/\/stpierre-teille.fr\/index.php?rest_route=%2Fwp%2Fv2%2Fmedia&parent=2938"}],"wp:term":[{"taxonomy":"category","embeddable":true,"href":"https:\/\/stpierre-teille.fr\/index.php?rest_route=%2Fwp%2Fv2%2Fcategories&post=2938"},{"taxonomy":"post_tag","embeddable":true,"href":"https:\/\/stpierre-teille.fr\/index.php?rest_route=%2Fwp%2Fv2%2Ftags&post=2938"}],"curies":[{"name":"wp","href":"https:\/\/api.w.org\/{rel}","templated":true}]}}