{"id":2790,"date":"2023-05-26T07:35:37","date_gmt":"2023-05-26T06:35:37","guid":{"rendered":"https:\/\/stpierre-teille.fr\/?p=2790"},"modified":"2023-05-26T07:35:37","modified_gmt":"2023-05-26T06:35:37","slug":"le-100eme-jour-decole","status":"publish","type":"post","link":"https:\/\/stpierre-teille.fr\/?p=2790","title":{"rendered":"Le 100\u00e8me jour d&rsquo;\u00e9cole"},"content":{"rendered":"<p>Le vendredi 7 avril \u00e9tait le 100\u00e8me jour d&rsquo;\u00e9cole.<\/p>\n<p>Apr\u00e8s avoir compt\u00e9 chaque matin, le nombre de jours avec des b\u00e2tons et des pi\u00e8ces, nous avons constitu\u00e9 au fur et \u00e0 mesure des dizaines et avec la dixi\u00e8me dizaine, nous avons pu constituer une centaine.<\/p>\n<p>Nous avions h\u00e2te d&rsquo;arriver \u00e0 ce jour tr\u00e8s sp\u00e9cial et pour marquer cette journ\u00e9e nous avons :<\/p>\n<ul>\n<li>colori\u00e9 100 arbres:<\/li>\n<\/ul>\n<p><a href=\"https:\/\/stpierre-teille.fr\/wp-content\/uploads\/2023\/05\/IMG_3503-scaled.jpg\"><img loading=\"lazy\" decoding=\"async\" class=\"alignnone size-medium wp-image-2795\" src=\"https:\/\/stpierre-teille.fr\/wp-content\/uploads\/2023\/05\/IMG_3503-300x225.jpg\" alt=\"\" width=\"300\" height=\"225\" srcset=\"https:\/\/stpierre-teille.fr\/wp-content\/uploads\/2023\/05\/IMG_3503-300x225.jpg 300w, https:\/\/stpierre-teille.fr\/wp-content\/uploads\/2023\/05\/IMG_3503-1024x768.jpg 1024w, https:\/\/stpierre-teille.fr\/wp-content\/uploads\/2023\/05\/IMG_3503-768x576.jpg 768w, https:\/\/stpierre-teille.fr\/wp-content\/uploads\/2023\/05\/IMG_3503-1536x1152.jpg 1536w, https:\/\/stpierre-teille.fr\/wp-content\/uploads\/2023\/05\/IMG_3503-2048x1536.jpg 2048w, https:\/\/stpierre-teille.fr\/wp-content\/uploads\/2023\/05\/IMG_3503-1440x1080.jpg 1440w\" sizes=\"auto, (max-width: 300px) 100vw, 300px\" \/><\/a><\/p>\n<ul>\n<li>d\u00e9cor\u00e9 une cravate et des lunettes sp\u00e9ciales 100:<\/li>\n<\/ul>\n<p><a href=\"https:\/\/stpierre-teille.fr\/wp-content\/uploads\/2023\/05\/IMG_3502-scaled.jpg\"><img loading=\"lazy\" decoding=\"async\" class=\"alignnone wp-image-2794 size-medium\" src=\"https:\/\/stpierre-teille.fr\/wp-content\/uploads\/2023\/05\/IMG_3502-scaled-e1684939138532-300x225.jpg\" alt=\"\" width=\"300\" height=\"225\" srcset=\"https:\/\/stpierre-teille.fr\/wp-content\/uploads\/2023\/05\/IMG_3502-scaled-e1684939138532-300x225.jpg 300w, https:\/\/stpierre-teille.fr\/wp-content\/uploads\/2023\/05\/IMG_3502-scaled-e1684939138532-1024x768.jpg 1024w, https:\/\/stpierre-teille.fr\/wp-content\/uploads\/2023\/05\/IMG_3502-scaled-e1684939138532-768x576.jpg 768w, https:\/\/stpierre-teille.fr\/wp-content\/uploads\/2023\/05\/IMG_3502-scaled-e1684939138532-1536x1152.jpg 1536w, https:\/\/stpierre-teille.fr\/wp-content\/uploads\/2023\/05\/IMG_3502-scaled-e1684939138532-2048x1536.jpg 2048w, https:\/\/stpierre-teille.fr\/wp-content\/uploads\/2023\/05\/IMG_3502-scaled-e1684939138532-1440x1080.jpg 1440w\" sizes=\"auto, (max-width: 300px) 100vw, 300px\" \/><\/a><\/p>\n<ul>\n<li>form\u00e9 un 100 avec toute la classe:<\/li>\n<\/ul>\n<p><a href=\"https:\/\/stpierre-teille.fr\/wp-content\/uploads\/2023\/05\/formation-100.png\"><img loading=\"lazy\" decoding=\"async\" class=\"alignnone size-medium wp-image-2802\" src=\"https:\/\/stpierre-teille.fr\/wp-content\/uploads\/2023\/05\/formation-100-300x225.png\" alt=\"\" width=\"300\" height=\"225\" srcset=\"https:\/\/stpierre-teille.fr\/wp-content\/uploads\/2023\/05\/formation-100-300x225.png 300w, https:\/\/stpierre-teille.fr\/wp-content\/uploads\/2023\/05\/formation-100-1024x768.png 1024w, https:\/\/stpierre-teille.fr\/wp-content\/uploads\/2023\/05\/formation-100-768x576.png 768w, https:\/\/stpierre-teille.fr\/wp-content\/uploads\/2023\/05\/formation-100-1536x1152.png 1536w, https:\/\/stpierre-teille.fr\/wp-content\/uploads\/2023\/05\/formation-100-2048x1536.png 2048w, https:\/\/stpierre-teille.fr\/wp-content\/uploads\/2023\/05\/formation-100-1440x1080.png 1440w\" sizes=\"auto, (max-width: 300px) 100vw, 300px\" \/><\/a><\/p>\n<ul>\n<li>r\u00e9alis\u00e9 un collier de 100 perles:<\/li>\n<\/ul>\n<p><a href=\"https:\/\/stpierre-teille.fr\/wp-content\/uploads\/2023\/05\/IMG_3505-scaled.jpg\"><img loading=\"lazy\" decoding=\"async\" class=\"alignnone size-medium wp-image-2796\" src=\"https:\/\/stpierre-teille.fr\/wp-content\/uploads\/2023\/05\/IMG_3505-225x300.jpg\" alt=\"\" width=\"225\" height=\"300\" srcset=\"https:\/\/stpierre-teille.fr\/wp-content\/uploads\/2023\/05\/IMG_3505-225x300.jpg 225w, https:\/\/stpierre-teille.fr\/wp-content\/uploads\/2023\/05\/IMG_3505-768x1024.jpg 768w, https:\/\/stpierre-teille.fr\/wp-content\/uploads\/2023\/05\/IMG_3505-1152x1536.jpg 1152w, https:\/\/stpierre-teille.fr\/wp-content\/uploads\/2023\/05\/IMG_3505-1536x2048.jpg 1536w, https:\/\/stpierre-teille.fr\/wp-content\/uploads\/2023\/05\/IMG_3505-1024x1365.jpg 1024w, https:\/\/stpierre-teille.fr\/wp-content\/uploads\/2023\/05\/IMG_3505-810x1080.jpg 810w, https:\/\/stpierre-teille.fr\/wp-content\/uploads\/2023\/05\/IMG_3505-scaled.jpg 1920w\" sizes=\"auto, (max-width: 225px) 100vw, 225px\" \/><\/a><\/p>\n","protected":false},"excerpt":{"rendered":"<p>Le vendredi 7 avril \u00e9tait le 100\u00e8me jour d&rsquo;\u00e9cole. Apr\u00e8s avoir compt\u00e9 chaque matin, le nombre de jours avec des b\u00e2tons et des pi\u00e8ces, nous avons constitu\u00e9 au fur et \u00e0 mesure des dizaines et avec la dixi\u00e8me dizaine, nous avons pu constituer une centaine. Nous avions h\u00e2te d&rsquo;arriver \u00e0 ce jour tr\u00e8s sp\u00e9cial et&hellip; <br \/> <a class=\"read-more\" href=\"https:\/\/stpierre-teille.fr\/?p=2790\">Lire la suite<\/a><\/p>\n","protected":false},"author":3,"featured_media":2793,"comment_status":"closed","ping_status":"closed","sticky":false,"template":"","format":"standard","meta":{"ngg_post_thumbnail":0,"footnotes":""},"categories":[1,9],"tags":[],"class_list":["post-2790","post","type-post","status-publish","format-standard","has-post-thumbnail","hentry","category-non-classe","category-vie-des-classes"],"_links":{"self":[{"href":"https:\/\/stpierre-teille.fr\/index.php?rest_route=\/wp\/v2\/posts\/2790","targetHints":{"allow":["GET"]}}],"collection":[{"href":"https:\/\/stpierre-teille.fr\/index.php?rest_route=\/wp\/v2\/posts"}],"about":[{"href":"https:\/\/stpierre-teille.fr\/index.php?rest_route=\/wp\/v2\/types\/post"}],"author":[{"embeddable":true,"href":"https:\/\/stpierre-teille.fr\/index.php?rest_route=\/wp\/v2\/users\/3"}],"replies":[{"embeddable":true,"href":"https:\/\/stpierre-teille.fr\/index.php?rest_route=%2Fwp%2Fv2%2Fcomments&post=2790"}],"version-history":[{"count":6,"href":"https:\/\/stpierre-teille.fr\/index.php?rest_route=\/wp\/v2\/posts\/2790\/revisions"}],"predecessor-version":[{"id":2808,"href":"https:\/\/stpierre-teille.fr\/index.php?rest_route=\/wp\/v2\/posts\/2790\/revisions\/2808"}],"wp:featuredmedia":[{"embeddable":true,"href":"https:\/\/stpierre-teille.fr\/index.php?rest_route=\/wp\/v2\/media\/2793"}],"wp:attachment":[{"href":"https:\/\/stpierre-teille.fr\/index.php?rest_route=%2Fwp%2Fv2%2Fmedia&parent=2790"}],"wp:term":[{"taxonomy":"category","embeddable":true,"href":"https:\/\/stpierre-teille.fr\/index.php?rest_route=%2Fwp%2Fv2%2Fcategories&post=2790"},{"taxonomy":"post_tag","embeddable":true,"href":"https:\/\/stpierre-teille.fr\/index.php?rest_route=%2Fwp%2Fv2%2Ftags&post=2790"}],"curies":[{"name":"wp","href":"https:\/\/api.w.org\/{rel}","templated":true}]}}