{"id":2712,"date":"2023-05-24T10:42:13","date_gmt":"2023-05-24T09:42:13","guid":{"rendered":"https:\/\/stpierre-teille.fr\/?p=2712"},"modified":"2023-05-24T10:42:13","modified_gmt":"2023-05-24T09:42:13","slug":"anniversaires-de-la-quatrieme-periode","status":"publish","type":"post","link":"https:\/\/stpierre-teille.fr\/?p=2712","title":{"rendered":"Anniversaires de  la quatri\u00e8me p\u00e9riode"},"content":{"rendered":"<p>Jeudi 14 avril ,<\/p>\n<p>Sacha, Lo\u00efs , Romane , Calliope et Izia ont r\u00e9alis\u00e9 un g\u00e2teau au yaourt pour le grand bonheur des enfants de la classe Les bougies ont \u00e9t\u00e9 souffl\u00e9es , les chants ont \u00e9t\u00e9 appr\u00e9ci\u00e9s et le g\u00e2teau a \u00e9t\u00e9 d\u00e9vor\u00e9 , encore JOYEUX ANNIVERSAIRE<\/p>\n<p><a href=\"https:\/\/stpierre-teille.fr\/wp-content\/uploads\/2023\/04\/IMG_20230414_155055-scaled.jpg\"><img loading=\"lazy\" decoding=\"async\" class=\"alignnone size-medium wp-image-2709\" src=\"https:\/\/stpierre-teille.fr\/wp-content\/uploads\/2023\/04\/IMG_20230414_155055-300x225.jpg\" alt=\"\" width=\"300\" height=\"225\" srcset=\"https:\/\/stpierre-teille.fr\/wp-content\/uploads\/2023\/04\/IMG_20230414_155055-300x225.jpg 300w, https:\/\/stpierre-teille.fr\/wp-content\/uploads\/2023\/04\/IMG_20230414_155055-1024x769.jpg 1024w, https:\/\/stpierre-teille.fr\/wp-content\/uploads\/2023\/04\/IMG_20230414_155055-768x577.jpg 768w, https:\/\/stpierre-teille.fr\/wp-content\/uploads\/2023\/04\/IMG_20230414_155055-1536x1153.jpg 1536w, https:\/\/stpierre-teille.fr\/wp-content\/uploads\/2023\/04\/IMG_20230414_155055-2048x1538.jpg 2048w, https:\/\/stpierre-teille.fr\/wp-content\/uploads\/2023\/04\/IMG_20230414_155055-1438x1080.jpg 1438w\" sizes=\"auto, (max-width: 300px) 100vw, 300px\" \/><\/a> <a href=\"https:\/\/stpierre-teille.fr\/wp-content\/uploads\/2023\/04\/IMG_20230414_155011-scaled.jpg\"><img loading=\"lazy\" decoding=\"async\" class=\"alignnone size-medium wp-image-2708\" src=\"https:\/\/stpierre-teille.fr\/wp-content\/uploads\/2023\/04\/IMG_20230414_155011-225x300.jpg\" alt=\"\" width=\"225\" height=\"300\" srcset=\"https:\/\/stpierre-teille.fr\/wp-content\/uploads\/2023\/04\/IMG_20230414_155011-225x300.jpg 225w, https:\/\/stpierre-teille.fr\/wp-content\/uploads\/2023\/04\/IMG_20230414_155011-769x1024.jpg 769w, https:\/\/stpierre-teille.fr\/wp-content\/uploads\/2023\/04\/IMG_20230414_155011-768x1023.jpg 768w, https:\/\/stpierre-teille.fr\/wp-content\/uploads\/2023\/04\/IMG_20230414_155011-1153x1536.jpg 1153w, https:\/\/stpierre-teille.fr\/wp-content\/uploads\/2023\/04\/IMG_20230414_155011-1538x2048.jpg 1538w, https:\/\/stpierre-teille.fr\/wp-content\/uploads\/2023\/04\/IMG_20230414_155011-1024x1364.jpg 1024w, https:\/\/stpierre-teille.fr\/wp-content\/uploads\/2023\/04\/IMG_20230414_155011-811x1080.jpg 811w, https:\/\/stpierre-teille.fr\/wp-content\/uploads\/2023\/04\/IMG_20230414_155011-scaled.jpg 1922w\" sizes=\"auto, (max-width: 225px) 100vw, 225px\" \/><\/a><\/p>\n","protected":false},"excerpt":{"rendered":"<p>Jeudi 14 avril , Sacha, Lo\u00efs , Romane , Calliope et Izia ont r\u00e9alis\u00e9 un g\u00e2teau au yaourt pour le grand bonheur des enfants de la classe Les bougies ont \u00e9t\u00e9 souffl\u00e9es , les chants ont \u00e9t\u00e9 appr\u00e9ci\u00e9s et le g\u00e2teau a \u00e9t\u00e9 d\u00e9vor\u00e9 , encore JOYEUX ANNIVERSAIRE<\/p>\n","protected":false},"author":7,"featured_media":2709,"comment_status":"closed","ping_status":"closed","sticky":false,"template":"","format":"standard","meta":{"ngg_post_thumbnail":0,"footnotes":""},"categories":[1,9],"tags":[],"class_list":["post-2712","post","type-post","status-publish","format-standard","has-post-thumbnail","hentry","category-non-classe","category-vie-des-classes"],"_links":{"self":[{"href":"https:\/\/stpierre-teille.fr\/index.php?rest_route=\/wp\/v2\/posts\/2712","targetHints":{"allow":["GET"]}}],"collection":[{"href":"https:\/\/stpierre-teille.fr\/index.php?rest_route=\/wp\/v2\/posts"}],"about":[{"href":"https:\/\/stpierre-teille.fr\/index.php?rest_route=\/wp\/v2\/types\/post"}],"author":[{"embeddable":true,"href":"https:\/\/stpierre-teille.fr\/index.php?rest_route=\/wp\/v2\/users\/7"}],"replies":[{"embeddable":true,"href":"https:\/\/stpierre-teille.fr\/index.php?rest_route=%2Fwp%2Fv2%2Fcomments&post=2712"}],"version-history":[{"count":2,"href":"https:\/\/stpierre-teille.fr\/index.php?rest_route=\/wp\/v2\/posts\/2712\/revisions"}],"predecessor-version":[{"id":2748,"href":"https:\/\/stpierre-teille.fr\/index.php?rest_route=\/wp\/v2\/posts\/2712\/revisions\/2748"}],"wp:featuredmedia":[{"embeddable":true,"href":"https:\/\/stpierre-teille.fr\/index.php?rest_route=\/wp\/v2\/media\/2709"}],"wp:attachment":[{"href":"https:\/\/stpierre-teille.fr\/index.php?rest_route=%2Fwp%2Fv2%2Fmedia&parent=2712"}],"wp:term":[{"taxonomy":"category","embeddable":true,"href":"https:\/\/stpierre-teille.fr\/index.php?rest_route=%2Fwp%2Fv2%2Fcategories&post=2712"},{"taxonomy":"post_tag","embeddable":true,"href":"https:\/\/stpierre-teille.fr\/index.php?rest_route=%2Fwp%2Fv2%2Ftags&post=2712"}],"curies":[{"name":"wp","href":"https:\/\/api.w.org\/{rel}","templated":true}]}}