{"id":2696,"date":"2023-04-04T16:46:23","date_gmt":"2023-04-04T15:46:23","guid":{"rendered":"https:\/\/stpierre-teille.fr\/?p=2696"},"modified":"2023-04-04T16:46:35","modified_gmt":"2023-04-04T15:46:35","slug":"challenge-des-recreations","status":"publish","type":"post","link":"https:\/\/stpierre-teille.fr\/?p=2696","title":{"rendered":"CHALLENGE DES RECREATIONS !"},"content":{"rendered":"<p>Nous participons cette ann\u00e9e \u00e0 la premi\u00e8re \u00e9dition du <strong>\u00ab\u00a0Challenge des r\u00e9cr\u00e9ations\u00a0\u00bb.<\/strong><\/p>\n<p>L&rsquo;objectif est d\u00e9velopper la pratique du tennis de table dans les \u00e9coles.<\/p>\n<p>Un double challenge collaboratif est organis\u00e9 \u00e0 destination des 10 000 \u00e9coles affili\u00e9es \u00e0 l\u2019USEP ou \u00e0 l\u2019UGSEL (partenaires de la FFTT) :<\/p>\n<p><b>Un Challenge \u00ab record de points \u00bb et un <\/b><b>Challenge \u00ab&nbsp;100% ping&nbsp;\u00bb&nbsp; <\/b><\/p>\n<p>Ces deux jeux challenges sont organis\u00e9s pendant la semaine Olympique et Paralympique, entre le 3 et le 8 avril 2023. Nous utilisons la table pr\u00e9sente sous le pr\u00e9au du site primaire.<\/p>\n<p>Pour le d\u00e9fi \u00ab record de points \u00bb, nous comptabilisons toutes les s\u00e9ries d\u2019\u00e9changes r\u00e9alis\u00e9es chaque jour par les \u00e9l\u00e8ves.<\/p>\n<p>Pour le d\u00e9fi \u00ab 100% ping \u00bb, le but est de r\u00e9ussir \u00e0 obtenir le plus fort taux d\u2019utilisation de la table de ping-pong de l\u2019\u00e9cole, en essayant de faire jouer 100% des \u00e9l\u00e8ves de l\u2019\u00e9cole lors de la semaine du \u00ab challenge des r\u00e9cr\u00e9ations \u00bb.<\/p>\n<p>Cette op\u00e9ration \u00ab&nbsp;challenge des r\u00e9cr\u00e9ations&nbsp;\u00bb est organis\u00e9e par la FFTT, en collaboration avec les f\u00e9d\u00e9rations scolaires partenaires, dans le cadre des conventions bipartites sign\u00e9es avec elles.<\/p>\n<p><a href=\"https:\/\/stpierre-teille.fr\/wp-content\/uploads\/2023\/04\/1680622446075-scaled.jpg\"><img loading=\"lazy\" decoding=\"async\" class=\"aligncenter wp-image-2698 size-large\" src=\"https:\/\/stpierre-teille.fr\/wp-content\/uploads\/2023\/04\/1680622446075-1024x769.jpg\" alt=\"\" width=\"1024\" height=\"769\" srcset=\"https:\/\/stpierre-teille.fr\/wp-content\/uploads\/2023\/04\/1680622446075-1024x769.jpg 1024w, https:\/\/stpierre-teille.fr\/wp-content\/uploads\/2023\/04\/1680622446075-300x225.jpg 300w, https:\/\/stpierre-teille.fr\/wp-content\/uploads\/2023\/04\/1680622446075-768x577.jpg 768w, https:\/\/stpierre-teille.fr\/wp-content\/uploads\/2023\/04\/1680622446075-1536x1153.jpg 1536w, https:\/\/stpierre-teille.fr\/wp-content\/uploads\/2023\/04\/1680622446075-2048x1538.jpg 2048w, https:\/\/stpierre-teille.fr\/wp-content\/uploads\/2023\/04\/1680622446075-1438x1080.jpg 1438w\" sizes=\"auto, (max-width: 1024px) 100vw, 1024px\" \/><\/a><\/p>\n","protected":false},"excerpt":{"rendered":"<p>Nous participons cette ann\u00e9e \u00e0 la premi\u00e8re \u00e9dition du \u00ab\u00a0Challenge des r\u00e9cr\u00e9ations\u00a0\u00bb. L&rsquo;objectif est d\u00e9velopper la pratique du tennis de table dans les \u00e9coles. Un double challenge collaboratif est organis\u00e9 \u00e0 destination des 10 000 \u00e9coles affili\u00e9es \u00e0 l\u2019USEP ou \u00e0 l\u2019UGSEL (partenaires de la FFTT) : Un Challenge \u00ab record de points \u00bb et&hellip; <br \/> <a class=\"read-more\" href=\"https:\/\/stpierre-teille.fr\/?p=2696\">Lire la suite<\/a><\/p>\n","protected":false},"author":2,"featured_media":2698,"comment_status":"closed","ping_status":"closed","sticky":false,"template":"","format":"standard","meta":{"ngg_post_thumbnail":0,"footnotes":""},"categories":[1],"tags":[],"class_list":["post-2696","post","type-post","status-publish","format-standard","has-post-thumbnail","hentry","category-non-classe"],"_links":{"self":[{"href":"https:\/\/stpierre-teille.fr\/index.php?rest_route=\/wp\/v2\/posts\/2696","targetHints":{"allow":["GET"]}}],"collection":[{"href":"https:\/\/stpierre-teille.fr\/index.php?rest_route=\/wp\/v2\/posts"}],"about":[{"href":"https:\/\/stpierre-teille.fr\/index.php?rest_route=\/wp\/v2\/types\/post"}],"author":[{"embeddable":true,"href":"https:\/\/stpierre-teille.fr\/index.php?rest_route=\/wp\/v2\/users\/2"}],"replies":[{"embeddable":true,"href":"https:\/\/stpierre-teille.fr\/index.php?rest_route=%2Fwp%2Fv2%2Fcomments&post=2696"}],"version-history":[{"count":2,"href":"https:\/\/stpierre-teille.fr\/index.php?rest_route=\/wp\/v2\/posts\/2696\/revisions"}],"predecessor-version":[{"id":2700,"href":"https:\/\/stpierre-teille.fr\/index.php?rest_route=\/wp\/v2\/posts\/2696\/revisions\/2700"}],"wp:featuredmedia":[{"embeddable":true,"href":"https:\/\/stpierre-teille.fr\/index.php?rest_route=\/wp\/v2\/media\/2698"}],"wp:attachment":[{"href":"https:\/\/stpierre-teille.fr\/index.php?rest_route=%2Fwp%2Fv2%2Fmedia&parent=2696"}],"wp:term":[{"taxonomy":"category","embeddable":true,"href":"https:\/\/stpierre-teille.fr\/index.php?rest_route=%2Fwp%2Fv2%2Fcategories&post=2696"},{"taxonomy":"post_tag","embeddable":true,"href":"https:\/\/stpierre-teille.fr\/index.php?rest_route=%2Fwp%2Fv2%2Ftags&post=2696"}],"curies":[{"name":"wp","href":"https:\/\/api.w.org\/{rel}","templated":true}]}}