{"id":2678,"date":"2023-03-27T08:47:26","date_gmt":"2023-03-27T07:47:26","guid":{"rendered":"https:\/\/stpierre-teille.fr\/?p=2678"},"modified":"2023-03-27T08:49:32","modified_gmt":"2023-03-27T07:49:32","slug":"projet-pastoral-2022-2023","status":"publish","type":"post","link":"https:\/\/stpierre-teille.fr\/?p=2678","title":{"rendered":"Projet Pastoral 2022-2023"},"content":{"rendered":"<p>Pour cette ann\u00e9e scolaire 2022-2023, les \u00e9coles priv\u00e9es des communes de la Paroisse Nouvelle Alliance Hauts de l&rsquo;Erdre ont construit un projet commun pour P\u00e2ques 20223, l&rsquo;objectif \u00e9tant de Communiquer sur la vitalit\u00e9 de nos \u00e9coles catholiques.<\/p>\n<p>Ainsi, les chefs d\u2019\u00e9tablissement de Maumusson , Le Pin, Riaill\u00e9, St Mars la Jaille , Saint Sulpice des landes , Teill\u00e9 puis la LEM sur notre paroisse, Elodye Tripon avec l&rsquo;aide de Tatiana Ploteau, artiste sur Riaill\u00e9 se sont r\u00e9unis pour constuire ce projet.<\/p>\n<p>Chaque classe de cycle 3 devait r\u00e9aliser un \u00e9l\u00e9ment d&rsquo;un des deux vitraux dessin\u00e9<strong>s par Tatiana PLoteau, chaque classe de&nbsp; Cycle 2 et 1 a particip\u00e9 \u00e0 une \u0153uvre commune en volume.<br \/>\n<\/strong><\/p>\n<p>Les oeuvres des enfants seront utilis\u00e9es lors de la Veill\u00e9e Pascale.<\/p>\n<p>Ensuite, les oeuvres collectives seront expos\u00e9es dans les \u00e9glises des diff\u00e9rentes communes.<\/p>\n<p style=\"text-align: left;\"><a href=\"https:\/\/stpierre-teille.fr\/wp-content\/uploads\/2023\/03\/1679901832305-scaled.jpg\"><img loading=\"lazy\" decoding=\"async\" class=\"size-medium wp-image-2683 alignleft\" src=\"https:\/\/stpierre-teille.fr\/wp-content\/uploads\/2023\/03\/1679901832305-300x225.jpg\" alt=\"\" width=\"300\" height=\"225\" srcset=\"https:\/\/stpierre-teille.fr\/wp-content\/uploads\/2023\/03\/1679901832305-300x225.jpg 300w, https:\/\/stpierre-teille.fr\/wp-content\/uploads\/2023\/03\/1679901832305-1024x769.jpg 1024w, https:\/\/stpierre-teille.fr\/wp-content\/uploads\/2023\/03\/1679901832305-768x577.jpg 768w, https:\/\/stpierre-teille.fr\/wp-content\/uploads\/2023\/03\/1679901832305-1536x1153.jpg 1536w, https:\/\/stpierre-teille.fr\/wp-content\/uploads\/2023\/03\/1679901832305-2048x1538.jpg 2048w, https:\/\/stpierre-teille.fr\/wp-content\/uploads\/2023\/03\/1679901832305-1438x1080.jpg 1438w\" sizes=\"auto, (max-width: 300px) 100vw, 300px\" \/><\/a><a href=\"https:\/\/stpierre-teille.fr\/wp-content\/uploads\/2023\/03\/1679901832297-scaled.jpg\"><img loading=\"lazy\" decoding=\"async\" class=\"size-medium wp-image-2682 alignleft\" src=\"https:\/\/stpierre-teille.fr\/wp-content\/uploads\/2023\/03\/1679901832297-300x225.jpg\" alt=\"\" width=\"300\" height=\"225\" srcset=\"https:\/\/stpierre-teille.fr\/wp-content\/uploads\/2023\/03\/1679901832297-300x225.jpg 300w, https:\/\/stpierre-teille.fr\/wp-content\/uploads\/2023\/03\/1679901832297-1024x769.jpg 1024w, https:\/\/stpierre-teille.fr\/wp-content\/uploads\/2023\/03\/1679901832297-768x577.jpg 768w, https:\/\/stpierre-teille.fr\/wp-content\/uploads\/2023\/03\/1679901832297-1536x1153.jpg 1536w, https:\/\/stpierre-teille.fr\/wp-content\/uploads\/2023\/03\/1679901832297-2048x1538.jpg 2048w, https:\/\/stpierre-teille.fr\/wp-content\/uploads\/2023\/03\/1679901832297-1438x1080.jpg 1438w\" sizes=\"auto, (max-width: 300px) 100vw, 300px\" \/><\/a> <a href=\"https:\/\/stpierre-teille.fr\/wp-content\/uploads\/2023\/03\/1679901832291-scaled.jpg\"><img loading=\"lazy\" decoding=\"async\" class=\"size-medium wp-image-2681 alignnone\" src=\"https:\/\/stpierre-teille.fr\/wp-content\/uploads\/2023\/03\/1679901832291-225x300.jpg\" alt=\"\" width=\"225\" height=\"300\" srcset=\"https:\/\/stpierre-teille.fr\/wp-content\/uploads\/2023\/03\/1679901832291-225x300.jpg 225w, https:\/\/stpierre-teille.fr\/wp-content\/uploads\/2023\/03\/1679901832291-769x1024.jpg 769w, https:\/\/stpierre-teille.fr\/wp-content\/uploads\/2023\/03\/1679901832291-768x1023.jpg 768w, https:\/\/stpierre-teille.fr\/wp-content\/uploads\/2023\/03\/1679901832291-1153x1536.jpg 1153w, https:\/\/stpierre-teille.fr\/wp-content\/uploads\/2023\/03\/1679901832291-1538x2048.jpg 1538w, https:\/\/stpierre-teille.fr\/wp-content\/uploads\/2023\/03\/1679901832291-1024x1364.jpg 1024w, https:\/\/stpierre-teille.fr\/wp-content\/uploads\/2023\/03\/1679901832291-811x1080.jpg 811w, https:\/\/stpierre-teille.fr\/wp-content\/uploads\/2023\/03\/1679901832291-scaled.jpg 1922w\" sizes=\"auto, (max-width: 225px) 100vw, 225px\" \/><\/a> <a href=\"https:\/\/stpierre-teille.fr\/wp-content\/uploads\/2023\/03\/1679901832282-scaled.jpg\"><img loading=\"lazy\" decoding=\"async\" class=\"size-medium wp-image-2680 alignleft\" src=\"https:\/\/stpierre-teille.fr\/wp-content\/uploads\/2023\/03\/1679901832282-300x225.jpg\" alt=\"\" width=\"300\" height=\"225\" srcset=\"https:\/\/stpierre-teille.fr\/wp-content\/uploads\/2023\/03\/1679901832282-300x225.jpg 300w, https:\/\/stpierre-teille.fr\/wp-content\/uploads\/2023\/03\/1679901832282-1024x769.jpg 1024w, https:\/\/stpierre-teille.fr\/wp-content\/uploads\/2023\/03\/1679901832282-768x577.jpg 768w, https:\/\/stpierre-teille.fr\/wp-content\/uploads\/2023\/03\/1679901832282-1536x1153.jpg 1536w, https:\/\/stpierre-teille.fr\/wp-content\/uploads\/2023\/03\/1679901832282-2048x1538.jpg 2048w, https:\/\/stpierre-teille.fr\/wp-content\/uploads\/2023\/03\/1679901832282-1438x1080.jpg 1438w\" sizes=\"auto, (max-width: 300px) 100vw, 300px\" \/><\/a><\/p>\n","protected":false},"excerpt":{"rendered":"<p>Pour cette ann\u00e9e scolaire 2022-2023, les \u00e9coles priv\u00e9es des communes de la Paroisse Nouvelle Alliance Hauts de l&rsquo;Erdre ont construit un projet commun pour P\u00e2ques 20223, l&rsquo;objectif \u00e9tant de Communiquer sur la vitalit\u00e9 de nos \u00e9coles catholiques. Ainsi, les chefs d\u2019\u00e9tablissement de Maumusson , Le Pin, Riaill\u00e9, St Mars la Jaille , Saint Sulpice des&hellip; <br \/> <a class=\"read-more\" href=\"https:\/\/stpierre-teille.fr\/?p=2678\">Lire la suite<\/a><\/p>\n","protected":false},"author":2,"featured_media":2682,"comment_status":"closed","ping_status":"closed","sticky":false,"template":"","format":"standard","meta":{"ngg_post_thumbnail":0,"footnotes":""},"categories":[1],"tags":[],"class_list":["post-2678","post","type-post","status-publish","format-standard","has-post-thumbnail","hentry","category-non-classe"],"_links":{"self":[{"href":"https:\/\/stpierre-teille.fr\/index.php?rest_route=\/wp\/v2\/posts\/2678","targetHints":{"allow":["GET"]}}],"collection":[{"href":"https:\/\/stpierre-teille.fr\/index.php?rest_route=\/wp\/v2\/posts"}],"about":[{"href":"https:\/\/stpierre-teille.fr\/index.php?rest_route=\/wp\/v2\/types\/post"}],"author":[{"embeddable":true,"href":"https:\/\/stpierre-teille.fr\/index.php?rest_route=\/wp\/v2\/users\/2"}],"replies":[{"embeddable":true,"href":"https:\/\/stpierre-teille.fr\/index.php?rest_route=%2Fwp%2Fv2%2Fcomments&post=2678"}],"version-history":[{"count":3,"href":"https:\/\/stpierre-teille.fr\/index.php?rest_route=\/wp\/v2\/posts\/2678\/revisions"}],"predecessor-version":[{"id":2685,"href":"https:\/\/stpierre-teille.fr\/index.php?rest_route=\/wp\/v2\/posts\/2678\/revisions\/2685"}],"wp:featuredmedia":[{"embeddable":true,"href":"https:\/\/stpierre-teille.fr\/index.php?rest_route=\/wp\/v2\/media\/2682"}],"wp:attachment":[{"href":"https:\/\/stpierre-teille.fr\/index.php?rest_route=%2Fwp%2Fv2%2Fmedia&parent=2678"}],"wp:term":[{"taxonomy":"category","embeddable":true,"href":"https:\/\/stpierre-teille.fr\/index.php?rest_route=%2Fwp%2Fv2%2Fcategories&post=2678"},{"taxonomy":"post_tag","embeddable":true,"href":"https:\/\/stpierre-teille.fr\/index.php?rest_route=%2Fwp%2Fv2%2Ftags&post=2678"}],"curies":[{"name":"wp","href":"https:\/\/api.w.org\/{rel}","templated":true}]}}