{"id":2635,"date":"2023-01-19T15:55:03","date_gmt":"2023-01-19T14:55:03","guid":{"rendered":"https:\/\/stpierre-teille.fr\/?p=2635"},"modified":"2023-01-19T15:55:03","modified_gmt":"2023-01-19T14:55:03","slug":"concert-de-noel-3","status":"publish","type":"post","link":"https:\/\/stpierre-teille.fr\/?p=2635","title":{"rendered":"Concert de No\u00ebl"},"content":{"rendered":"<p>Cela faisait trois ans que nous l&rsquo;attendions: LE CONCERT DE NO\u00cbL avec les \u00e9l\u00e8ves de l&rsquo;\u00e9cole Saint Pierre et les r\u00e9sidents de l&rsquo;EHPAD de Teill\u00e9. Il \u00e9tait enfin de retour le vendredi 16 d\u00e9cembre 2022. Il y avait du monde dans l&rsquo;\u00e9glise de Teill\u00e9 pour cette occasion. Nous avons pu \u00e9couter les chants des enfants, avec l&rsquo;aide pr\u00e9cieuse de Claudie Toublanc, notre intervenante musique. Les chants des r\u00e9sidents de la maison de retraite \u00e9taient men\u00e9s par le dynamisme d&rsquo;Anne Rullier en tant que chef de choeur. Ce fut un moment magique et tr\u00e8s \u00e9mouvant !<\/p>\n<p><a href=\"https:\/\/stpierre-teille.fr\/wp-content\/uploads\/2023\/01\/IMG_3173-1-scaled.jpg\"><img loading=\"lazy\" decoding=\"async\" class=\"size-medium wp-image-2640 aligncenter\" src=\"https:\/\/stpierre-teille.fr\/wp-content\/uploads\/2023\/01\/IMG_3173-1-300x225.jpg\" alt=\"\" width=\"300\" height=\"225\" srcset=\"https:\/\/stpierre-teille.fr\/wp-content\/uploads\/2023\/01\/IMG_3173-1-300x225.jpg 300w, https:\/\/stpierre-teille.fr\/wp-content\/uploads\/2023\/01\/IMG_3173-1-1024x768.jpg 1024w, https:\/\/stpierre-teille.fr\/wp-content\/uploads\/2023\/01\/IMG_3173-1-768x576.jpg 768w, https:\/\/stpierre-teille.fr\/wp-content\/uploads\/2023\/01\/IMG_3173-1-1536x1152.jpg 1536w, https:\/\/stpierre-teille.fr\/wp-content\/uploads\/2023\/01\/IMG_3173-1-2048x1536.jpg 2048w, https:\/\/stpierre-teille.fr\/wp-content\/uploads\/2023\/01\/IMG_3173-1-1440x1080.jpg 1440w\" sizes=\"auto, (max-width: 300px) 100vw, 300px\" \/><\/a><\/p>\n<p>&nbsp;<\/p>\n<p>&nbsp;<\/p>\n","protected":false},"excerpt":{"rendered":"<p>Cela faisait trois ans que nous l&rsquo;attendions: LE CONCERT DE NO\u00cbL avec les \u00e9l\u00e8ves de l&rsquo;\u00e9cole Saint Pierre et les r\u00e9sidents de l&rsquo;EHPAD de Teill\u00e9. Il \u00e9tait enfin de retour le vendredi 16 d\u00e9cembre 2022. Il y avait du monde dans l&rsquo;\u00e9glise de Teill\u00e9 pour cette occasion. Nous avons pu \u00e9couter les chants des enfants,&hellip; <br \/> <a class=\"read-more\" href=\"https:\/\/stpierre-teille.fr\/?p=2635\">Lire la suite<\/a><\/p>\n","protected":false},"author":3,"featured_media":2639,"comment_status":"closed","ping_status":"closed","sticky":false,"template":"","format":"standard","meta":{"ngg_post_thumbnail":0,"footnotes":""},"categories":[9],"tags":[],"class_list":["post-2635","post","type-post","status-publish","format-standard","has-post-thumbnail","hentry","category-vie-des-classes"],"_links":{"self":[{"href":"https:\/\/stpierre-teille.fr\/index.php?rest_route=\/wp\/v2\/posts\/2635","targetHints":{"allow":["GET"]}}],"collection":[{"href":"https:\/\/stpierre-teille.fr\/index.php?rest_route=\/wp\/v2\/posts"}],"about":[{"href":"https:\/\/stpierre-teille.fr\/index.php?rest_route=\/wp\/v2\/types\/post"}],"author":[{"embeddable":true,"href":"https:\/\/stpierre-teille.fr\/index.php?rest_route=\/wp\/v2\/users\/3"}],"replies":[{"embeddable":true,"href":"https:\/\/stpierre-teille.fr\/index.php?rest_route=%2Fwp%2Fv2%2Fcomments&post=2635"}],"version-history":[{"count":6,"href":"https:\/\/stpierre-teille.fr\/index.php?rest_route=\/wp\/v2\/posts\/2635\/revisions"}],"predecessor-version":[{"id":2646,"href":"https:\/\/stpierre-teille.fr\/index.php?rest_route=\/wp\/v2\/posts\/2635\/revisions\/2646"}],"wp:featuredmedia":[{"embeddable":true,"href":"https:\/\/stpierre-teille.fr\/index.php?rest_route=\/wp\/v2\/media\/2639"}],"wp:attachment":[{"href":"https:\/\/stpierre-teille.fr\/index.php?rest_route=%2Fwp%2Fv2%2Fmedia&parent=2635"}],"wp:term":[{"taxonomy":"category","embeddable":true,"href":"https:\/\/stpierre-teille.fr\/index.php?rest_route=%2Fwp%2Fv2%2Fcategories&post=2635"},{"taxonomy":"post_tag","embeddable":true,"href":"https:\/\/stpierre-teille.fr\/index.php?rest_route=%2Fwp%2Fv2%2Ftags&post=2635"}],"curies":[{"name":"wp","href":"https:\/\/api.w.org\/{rel}","templated":true}]}}