{"id":2620,"date":"2022-12-19T16:55:36","date_gmt":"2022-12-19T15:55:36","guid":{"rendered":"https:\/\/stpierre-teille.fr\/?p=2620"},"modified":"2022-12-19T16:55:36","modified_gmt":"2022-12-19T15:55:36","slug":"celebration-de-noel-2","status":"publish","type":"post","link":"https:\/\/stpierre-teille.fr\/?p=2620","title":{"rendered":"CELEBRATION DE NO\u00cbL"},"content":{"rendered":"<p>&nbsp;<\/p>\n<p><a href=\"https:\/\/stpierre-teille.fr\/wp-content\/uploads\/2022\/12\/IMG_20221215_104401-scaled.jpg\"><img loading=\"lazy\" decoding=\"async\" class=\"alignnone size-medium wp-image-2612\" src=\"https:\/\/stpierre-teille.fr\/wp-content\/uploads\/2022\/12\/IMG_20221215_104401-225x300.jpg\" alt=\"\" width=\"225\" height=\"300\" srcset=\"https:\/\/stpierre-teille.fr\/wp-content\/uploads\/2022\/12\/IMG_20221215_104401-225x300.jpg 225w, https:\/\/stpierre-teille.fr\/wp-content\/uploads\/2022\/12\/IMG_20221215_104401-769x1024.jpg 769w, https:\/\/stpierre-teille.fr\/wp-content\/uploads\/2022\/12\/IMG_20221215_104401-768x1023.jpg 768w, https:\/\/stpierre-teille.fr\/wp-content\/uploads\/2022\/12\/IMG_20221215_104401-1153x1536.jpg 1153w, https:\/\/stpierre-teille.fr\/wp-content\/uploads\/2022\/12\/IMG_20221215_104401-1538x2048.jpg 1538w, https:\/\/stpierre-teille.fr\/wp-content\/uploads\/2022\/12\/IMG_20221215_104401-1024x1364.jpg 1024w, https:\/\/stpierre-teille.fr\/wp-content\/uploads\/2022\/12\/IMG_20221215_104401-811x1080.jpg 811w, https:\/\/stpierre-teille.fr\/wp-content\/uploads\/2022\/12\/IMG_20221215_104401-scaled.jpg 1922w\" sizes=\"auto, (max-width: 225px) 100vw, 225px\" \/><\/a><\/p>\n<p>Jeudi 15 D\u00e9cembre ,<\/p>\n<p>Nous avons c\u00e9l\u00e9br\u00e9 No\u00ebl , la naissance de J\u00e9sus dans l&rsquo; \u00e9glise de Riaill\u00e9 .De nombreuses \u00e9coles&nbsp; primaires du secteur \u00e9taient pr\u00e9sentes&nbsp; ainsi que des coll\u00e9giens de Riaill\u00e9 qui ont anim\u00e9 avec le pr\u00eatre la messe.Nous avons chant\u00e9 , pri\u00e9 , c\u00e9l\u00e9br\u00e9 le Seigneur !!!<\/p>\n<p><a href=\"https:\/\/stpierre-teille.fr\/wp-content\/uploads\/2022\/12\/IMG_20221215_102753-scaled.jpg\"><img loading=\"lazy\" decoding=\"async\" class=\"alignnone size-medium wp-image-2611\" src=\"https:\/\/stpierre-teille.fr\/wp-content\/uploads\/2022\/12\/IMG_20221215_102753-300x225.jpg\" alt=\"\" width=\"300\" height=\"225\" srcset=\"https:\/\/stpierre-teille.fr\/wp-content\/uploads\/2022\/12\/IMG_20221215_102753-300x225.jpg 300w, https:\/\/stpierre-teille.fr\/wp-content\/uploads\/2022\/12\/IMG_20221215_102753-1024x769.jpg 1024w, https:\/\/stpierre-teille.fr\/wp-content\/uploads\/2022\/12\/IMG_20221215_102753-768x577.jpg 768w, https:\/\/stpierre-teille.fr\/wp-content\/uploads\/2022\/12\/IMG_20221215_102753-1536x1153.jpg 1536w, https:\/\/stpierre-teille.fr\/wp-content\/uploads\/2022\/12\/IMG_20221215_102753-2048x1538.jpg 2048w, https:\/\/stpierre-teille.fr\/wp-content\/uploads\/2022\/12\/IMG_20221215_102753-1438x1080.jpg 1438w\" sizes=\"auto, (max-width: 300px) 100vw, 300px\" \/><\/a> <a href=\"https:\/\/stpierre-teille.fr\/wp-content\/uploads\/2022\/12\/IMG_20221215_104742-scaled.jpg\"><img loading=\"lazy\" decoding=\"async\" class=\"alignnone size-medium wp-image-2613\" src=\"https:\/\/stpierre-teille.fr\/wp-content\/uploads\/2022\/12\/IMG_20221215_104742-300x225.jpg\" alt=\"\" width=\"300\" height=\"225\" srcset=\"https:\/\/stpierre-teille.fr\/wp-content\/uploads\/2022\/12\/IMG_20221215_104742-300x225.jpg 300w, https:\/\/stpierre-teille.fr\/wp-content\/uploads\/2022\/12\/IMG_20221215_104742-1024x769.jpg 1024w, https:\/\/stpierre-teille.fr\/wp-content\/uploads\/2022\/12\/IMG_20221215_104742-768x577.jpg 768w, https:\/\/stpierre-teille.fr\/wp-content\/uploads\/2022\/12\/IMG_20221215_104742-1536x1153.jpg 1536w, https:\/\/stpierre-teille.fr\/wp-content\/uploads\/2022\/12\/IMG_20221215_104742-2048x1538.jpg 2048w, https:\/\/stpierre-teille.fr\/wp-content\/uploads\/2022\/12\/IMG_20221215_104742-1438x1080.jpg 1438w\" sizes=\"auto, (max-width: 300px) 100vw, 300px\" \/><\/a><\/p>\n","protected":false},"excerpt":{"rendered":"<p>&nbsp; Jeudi 15 D\u00e9cembre , Nous avons c\u00e9l\u00e9br\u00e9 No\u00ebl , la naissance de J\u00e9sus dans l&rsquo; \u00e9glise de Riaill\u00e9 .De nombreuses \u00e9coles&nbsp; primaires du secteur \u00e9taient pr\u00e9sentes&nbsp; ainsi que des coll\u00e9giens de Riaill\u00e9 qui ont anim\u00e9 avec le pr\u00eatre la messe.Nous avons chant\u00e9 , pri\u00e9 , c\u00e9l\u00e9br\u00e9 le Seigneur !!!<\/p>\n","protected":false},"author":7,"featured_media":2611,"comment_status":"closed","ping_status":"closed","sticky":false,"template":"","format":"standard","meta":{"ngg_post_thumbnail":0,"footnotes":""},"categories":[9],"tags":[],"class_list":["post-2620","post","type-post","status-publish","format-standard","has-post-thumbnail","hentry","category-vie-des-classes"],"_links":{"self":[{"href":"https:\/\/stpierre-teille.fr\/index.php?rest_route=\/wp\/v2\/posts\/2620","targetHints":{"allow":["GET"]}}],"collection":[{"href":"https:\/\/stpierre-teille.fr\/index.php?rest_route=\/wp\/v2\/posts"}],"about":[{"href":"https:\/\/stpierre-teille.fr\/index.php?rest_route=\/wp\/v2\/types\/post"}],"author":[{"embeddable":true,"href":"https:\/\/stpierre-teille.fr\/index.php?rest_route=\/wp\/v2\/users\/7"}],"replies":[{"embeddable":true,"href":"https:\/\/stpierre-teille.fr\/index.php?rest_route=%2Fwp%2Fv2%2Fcomments&post=2620"}],"version-history":[{"count":2,"href":"https:\/\/stpierre-teille.fr\/index.php?rest_route=\/wp\/v2\/posts\/2620\/revisions"}],"predecessor-version":[{"id":2631,"href":"https:\/\/stpierre-teille.fr\/index.php?rest_route=\/wp\/v2\/posts\/2620\/revisions\/2631"}],"wp:featuredmedia":[{"embeddable":true,"href":"https:\/\/stpierre-teille.fr\/index.php?rest_route=\/wp\/v2\/media\/2611"}],"wp:attachment":[{"href":"https:\/\/stpierre-teille.fr\/index.php?rest_route=%2Fwp%2Fv2%2Fmedia&parent=2620"}],"wp:term":[{"taxonomy":"category","embeddable":true,"href":"https:\/\/stpierre-teille.fr\/index.php?rest_route=%2Fwp%2Fv2%2Fcategories&post=2620"},{"taxonomy":"post_tag","embeddable":true,"href":"https:\/\/stpierre-teille.fr\/index.php?rest_route=%2Fwp%2Fv2%2Ftags&post=2620"}],"curies":[{"name":"wp","href":"https:\/\/api.w.org\/{rel}","templated":true}]}}