{"id":2598,"date":"2022-12-19T16:54:24","date_gmt":"2022-12-19T15:54:24","guid":{"rendered":"https:\/\/stpierre-teille.fr\/?p=2598"},"modified":"2022-12-19T16:54:24","modified_gmt":"2022-12-19T15:54:24","slug":"anniversaires-deuxieme-periode","status":"publish","type":"post","link":"https:\/\/stpierre-teille.fr\/?p=2598","title":{"rendered":"ANNIVERSAIRES DEUXIEME PERIODE"},"content":{"rendered":"<p><a href=\"https:\/\/stpierre-teille.fr\/wp-content\/uploads\/2022\/12\/IMG_20221213_102159-scaled.jpg\"><img loading=\"lazy\" decoding=\"async\" class=\"alignnone size-medium wp-image-2603\" src=\"https:\/\/stpierre-teille.fr\/wp-content\/uploads\/2022\/12\/IMG_20221213_102159-300x225.jpg\" alt=\"\" width=\"300\" height=\"225\" srcset=\"https:\/\/stpierre-teille.fr\/wp-content\/uploads\/2022\/12\/IMG_20221213_102159-300x225.jpg 300w, https:\/\/stpierre-teille.fr\/wp-content\/uploads\/2022\/12\/IMG_20221213_102159-1024x769.jpg 1024w, https:\/\/stpierre-teille.fr\/wp-content\/uploads\/2022\/12\/IMG_20221213_102159-768x577.jpg 768w, https:\/\/stpierre-teille.fr\/wp-content\/uploads\/2022\/12\/IMG_20221213_102159-1536x1153.jpg 1536w, https:\/\/stpierre-teille.fr\/wp-content\/uploads\/2022\/12\/IMG_20221213_102159-2048x1538.jpg 2048w, https:\/\/stpierre-teille.fr\/wp-content\/uploads\/2022\/12\/IMG_20221213_102159-1438x1080.jpg 1438w\" sizes=\"auto, (max-width: 300px) 100vw, 300px\" \/><\/a><\/p>\n<p>Mardi 13 D\u00e9cembre,<\/p>\n<p>L\u00e9vy , Chlo\u00e9, Jade, Tiago et Yanis ont pr\u00e9par\u00e9 un go\u00fbter .Ils ont tartin\u00e9 du pain de mie avec du chocolat et de la confiture .Tout le monde a appr\u00e9ci\u00e9 , BON ANNIVERSAIRE !!!<\/p>\n<p><a href=\"https:\/\/stpierre-teille.fr\/wp-content\/uploads\/2022\/12\/IMG-20221213-WA0005.jpg\"><img loading=\"lazy\" decoding=\"async\" class=\"alignnone size-medium wp-image-2595\" src=\"https:\/\/stpierre-teille.fr\/wp-content\/uploads\/2022\/12\/IMG-20221213-WA0005-300x225.jpg\" alt=\"\" width=\"300\" height=\"225\" srcset=\"https:\/\/stpierre-teille.fr\/wp-content\/uploads\/2022\/12\/IMG-20221213-WA0005-300x225.jpg 300w, https:\/\/stpierre-teille.fr\/wp-content\/uploads\/2022\/12\/IMG-20221213-WA0005-1024x768.jpg 1024w, https:\/\/stpierre-teille.fr\/wp-content\/uploads\/2022\/12\/IMG-20221213-WA0005-768x576.jpg 768w, https:\/\/stpierre-teille.fr\/wp-content\/uploads\/2022\/12\/IMG-20221213-WA0005-1536x1153.jpg 1536w, https:\/\/stpierre-teille.fr\/wp-content\/uploads\/2022\/12\/IMG-20221213-WA0005-1439x1080.jpg 1439w, https:\/\/stpierre-teille.fr\/wp-content\/uploads\/2022\/12\/IMG-20221213-WA0005.jpg 1599w\" sizes=\"auto, (max-width: 300px) 100vw, 300px\" \/><\/a><\/p>\n<p><a href=\"https:\/\/stpierre-teille.fr\/wp-content\/uploads\/2022\/12\/IMG-20221213-WA0001.jpg\"><img loading=\"lazy\" decoding=\"async\" class=\"alignnone size-medium wp-image-2594\" src=\"https:\/\/stpierre-teille.fr\/wp-content\/uploads\/2022\/12\/IMG-20221213-WA0001-300x225.jpg\" alt=\"\" width=\"300\" height=\"225\" srcset=\"https:\/\/stpierre-teille.fr\/wp-content\/uploads\/2022\/12\/IMG-20221213-WA0001-300x225.jpg 300w, https:\/\/stpierre-teille.fr\/wp-content\/uploads\/2022\/12\/IMG-20221213-WA0001-1024x768.jpg 1024w, https:\/\/stpierre-teille.fr\/wp-content\/uploads\/2022\/12\/IMG-20221213-WA0001-768x576.jpg 768w, https:\/\/stpierre-teille.fr\/wp-content\/uploads\/2022\/12\/IMG-20221213-WA0001-1536x1153.jpg 1536w, https:\/\/stpierre-teille.fr\/wp-content\/uploads\/2022\/12\/IMG-20221213-WA0001-1439x1080.jpg 1439w, https:\/\/stpierre-teille.fr\/wp-content\/uploads\/2022\/12\/IMG-20221213-WA0001.jpg 1599w\" sizes=\"auto, (max-width: 300px) 100vw, 300px\" \/><\/a><\/p>\n","protected":false},"excerpt":{"rendered":"<p>Mardi 13 D\u00e9cembre, L\u00e9vy , Chlo\u00e9, Jade, Tiago et Yanis ont pr\u00e9par\u00e9 un go\u00fbter .Ils ont tartin\u00e9 du pain de mie avec du chocolat et de la confiture .Tout le monde a appr\u00e9ci\u00e9 , BON ANNIVERSAIRE !!!<\/p>\n","protected":false},"author":7,"featured_media":2603,"comment_status":"closed","ping_status":"closed","sticky":false,"template":"","format":"standard","meta":{"ngg_post_thumbnail":0,"footnotes":""},"categories":[9],"tags":[],"class_list":["post-2598","post","type-post","status-publish","format-standard","has-post-thumbnail","hentry","category-vie-des-classes"],"_links":{"self":[{"href":"https:\/\/stpierre-teille.fr\/index.php?rest_route=\/wp\/v2\/posts\/2598","targetHints":{"allow":["GET"]}}],"collection":[{"href":"https:\/\/stpierre-teille.fr\/index.php?rest_route=\/wp\/v2\/posts"}],"about":[{"href":"https:\/\/stpierre-teille.fr\/index.php?rest_route=\/wp\/v2\/types\/post"}],"author":[{"embeddable":true,"href":"https:\/\/stpierre-teille.fr\/index.php?rest_route=\/wp\/v2\/users\/7"}],"replies":[{"embeddable":true,"href":"https:\/\/stpierre-teille.fr\/index.php?rest_route=%2Fwp%2Fv2%2Fcomments&post=2598"}],"version-history":[{"count":4,"href":"https:\/\/stpierre-teille.fr\/index.php?rest_route=\/wp\/v2\/posts\/2598\/revisions"}],"predecessor-version":[{"id":2629,"href":"https:\/\/stpierre-teille.fr\/index.php?rest_route=\/wp\/v2\/posts\/2598\/revisions\/2629"}],"wp:featuredmedia":[{"embeddable":true,"href":"https:\/\/stpierre-teille.fr\/index.php?rest_route=\/wp\/v2\/media\/2603"}],"wp:attachment":[{"href":"https:\/\/stpierre-teille.fr\/index.php?rest_route=%2Fwp%2Fv2%2Fmedia&parent=2598"}],"wp:term":[{"taxonomy":"category","embeddable":true,"href":"https:\/\/stpierre-teille.fr\/index.php?rest_route=%2Fwp%2Fv2%2Fcategories&post=2598"},{"taxonomy":"post_tag","embeddable":true,"href":"https:\/\/stpierre-teille.fr\/index.php?rest_route=%2Fwp%2Fv2%2Ftags&post=2598"}],"curies":[{"name":"wp","href":"https:\/\/api.w.org\/{rel}","templated":true}]}}