{"id":2566,"date":"2022-11-23T19:43:57","date_gmt":"2022-11-23T18:43:57","guid":{"rendered":"https:\/\/stpierre-teille.fr\/?p=2566"},"modified":"2022-11-23T19:43:57","modified_gmt":"2022-11-23T18:43:57","slug":"challenge-ugsel-cycle-3","status":"publish","type":"post","link":"https:\/\/stpierre-teille.fr\/?p=2566","title":{"rendered":"CHALLENGE UGSEL &#8211; CYCLE 3"},"content":{"rendered":"<p><a href=\"https:\/\/stpierre-teille.fr\/wp-content\/uploads\/2022\/11\/1666251943600.jpg\"><img loading=\"lazy\" decoding=\"async\" class=\"aligncenter size-medium wp-image-2568\" src=\"https:\/\/stpierre-teille.fr\/wp-content\/uploads\/2022\/11\/1666251943600-300x225.jpg\" alt=\"\" width=\"300\" height=\"225\" srcset=\"https:\/\/stpierre-teille.fr\/wp-content\/uploads\/2022\/11\/1666251943600-300x225.jpg 300w, https:\/\/stpierre-teille.fr\/wp-content\/uploads\/2022\/11\/1666251943600-1024x768.jpg 1024w, https:\/\/stpierre-teille.fr\/wp-content\/uploads\/2022\/11\/1666251943600-768x576.jpg 768w, https:\/\/stpierre-teille.fr\/wp-content\/uploads\/2022\/11\/1666251943600-1536x1152.jpg 1536w, https:\/\/stpierre-teille.fr\/wp-content\/uploads\/2022\/11\/1666251943600.jpg 2016w\" sizes=\"auto, (max-width: 300px) 100vw, 300px\" \/><\/a>Le Jeudi 20 octobre 2022, nous avons particip\u00e9 pour la premi\u00e8re ann\u00e9e au Challenge UGSEL 44 avec les \u00e9l\u00e8ves de CM1 et CM2. Cette journ\u00e9e se d\u00e9roulait au complexe du Moulin Boisseau \u00e0 Carquefou.<\/p>\n<p>Le Challenge Ugsel Kid 2022 avait pour objectif de se teinter des couleurs de l\u2019olympisme, deux ans avant le grand rendez-vous du sport. Certaines activit\u00e9s ont permis de montrer la route vers <strong>Paris 2024<\/strong>.<\/p>\n<p>Les activit\u00e9s propos\u00e9es \u00e9taient de 2 Cat\u00e9gories :<\/p>\n<p>&#8211; <strong>Des activit\u00e9s Athl\u00e9tiques communes \u00e0 tous <\/strong>: Le d\u00e9fi olympique, triple saut et lancer.<\/p>\n<p>&#8211; <strong>Des activit\u00e9s de d\u00e9couverte <\/strong>: Handball, Badminton, Football, rugby, Flying-Disc \u2026 diff\u00e9rentes pour chaque classe.<\/p>\n<div class='embed-container'><iframe loading=\"lazy\" title=\"Challenge Ugsel Cycle 3\" width=\"1920\" height=\"1080\" src=\"https:\/\/www.youtube.com\/embed\/aro64qEQW7k?feature=oembed\" frameborder=\"0\" allow=\"accelerometer; autoplay; clipboard-write; encrypted-media; gyroscope; picture-in-picture\" allowfullscreen><\/iframe><\/div>\n","protected":false},"excerpt":{"rendered":"<p>Le Jeudi 20 octobre 2022, nous avons particip\u00e9 pour la premi\u00e8re ann\u00e9e au Challenge UGSEL 44 avec les \u00e9l\u00e8ves de CM1 et CM2. Cette journ\u00e9e se d\u00e9roulait au complexe du Moulin Boisseau \u00e0 Carquefou. Le Challenge Ugsel Kid 2022 avait pour objectif de se teinter des couleurs de l\u2019olympisme, deux ans avant le grand rendez-vous&hellip; <br \/> <a class=\"read-more\" href=\"https:\/\/stpierre-teille.fr\/?p=2566\">Lire la suite<\/a><\/p>\n","protected":false},"author":2,"featured_media":2568,"comment_status":"closed","ping_status":"closed","sticky":false,"template":"","format":"standard","meta":{"ngg_post_thumbnail":0,"footnotes":""},"categories":[1],"tags":[],"class_list":["post-2566","post","type-post","status-publish","format-standard","has-post-thumbnail","hentry","category-non-classe"],"_links":{"self":[{"href":"https:\/\/stpierre-teille.fr\/index.php?rest_route=\/wp\/v2\/posts\/2566","targetHints":{"allow":["GET"]}}],"collection":[{"href":"https:\/\/stpierre-teille.fr\/index.php?rest_route=\/wp\/v2\/posts"}],"about":[{"href":"https:\/\/stpierre-teille.fr\/index.php?rest_route=\/wp\/v2\/types\/post"}],"author":[{"embeddable":true,"href":"https:\/\/stpierre-teille.fr\/index.php?rest_route=\/wp\/v2\/users\/2"}],"replies":[{"embeddable":true,"href":"https:\/\/stpierre-teille.fr\/index.php?rest_route=%2Fwp%2Fv2%2Fcomments&post=2566"}],"version-history":[{"count":2,"href":"https:\/\/stpierre-teille.fr\/index.php?rest_route=\/wp\/v2\/posts\/2566\/revisions"}],"predecessor-version":[{"id":2569,"href":"https:\/\/stpierre-teille.fr\/index.php?rest_route=\/wp\/v2\/posts\/2566\/revisions\/2569"}],"wp:featuredmedia":[{"embeddable":true,"href":"https:\/\/stpierre-teille.fr\/index.php?rest_route=\/wp\/v2\/media\/2568"}],"wp:attachment":[{"href":"https:\/\/stpierre-teille.fr\/index.php?rest_route=%2Fwp%2Fv2%2Fmedia&parent=2566"}],"wp:term":[{"taxonomy":"category","embeddable":true,"href":"https:\/\/stpierre-teille.fr\/index.php?rest_route=%2Fwp%2Fv2%2Fcategories&post=2566"},{"taxonomy":"post_tag","embeddable":true,"href":"https:\/\/stpierre-teille.fr\/index.php?rest_route=%2Fwp%2Fv2%2Ftags&post=2566"}],"curies":[{"name":"wp","href":"https:\/\/api.w.org\/{rel}","templated":true}]}}