{"id":2475,"date":"2022-09-21T14:37:12","date_gmt":"2022-09-21T13:37:12","guid":{"rendered":"https:\/\/stpierre-teille.fr\/?p=2475"},"modified":"2022-09-29T17:20:33","modified_gmt":"2022-09-29T16:20:33","slug":"assemblee-de-rentree-2","status":"publish","type":"post","link":"https:\/\/stpierre-teille.fr\/?p=2475","title":{"rendered":"Assembl\u00e9e de rentr\u00e9e"},"content":{"rendered":"<p>Pour c\u00e9l\u00e9brer la rentr\u00e9e, nous nous sommes tous r\u00e9unis sur la cour du bas, vendredi 2 septembre 2022:<\/p>\n<p><a href=\"https:\/\/stpierre-teille.fr\/wp-content\/uploads\/2022\/09\/IMG_2848.jpg\"><img loading=\"lazy\" decoding=\"async\" class=\"alignnone size-medium wp-image-2479\" src=\"https:\/\/stpierre-teille.fr\/wp-content\/uploads\/2022\/09\/IMG_2848-300x225.jpg\" alt=\"\" width=\"300\" height=\"225\"><\/a><\/p>\n<ul>\n<li>Nous avons tout d&rsquo;abord fait la connaissance des nouveaux \u00e9l\u00e8ves de l&rsquo;\u00e9cole:\n<ul>\n<li>les Petites Sections:\n<ul>\n<li>Yanis<\/li>\n<\/ul>\n<\/li>\n<\/ul>\n<\/li>\n<\/ul>\n<div id=\"attachment_2488\" style=\"width: 235px\" class=\"wp-caption alignnone\"><a href=\"https:\/\/stpierre-teille.fr\/wp-content\/uploads\/2022\/09\/IMG_2853.jpg\"><img loading=\"lazy\" decoding=\"async\" aria-describedby=\"caption-attachment-2488\" class=\"wp-image-2488 size-medium\" src=\"https:\/\/stpierre-teille.fr\/wp-content\/uploads\/2022\/09\/IMG_2853-225x300.jpg\" alt=\"\" width=\"225\" height=\"300\" srcset=\"https:\/\/stpierre-teille.fr\/wp-content\/uploads\/2022\/09\/IMG_2853-225x300.jpg 225w, https:\/\/stpierre-teille.fr\/wp-content\/uploads\/2022\/09\/IMG_2853-768x1024.jpg 768w, https:\/\/stpierre-teille.fr\/wp-content\/uploads\/2022\/09\/IMG_2853-1152x1536.jpg 1152w, https:\/\/stpierre-teille.fr\/wp-content\/uploads\/2022\/09\/IMG_2853.jpg 1440w\" sizes=\"auto, (max-width: 225px) 100vw, 225px\" \/><\/a><p id=\"caption-attachment-2488\" class=\"wp-caption-text\">Yanis<\/p><\/div>\n<ul>\n<li style=\"list-style-type: none;\">\n<ul>\n<li style=\"list-style-type: none;\">\n<ul>\n<li>Nino<\/li>\n<li>Nawell<\/li>\n<\/ul>\n<\/li>\n<\/ul>\n<\/li>\n<\/ul>\n<div id=\"attachment_2490\" style=\"width: 235px\" class=\"wp-caption alignnone\"><a href=\"https:\/\/stpierre-teille.fr\/wp-content\/uploads\/2022\/09\/IMG_2862.jpg\"><img loading=\"lazy\" decoding=\"async\" aria-describedby=\"caption-attachment-2490\" class=\"wp-image-2490 size-medium\" src=\"https:\/\/stpierre-teille.fr\/wp-content\/uploads\/2022\/09\/IMG_2862-225x300.jpg\" alt=\"\" width=\"225\" height=\"300\" srcset=\"https:\/\/stpierre-teille.fr\/wp-content\/uploads\/2022\/09\/IMG_2862-225x300.jpg 225w, https:\/\/stpierre-teille.fr\/wp-content\/uploads\/2022\/09\/IMG_2862-768x1024.jpg 768w, https:\/\/stpierre-teille.fr\/wp-content\/uploads\/2022\/09\/IMG_2862-1152x1536.jpg 1152w, https:\/\/stpierre-teille.fr\/wp-content\/uploads\/2022\/09\/IMG_2862.jpg 1440w\" sizes=\"auto, (max-width: 225px) 100vw, 225px\" \/><\/a><p id=\"caption-attachment-2490\" class=\"wp-caption-text\">Nawell<\/p><\/div>\n<ul>\n<li style=\"list-style-type: none;\">\n<ul>\n<li style=\"list-style-type: none;\">\n<ul>\n<li>Tiago<\/li>\n<li>Izia<\/li>\n<li>Julia<\/li>\n<li>Manon<\/li>\n<li>Augustin<\/li>\n<li>Sacha (d\u00e9j\u00e0 pr\u00e9sent en d\u00e9but d&rsquo;ann\u00e9e derni\u00e8re en PPS)<\/li>\n<li>Romane (d\u00e9j\u00e0 pr\u00e9sente&nbsp; en PPS)<\/li>\n<\/ul>\n<\/li>\n<\/ul>\n<\/li>\n<\/ul>\n<div id=\"attachment_2489\" style=\"width: 235px\" class=\"wp-caption alignnone\"><a href=\"https:\/\/stpierre-teille.fr\/wp-content\/uploads\/2022\/09\/IMG_2861.jpg\"><img loading=\"lazy\" decoding=\"async\" aria-describedby=\"caption-attachment-2489\" class=\"wp-image-2489 size-medium\" src=\"https:\/\/stpierre-teille.fr\/wp-content\/uploads\/2022\/09\/IMG_2861-225x300.jpg\" alt=\"\" width=\"225\" height=\"300\" srcset=\"https:\/\/stpierre-teille.fr\/wp-content\/uploads\/2022\/09\/IMG_2861-225x300.jpg 225w, https:\/\/stpierre-teille.fr\/wp-content\/uploads\/2022\/09\/IMG_2861-768x1024.jpg 768w, https:\/\/stpierre-teille.fr\/wp-content\/uploads\/2022\/09\/IMG_2861-1152x1536.jpg 1152w, https:\/\/stpierre-teille.fr\/wp-content\/uploads\/2022\/09\/IMG_2861.jpg 1440w\" sizes=\"auto, (max-width: 225px) 100vw, 225px\" \/><\/a><p id=\"caption-attachment-2489\" class=\"wp-caption-text\">Romane<\/p><\/div>\n<ul>\n<li style=\"list-style-type: none;\">\n<ul>\n<li>Capucine en Grande Section<\/li>\n<\/ul>\n<\/li>\n<\/ul>\n<p><a href=\"https:\/\/stpierre-teille.fr\/wp-content\/uploads\/2022\/09\/IMG_2863-e1663605862680.jpg\"><img loading=\"lazy\" decoding=\"async\" class=\"alignnone wp-image-2482 \" src=\"https:\/\/stpierre-teille.fr\/wp-content\/uploads\/2022\/09\/IMG_2863-e1663605862680-293x300.jpg\" alt=\"\" width=\"186\" height=\"190\" srcset=\"https:\/\/stpierre-teille.fr\/wp-content\/uploads\/2022\/09\/IMG_2863-e1663605862680-293x300.jpg 293w, https:\/\/stpierre-teille.fr\/wp-content\/uploads\/2022\/09\/IMG_2863-e1663605862680-1002x1024.jpg 1002w, https:\/\/stpierre-teille.fr\/wp-content\/uploads\/2022\/09\/IMG_2863-e1663605862680-768x785.jpg 768w, https:\/\/stpierre-teille.fr\/wp-content\/uploads\/2022\/09\/IMG_2863-e1663605862680.jpg 1291w\" sizes=\"auto, (max-width: 186px) 100vw, 186px\" \/><\/a><\/p>\n<ul>\n<li style=\"list-style-type: none;\">\n<ul>\n<li>Na\u00ebl en CM2<\/li>\n<\/ul>\n<\/li>\n<\/ul>\n<p><a href=\"https:\/\/stpierre-teille.fr\/wp-content\/uploads\/2022\/09\/IMG_2864.jpg\"><img loading=\"lazy\" decoding=\"async\" class=\"alignnone wp-image-2483\" src=\"https:\/\/stpierre-teille.fr\/wp-content\/uploads\/2022\/09\/IMG_2864-225x300.jpg\" alt=\"\" width=\"174\" height=\"232\" srcset=\"https:\/\/stpierre-teille.fr\/wp-content\/uploads\/2022\/09\/IMG_2864-225x300.jpg 225w, https:\/\/stpierre-teille.fr\/wp-content\/uploads\/2022\/09\/IMG_2864-768x1024.jpg 768w, https:\/\/stpierre-teille.fr\/wp-content\/uploads\/2022\/09\/IMG_2864-1152x1536.jpg 1152w, https:\/\/stpierre-teille.fr\/wp-content\/uploads\/2022\/09\/IMG_2864.jpg 1440w\" sizes=\"auto, (max-width: 174px) 100vw, 174px\" \/><\/a><\/p>\n<p>Chaque classe avait appris un chant: les \u00e9l\u00e8ves de la classe de Marie ont chant\u00e9: <em><strong>La chanson de la rentr\u00e9e<\/strong><\/em>, ceux de la classe de Virginie ont chant\u00e9 <em><strong>Docteur Banjo<\/strong>&nbsp;<\/em> et les \u00e9l\u00e8ves de la classe de Gildas ont chant\u00e9: <em><strong>Je vole<\/strong><\/em><\/p>\n<p><a href=\"https:\/\/stpierre-teille.fr\/wp-content\/uploads\/2022\/09\/IMG_2849.jpg\"><img loading=\"lazy\" decoding=\"async\" class=\"alignnone size-medium wp-image-2480\" src=\"https:\/\/stpierre-teille.fr\/wp-content\/uploads\/2022\/09\/IMG_2849-300x225.jpg\" alt=\"\" width=\"300\" height=\"225\" srcset=\"https:\/\/stpierre-teille.fr\/wp-content\/uploads\/2022\/09\/IMG_2849-300x225.jpg 300w, https:\/\/stpierre-teille.fr\/wp-content\/uploads\/2022\/09\/IMG_2849-1024x768.jpg 1024w, https:\/\/stpierre-teille.fr\/wp-content\/uploads\/2022\/09\/IMG_2849-768x576.jpg 768w, https:\/\/stpierre-teille.fr\/wp-content\/uploads\/2022\/09\/IMG_2849-1536x1152.jpg 1536w, https:\/\/stpierre-teille.fr\/wp-content\/uploads\/2022\/09\/IMG_2849.jpg 1920w\" sizes=\"auto, (max-width: 300px) 100vw, 300px\" \/><\/a> <a href=\"https:\/\/stpierre-teille.fr\/wp-content\/uploads\/2022\/09\/AQXU2090.jpg\"><img loading=\"lazy\" decoding=\"async\" class=\"alignnone size-medium wp-image-2478\" src=\"https:\/\/stpierre-teille.fr\/wp-content\/uploads\/2022\/09\/AQXU2090-300x225.jpg\" alt=\"\" width=\"300\" height=\"225\" srcset=\"https:\/\/stpierre-teille.fr\/wp-content\/uploads\/2022\/09\/AQXU2090-300x225.jpg 300w, https:\/\/stpierre-teille.fr\/wp-content\/uploads\/2022\/09\/AQXU2090-1024x769.jpg 1024w, https:\/\/stpierre-teille.fr\/wp-content\/uploads\/2022\/09\/AQXU2090-768x576.jpg 768w, https:\/\/stpierre-teille.fr\/wp-content\/uploads\/2022\/09\/AQXU2090-1536x1153.jpg 1536w, https:\/\/stpierre-teille.fr\/wp-content\/uploads\/2022\/09\/AQXU2090.jpg 2048w\" sizes=\"auto, (max-width: 300px) 100vw, 300px\" \/><\/a> <a href=\"https:\/\/stpierre-teille.fr\/wp-content\/uploads\/2022\/09\/IMG_2852.jpg\"><img loading=\"lazy\" decoding=\"async\" class=\"alignnone size-medium wp-image-2481\" src=\"https:\/\/stpierre-teille.fr\/wp-content\/uploads\/2022\/09\/IMG_2852-300x225.jpg\" alt=\"\" width=\"300\" height=\"225\" srcset=\"https:\/\/stpierre-teille.fr\/wp-content\/uploads\/2022\/09\/IMG_2852-300x225.jpg 300w, https:\/\/stpierre-teille.fr\/wp-content\/uploads\/2022\/09\/IMG_2852-1024x768.jpg 1024w, https:\/\/stpierre-teille.fr\/wp-content\/uploads\/2022\/09\/IMG_2852-768x576.jpg 768w, https:\/\/stpierre-teille.fr\/wp-content\/uploads\/2022\/09\/IMG_2852-1536x1152.jpg 1536w, https:\/\/stpierre-teille.fr\/wp-content\/uploads\/2022\/09\/IMG_2852.jpg 1920w\" sizes=\"auto, (max-width: 300px) 100vw, 300px\" \/><\/a><\/p>\n<p>Ensuite Gildas nous a lu une histoire <em><strong>La rentr\u00e9e des mamans<\/strong><\/em><\/p>\n<p><a href=\"https:\/\/stpierre-teille.fr\/wp-content\/uploads\/2022\/09\/IMG_2865.jpg\"><img loading=\"lazy\" decoding=\"async\" class=\"alignnone size-medium wp-image-2486\" src=\"https:\/\/stpierre-teille.fr\/wp-content\/uploads\/2022\/09\/IMG_2865-225x300.jpg\" alt=\"\" width=\"225\" height=\"300\" srcset=\"https:\/\/stpierre-teille.fr\/wp-content\/uploads\/2022\/09\/IMG_2865-225x300.jpg 225w, https:\/\/stpierre-teille.fr\/wp-content\/uploads\/2022\/09\/IMG_2865-768x1024.jpg 768w, https:\/\/stpierre-teille.fr\/wp-content\/uploads\/2022\/09\/IMG_2865-1152x1536.jpg 1152w, https:\/\/stpierre-teille.fr\/wp-content\/uploads\/2022\/09\/IMG_2865.jpg 1440w\" sizes=\"auto, (max-width: 225px) 100vw, 225px\" \/><\/a><\/p>\n<p>Puis l&rsquo;heure de nous s\u00e9parer est arriv\u00e9e, nous nous sommes souhait\u00e9s une tr\u00e8s bonne ann\u00e9e scolaire.<\/p>\n","protected":false},"excerpt":{"rendered":"<p>Pour c\u00e9l\u00e9brer la rentr\u00e9e, nous nous sommes tous r\u00e9unis sur la cour du bas, vendredi 2 septembre 2022: Nous avons tout d&rsquo;abord fait la connaissance des nouveaux \u00e9l\u00e8ves de l&rsquo;\u00e9cole: les Petites Sections: Yanis Nino Nawell Tiago Izia Julia Manon Augustin Sacha (d\u00e9j\u00e0 pr\u00e9sent en d\u00e9but d&rsquo;ann\u00e9e derni\u00e8re en PPS) Romane (d\u00e9j\u00e0 pr\u00e9sente&nbsp; en PPS)&hellip; <br \/> <a class=\"read-more\" href=\"https:\/\/stpierre-teille.fr\/?p=2475\">Lire la suite<\/a><\/p>\n","protected":false},"author":3,"featured_media":2479,"comment_status":"closed","ping_status":"closed","sticky":false,"template":"","format":"standard","meta":{"ngg_post_thumbnail":0,"footnotes":""},"categories":[9],"tags":[],"class_list":["post-2475","post","type-post","status-publish","format-standard","has-post-thumbnail","hentry","category-vie-des-classes"],"_links":{"self":[{"href":"https:\/\/stpierre-teille.fr\/index.php?rest_route=\/wp\/v2\/posts\/2475","targetHints":{"allow":["GET"]}}],"collection":[{"href":"https:\/\/stpierre-teille.fr\/index.php?rest_route=\/wp\/v2\/posts"}],"about":[{"href":"https:\/\/stpierre-teille.fr\/index.php?rest_route=\/wp\/v2\/types\/post"}],"author":[{"embeddable":true,"href":"https:\/\/stpierre-teille.fr\/index.php?rest_route=\/wp\/v2\/users\/3"}],"replies":[{"embeddable":true,"href":"https:\/\/stpierre-teille.fr\/index.php?rest_route=%2Fwp%2Fv2%2Fcomments&post=2475"}],"version-history":[{"count":9,"href":"https:\/\/stpierre-teille.fr\/index.php?rest_route=\/wp\/v2\/posts\/2475\/revisions"}],"predecessor-version":[{"id":2495,"href":"https:\/\/stpierre-teille.fr\/index.php?rest_route=\/wp\/v2\/posts\/2475\/revisions\/2495"}],"wp:featuredmedia":[{"embeddable":true,"href":"https:\/\/stpierre-teille.fr\/index.php?rest_route=\/wp\/v2\/media\/2479"}],"wp:attachment":[{"href":"https:\/\/stpierre-teille.fr\/index.php?rest_route=%2Fwp%2Fv2%2Fmedia&parent=2475"}],"wp:term":[{"taxonomy":"category","embeddable":true,"href":"https:\/\/stpierre-teille.fr\/index.php?rest_route=%2Fwp%2Fv2%2Fcategories&post=2475"},{"taxonomy":"post_tag","embeddable":true,"href":"https:\/\/stpierre-teille.fr\/index.php?rest_route=%2Fwp%2Fv2%2Ftags&post=2475"}],"curies":[{"name":"wp","href":"https:\/\/api.w.org\/{rel}","templated":true}]}}