{"id":2430,"date":"2022-06-05T11:57:57","date_gmt":"2022-06-05T10:57:57","guid":{"rendered":"https:\/\/stpierre-teille.fr\/?p=2430"},"modified":"2022-06-05T11:58:05","modified_gmt":"2022-06-05T10:58:05","slug":"journee-sportive-3","status":"publish","type":"post","link":"https:\/\/stpierre-teille.fr\/?p=2430","title":{"rendered":"JOURNEE SPORTIVE"},"content":{"rendered":"<p>MARDI 31 MAI ,<\/p>\n<p>Les \u00e9coles de Riaill\u00e9 , du Grand- Auvern\u00e9 et de Teill\u00e9 se sont r\u00e9unies pour une journ\u00e9e sportive. Les maternelles \u00e9taient \u00e0 l&rsquo;\u00e9cole de Riaill\u00e9, elles ont particip\u00e9 \u00e0 de nombreux ateliers sur le th\u00e8me des contes. Il fallait par exemple d\u00e9truire le mur de la maison des 3 petits cochons en lan\u00e7ant des balles sur des briques , ou encore courir pour \u00e9chapper au loup &#8230;.C&rsquo;\u00e9tait dr\u00f4le , on a couru , saut\u00e9 , lanc\u00e9 et on a appris \u00e0 conna\u00eetre d&rsquo; autres enfants .<a href=\"https:\/\/stpierre-teille.fr\/wp-content\/uploads\/2022\/06\/journee-sportive-4-jpg.jpg\"><img loading=\"lazy\" decoding=\"async\" class=\"alignnone size-medium wp-image-2436\" src=\"https:\/\/stpierre-teille.fr\/wp-content\/uploads\/2022\/06\/journee-sportive-4-jpg-225x300.jpg\" alt=\"\" width=\"225\" height=\"300\" srcset=\"https:\/\/stpierre-teille.fr\/wp-content\/uploads\/2022\/06\/journee-sportive-4-jpg-225x300.jpg 225w, https:\/\/stpierre-teille.fr\/wp-content\/uploads\/2022\/06\/journee-sportive-4-jpg-769x1024.jpg 769w, https:\/\/stpierre-teille.fr\/wp-content\/uploads\/2022\/06\/journee-sportive-4-jpg-768x1023.jpg 768w, https:\/\/stpierre-teille.fr\/wp-content\/uploads\/2022\/06\/journee-sportive-4-jpg-1154x1536.jpg 1154w, https:\/\/stpierre-teille.fr\/wp-content\/uploads\/2022\/06\/journee-sportive-4-jpg.jpg 1442w\" sizes=\"auto, (max-width: 225px) 100vw, 225px\" \/><\/a> <a href=\"https:\/\/stpierre-teille.fr\/wp-content\/uploads\/2022\/06\/journee-sportive-9-jpg.jpg\"><img loading=\"lazy\" decoding=\"async\" class=\"alignnone size-medium wp-image-2440\" src=\"https:\/\/stpierre-teille.fr\/wp-content\/uploads\/2022\/06\/journee-sportive-9-jpg-225x300.jpg\" alt=\"\" width=\"225\" height=\"300\" srcset=\"https:\/\/stpierre-teille.fr\/wp-content\/uploads\/2022\/06\/journee-sportive-9-jpg-225x300.jpg 225w, https:\/\/stpierre-teille.fr\/wp-content\/uploads\/2022\/06\/journee-sportive-9-jpg-769x1024.jpg 769w, https:\/\/stpierre-teille.fr\/wp-content\/uploads\/2022\/06\/journee-sportive-9-jpg-768x1023.jpg 768w, https:\/\/stpierre-teille.fr\/wp-content\/uploads\/2022\/06\/journee-sportive-9-jpg-1154x1536.jpg 1154w, https:\/\/stpierre-teille.fr\/wp-content\/uploads\/2022\/06\/journee-sportive-9-jpg.jpg 1442w\" sizes=\"auto, (max-width: 225px) 100vw, 225px\" \/><\/a><a href=\"https:\/\/stpierre-teille.fr\/wp-content\/uploads\/2022\/06\/journee-sportive-5-jpg.jpg\"><img loading=\"lazy\" decoding=\"async\" class=\"alignnone size-medium wp-image-2437\" src=\"https:\/\/stpierre-teille.fr\/wp-content\/uploads\/2022\/06\/journee-sportive-5-jpg-225x300.jpg\" alt=\"\" width=\"225\" height=\"300\" srcset=\"https:\/\/stpierre-teille.fr\/wp-content\/uploads\/2022\/06\/journee-sportive-5-jpg-225x300.jpg 225w, https:\/\/stpierre-teille.fr\/wp-content\/uploads\/2022\/06\/journee-sportive-5-jpg-769x1024.jpg 769w, https:\/\/stpierre-teille.fr\/wp-content\/uploads\/2022\/06\/journee-sportive-5-jpg-768x1023.jpg 768w, https:\/\/stpierre-teille.fr\/wp-content\/uploads\/2022\/06\/journee-sportive-5-jpg-1154x1536.jpg 1154w, https:\/\/stpierre-teille.fr\/wp-content\/uploads\/2022\/06\/journee-sportive-5-jpg.jpg 1442w\" sizes=\"auto, (max-width: 225px) 100vw, 225px\" \/><\/a><a href=\"https:\/\/stpierre-teille.fr\/wp-content\/uploads\/2022\/06\/journee-sportive-3-jpg.jpg\"><img loading=\"lazy\" decoding=\"async\" class=\"alignnone size-medium wp-image-2435\" src=\"https:\/\/stpierre-teille.fr\/wp-content\/uploads\/2022\/06\/journee-sportive-3-jpg-300x225.jpg\" alt=\"\" width=\"300\" height=\"225\" srcset=\"https:\/\/stpierre-teille.fr\/wp-content\/uploads\/2022\/06\/journee-sportive-3-jpg-300x225.jpg 300w, https:\/\/stpierre-teille.fr\/wp-content\/uploads\/2022\/06\/journee-sportive-3-jpg-1024x769.jpg 1024w, https:\/\/stpierre-teille.fr\/wp-content\/uploads\/2022\/06\/journee-sportive-3-jpg-768x577.jpg 768w, https:\/\/stpierre-teille.fr\/wp-content\/uploads\/2022\/06\/journee-sportive-3-jpg-1536x1154.jpg 1536w, https:\/\/stpierre-teille.fr\/wp-content\/uploads\/2022\/06\/journee-sportive-3-jpg.jpg 1920w\" sizes=\"auto, (max-width: 300px) 100vw, 300px\" \/><\/a><a href=\"https:\/\/stpierre-teille.fr\/wp-content\/uploads\/2022\/06\/journee-sportive-1.jpg\"><img loading=\"lazy\" decoding=\"async\" class=\"alignnone size-medium wp-image-2433\" src=\"https:\/\/stpierre-teille.fr\/wp-content\/uploads\/2022\/06\/journee-sportive-1-225x300.jpg\" alt=\"\" width=\"225\" height=\"300\" srcset=\"https:\/\/stpierre-teille.fr\/wp-content\/uploads\/2022\/06\/journee-sportive-1-225x300.jpg 225w, https:\/\/stpierre-teille.fr\/wp-content\/uploads\/2022\/06\/journee-sportive-1-769x1024.jpg 769w, https:\/\/stpierre-teille.fr\/wp-content\/uploads\/2022\/06\/journee-sportive-1-768x1023.jpg 768w, https:\/\/stpierre-teille.fr\/wp-content\/uploads\/2022\/06\/journee-sportive-1-1154x1536.jpg 1154w, https:\/\/stpierre-teille.fr\/wp-content\/uploads\/2022\/06\/journee-sportive-1.jpg 1442w\" sizes=\"auto, (max-width: 225px) 100vw, 225px\" \/><\/a><a href=\"https:\/\/stpierre-teille.fr\/wp-content\/uploads\/2022\/06\/journee-sportive-10-jpg.jpg\"><img loading=\"lazy\" decoding=\"async\" class=\"alignnone size-medium wp-image-2432\" src=\"https:\/\/stpierre-teille.fr\/wp-content\/uploads\/2022\/06\/journee-sportive-10-jpg-225x300.jpg\" alt=\"\" width=\"225\" height=\"300\" srcset=\"https:\/\/stpierre-teille.fr\/wp-content\/uploads\/2022\/06\/journee-sportive-10-jpg-225x300.jpg 225w, https:\/\/stpierre-teille.fr\/wp-content\/uploads\/2022\/06\/journee-sportive-10-jpg-769x1024.jpg 769w, https:\/\/stpierre-teille.fr\/wp-content\/uploads\/2022\/06\/journee-sportive-10-jpg-768x1023.jpg 768w, https:\/\/stpierre-teille.fr\/wp-content\/uploads\/2022\/06\/journee-sportive-10-jpg-1154x1536.jpg 1154w, https:\/\/stpierre-teille.fr\/wp-content\/uploads\/2022\/06\/journee-sportive-10-jpg.jpg 1442w\" sizes=\"auto, (max-width: 225px) 100vw, 225px\" \/><\/a><\/p>\n<p>Les \u00e9l\u00e8ves des classes de Virginie et Marie \u00e9taient au complexe sportif de Riaill\u00e9 avec les \u00e9coles de Riaill\u00e9 et du Grand Auvern\u00e9. Ils ont particip\u00e9 \u00e0 de nombreuses activit\u00e9s tout au long de la journ\u00e9e, sous un temps magnifique !<\/p>\n<p>Pour les les \u00e9l\u00e8ves du CE2, CM1 et CM2 nous avons constitu\u00e9 10 \u00e9quipes de 9 \u00e9l\u00e8ves provenant des 3 \u00e9coles. Ils ont jou\u00e9 au Double-drapeau, \u00e0 la Th\u00e8que, au Handball, au Molky, \u00e0 la Balle au camp.<\/p>\n<p>Une belle journ\u00e9e qui nous a permis de faire de belles rencontres !<\/p>\n<p><a href=\"https:\/\/stpierre-teille.fr\/wp-content\/uploads\/2022\/06\/IMG-20220531-WA0058.jpg\"><img loading=\"lazy\" decoding=\"async\" class=\"aligncenter size-medium wp-image-2455\" src=\"https:\/\/stpierre-teille.fr\/wp-content\/uploads\/2022\/06\/IMG-20220531-WA0058-300x225.jpg\" alt=\"\" width=\"300\" height=\"225\" srcset=\"https:\/\/stpierre-teille.fr\/wp-content\/uploads\/2022\/06\/IMG-20220531-WA0058-300x225.jpg 300w, https:\/\/stpierre-teille.fr\/wp-content\/uploads\/2022\/06\/IMG-20220531-WA0058-1024x768.jpg 1024w, https:\/\/stpierre-teille.fr\/wp-content\/uploads\/2022\/06\/IMG-20220531-WA0058-768x576.jpg 768w, https:\/\/stpierre-teille.fr\/wp-content\/uploads\/2022\/06\/IMG-20220531-WA0058-1536x1152.jpg 1536w, https:\/\/stpierre-teille.fr\/wp-content\/uploads\/2022\/06\/IMG-20220531-WA0058.jpg 1600w\" sizes=\"auto, (max-width: 300px) 100vw, 300px\" \/><\/a> <a href=\"https:\/\/stpierre-teille.fr\/wp-content\/uploads\/2022\/06\/IMG-20220531-WA0044.jpg\"><img loading=\"lazy\" decoding=\"async\" class=\"aligncenter size-medium wp-image-2454\" src=\"https:\/\/stpierre-teille.fr\/wp-content\/uploads\/2022\/06\/IMG-20220531-WA0044-300x225.jpg\" alt=\"\" width=\"300\" height=\"225\" srcset=\"https:\/\/stpierre-teille.fr\/wp-content\/uploads\/2022\/06\/IMG-20220531-WA0044-300x225.jpg 300w, https:\/\/stpierre-teille.fr\/wp-content\/uploads\/2022\/06\/IMG-20220531-WA0044-1024x768.jpg 1024w, https:\/\/stpierre-teille.fr\/wp-content\/uploads\/2022\/06\/IMG-20220531-WA0044-768x576.jpg 768w, https:\/\/stpierre-teille.fr\/wp-content\/uploads\/2022\/06\/IMG-20220531-WA0044-1536x1152.jpg 1536w, https:\/\/stpierre-teille.fr\/wp-content\/uploads\/2022\/06\/IMG-20220531-WA0044.jpg 2000w\" sizes=\"auto, (max-width: 300px) 100vw, 300px\" \/><\/a> <a href=\"https:\/\/stpierre-teille.fr\/wp-content\/uploads\/2022\/06\/IMG-20220531-WA0034.jpg\"><img loading=\"lazy\" decoding=\"async\" class=\"aligncenter size-medium wp-image-2452\" src=\"https:\/\/stpierre-teille.fr\/wp-content\/uploads\/2022\/06\/IMG-20220531-WA0034-300x225.jpg\" alt=\"\" width=\"300\" height=\"225\" srcset=\"https:\/\/stpierre-teille.fr\/wp-content\/uploads\/2022\/06\/IMG-20220531-WA0034-300x225.jpg 300w, https:\/\/stpierre-teille.fr\/wp-content\/uploads\/2022\/06\/IMG-20220531-WA0034-1024x768.jpg 1024w, https:\/\/stpierre-teille.fr\/wp-content\/uploads\/2022\/06\/IMG-20220531-WA0034-768x576.jpg 768w, https:\/\/stpierre-teille.fr\/wp-content\/uploads\/2022\/06\/IMG-20220531-WA0034-1536x1152.jpg 1536w, https:\/\/stpierre-teille.fr\/wp-content\/uploads\/2022\/06\/IMG-20220531-WA0034.jpg 2000w\" sizes=\"auto, (max-width: 300px) 100vw, 300px\" \/><\/a> <a href=\"https:\/\/stpierre-teille.fr\/wp-content\/uploads\/2022\/06\/IMG-20220531-WA0035.jpg\"><img loading=\"lazy\" decoding=\"async\" class=\"aligncenter size-medium wp-image-2453\" src=\"https:\/\/stpierre-teille.fr\/wp-content\/uploads\/2022\/06\/IMG-20220531-WA0035-300x225.jpg\" alt=\"\" width=\"300\" height=\"225\" srcset=\"https:\/\/stpierre-teille.fr\/wp-content\/uploads\/2022\/06\/IMG-20220531-WA0035-300x225.jpg 300w, https:\/\/stpierre-teille.fr\/wp-content\/uploads\/2022\/06\/IMG-20220531-WA0035-1024x768.jpg 1024w, https:\/\/stpierre-teille.fr\/wp-content\/uploads\/2022\/06\/IMG-20220531-WA0035-768x576.jpg 768w, https:\/\/stpierre-teille.fr\/wp-content\/uploads\/2022\/06\/IMG-20220531-WA0035-1536x1152.jpg 1536w, https:\/\/stpierre-teille.fr\/wp-content\/uploads\/2022\/06\/IMG-20220531-WA0035.jpg 2000w\" sizes=\"auto, (max-width: 300px) 100vw, 300px\" \/><\/a> <a href=\"https:\/\/stpierre-teille.fr\/wp-content\/uploads\/2022\/06\/IMG-20220531-WA0012.jpg\"><img loading=\"lazy\" decoding=\"async\" class=\"aligncenter size-medium wp-image-2451\" src=\"https:\/\/stpierre-teille.fr\/wp-content\/uploads\/2022\/06\/IMG-20220531-WA0012-225x300.jpg\" alt=\"\" width=\"225\" height=\"300\" srcset=\"https:\/\/stpierre-teille.fr\/wp-content\/uploads\/2022\/06\/IMG-20220531-WA0012-225x300.jpg 225w, https:\/\/stpierre-teille.fr\/wp-content\/uploads\/2022\/06\/IMG-20220531-WA0012-768x1024.jpg 768w, https:\/\/stpierre-teille.fr\/wp-content\/uploads\/2022\/06\/IMG-20220531-WA0012-1152x1536.jpg 1152w, https:\/\/stpierre-teille.fr\/wp-content\/uploads\/2022\/06\/IMG-20220531-WA0012.jpg 1500w\" sizes=\"auto, (max-width: 225px) 100vw, 225px\" \/><\/a> <a href=\"https:\/\/stpierre-teille.fr\/wp-content\/uploads\/2022\/06\/IMG-20220531-WA0005.jpg\"><img loading=\"lazy\" decoding=\"async\" class=\"aligncenter size-medium wp-image-2450\" src=\"https:\/\/stpierre-teille.fr\/wp-content\/uploads\/2022\/06\/IMG-20220531-WA0005-225x300.jpg\" alt=\"\" width=\"225\" height=\"300\" srcset=\"https:\/\/stpierre-teille.fr\/wp-content\/uploads\/2022\/06\/IMG-20220531-WA0005-225x300.jpg 225w, https:\/\/stpierre-teille.fr\/wp-content\/uploads\/2022\/06\/IMG-20220531-WA0005-768x1024.jpg 768w, https:\/\/stpierre-teille.fr\/wp-content\/uploads\/2022\/06\/IMG-20220531-WA0005-1152x1536.jpg 1152w, https:\/\/stpierre-teille.fr\/wp-content\/uploads\/2022\/06\/IMG-20220531-WA0005.jpg 1500w\" sizes=\"auto, (max-width: 225px) 100vw, 225px\" \/><\/a> <a href=\"https:\/\/stpierre-teille.fr\/wp-content\/uploads\/2022\/06\/IMG-20220531-WA0001.jpg\"><img loading=\"lazy\" decoding=\"async\" class=\"aligncenter size-medium wp-image-2449\" src=\"https:\/\/stpierre-teille.fr\/wp-content\/uploads\/2022\/06\/IMG-20220531-WA0001-300x225.jpg\" alt=\"\" width=\"300\" height=\"225\" srcset=\"https:\/\/stpierre-teille.fr\/wp-content\/uploads\/2022\/06\/IMG-20220531-WA0001-300x225.jpg 300w, https:\/\/stpierre-teille.fr\/wp-content\/uploads\/2022\/06\/IMG-20220531-WA0001-1024x768.jpg 1024w, https:\/\/stpierre-teille.fr\/wp-content\/uploads\/2022\/06\/IMG-20220531-WA0001-768x576.jpg 768w, https:\/\/stpierre-teille.fr\/wp-content\/uploads\/2022\/06\/IMG-20220531-WA0001-1536x1152.jpg 1536w, https:\/\/stpierre-teille.fr\/wp-content\/uploads\/2022\/06\/IMG-20220531-WA0001.jpg 2000w\" sizes=\"auto, (max-width: 300px) 100vw, 300px\" \/><\/a><\/p>\n<p>&nbsp;<\/p>\n<p>&nbsp;<\/p>\n<p>&nbsp;<\/p>\n<p>&nbsp;<\/p>\n<p>&nbsp;<\/p>\n<p>&nbsp;<\/p>\n<p>&nbsp;<\/p>\n<p>&nbsp;<\/p>\n<p>&nbsp;<\/p>\n<p>&nbsp;<\/p>\n<p>&nbsp;<\/p>\n<p>&nbsp;<\/p>\n<p>&nbsp;<\/p>\n","protected":false},"excerpt":{"rendered":"<p>MARDI 31 MAI , Les \u00e9coles de Riaill\u00e9 , du Grand- Auvern\u00e9 et de Teill\u00e9 se sont r\u00e9unies pour une journ\u00e9e sportive. Les maternelles \u00e9taient \u00e0 l&rsquo;\u00e9cole de Riaill\u00e9, elles ont particip\u00e9 \u00e0 de nombreux ateliers sur le th\u00e8me des contes. Il fallait par exemple d\u00e9truire le mur de la maison des 3 petits cochons&hellip; <br \/> <a class=\"read-more\" href=\"https:\/\/stpierre-teille.fr\/?p=2430\">Lire la suite<\/a><\/p>\n","protected":false},"author":7,"featured_media":2436,"comment_status":"closed","ping_status":"closed","sticky":false,"template":"","format":"standard","meta":{"ngg_post_thumbnail":0,"footnotes":""},"categories":[1,9],"tags":[],"class_list":["post-2430","post","type-post","status-publish","format-standard","has-post-thumbnail","hentry","category-non-classe","category-vie-des-classes"],"_links":{"self":[{"href":"https:\/\/stpierre-teille.fr\/index.php?rest_route=\/wp\/v2\/posts\/2430","targetHints":{"allow":["GET"]}}],"collection":[{"href":"https:\/\/stpierre-teille.fr\/index.php?rest_route=\/wp\/v2\/posts"}],"about":[{"href":"https:\/\/stpierre-teille.fr\/index.php?rest_route=\/wp\/v2\/types\/post"}],"author":[{"embeddable":true,"href":"https:\/\/stpierre-teille.fr\/index.php?rest_route=\/wp\/v2\/users\/7"}],"replies":[{"embeddable":true,"href":"https:\/\/stpierre-teille.fr\/index.php?rest_route=%2Fwp%2Fv2%2Fcomments&post=2430"}],"version-history":[{"count":3,"href":"https:\/\/stpierre-teille.fr\/index.php?rest_route=\/wp\/v2\/posts\/2430\/revisions"}],"predecessor-version":[{"id":2457,"href":"https:\/\/stpierre-teille.fr\/index.php?rest_route=\/wp\/v2\/posts\/2430\/revisions\/2457"}],"wp:featuredmedia":[{"embeddable":true,"href":"https:\/\/stpierre-teille.fr\/index.php?rest_route=\/wp\/v2\/media\/2436"}],"wp:attachment":[{"href":"https:\/\/stpierre-teille.fr\/index.php?rest_route=%2Fwp%2Fv2%2Fmedia&parent=2430"}],"wp:term":[{"taxonomy":"category","embeddable":true,"href":"https:\/\/stpierre-teille.fr\/index.php?rest_route=%2Fwp%2Fv2%2Fcategories&post=2430"},{"taxonomy":"post_tag","embeddable":true,"href":"https:\/\/stpierre-teille.fr\/index.php?rest_route=%2Fwp%2Fv2%2Ftags&post=2430"}],"curies":[{"name":"wp","href":"https:\/\/api.w.org\/{rel}","templated":true}]}}