{"id":2414,"date":"2022-05-13T16:49:13","date_gmt":"2022-05-13T15:49:13","guid":{"rendered":"https:\/\/stpierre-teille.fr\/?p=2414"},"modified":"2022-05-20T15:09:14","modified_gmt":"2022-05-20T14:09:14","slug":"bibliotheque-municipale-2","status":"publish","type":"post","link":"https:\/\/stpierre-teille.fr\/?p=2414","title":{"rendered":"BIBLIOTHEQUE MUNICIPALE"},"content":{"rendered":"<p>Mardi 3 Mai ,<\/p>\n<p>Nous sommes all\u00e9s \u00e0 la biblioth\u00e8que municipale de Teill\u00e9 .Une dame nous a accueilli et nous a expliqu\u00e9 o\u00f9 \u00e9taient les livres de notre \u00e2ge , ceux pour les plus grands &#8230;Ensuite , elle nous a lu deux belles histoires , on \u00e9tait assis confortablement sur des petits coussins. Puis , nous avons choisi chacun un livre que nous avons ramen\u00e9 \u00e0 la maison Plusieurs enfants connaissaient l&rsquo;endroit mais ce fut une d\u00e9couverte pour nombre d&rsquo;entre eux!!!<a href=\"https:\/\/stpierre-teille.fr\/wp-content\/uploads\/2022\/05\/IMG_20220503_100819.jpg\"><img loading=\"lazy\" decoding=\"async\" class=\"alignnone size-medium wp-image-2415\" src=\"https:\/\/stpierre-teille.fr\/wp-content\/uploads\/2022\/05\/IMG_20220503_100819-225x300.jpg\" alt=\"\" width=\"225\" height=\"300\" srcset=\"https:\/\/stpierre-teille.fr\/wp-content\/uploads\/2022\/05\/IMG_20220503_100819-225x300.jpg 225w, https:\/\/stpierre-teille.fr\/wp-content\/uploads\/2022\/05\/IMG_20220503_100819-769x1024.jpg 769w, https:\/\/stpierre-teille.fr\/wp-content\/uploads\/2022\/05\/IMG_20220503_100819-768x1023.jpg 768w, https:\/\/stpierre-teille.fr\/wp-content\/uploads\/2022\/05\/IMG_20220503_100819-1154x1536.jpg 1154w, https:\/\/stpierre-teille.fr\/wp-content\/uploads\/2022\/05\/IMG_20220503_100819.jpg 1442w\" sizes=\"auto, (max-width: 225px) 100vw, 225px\" \/><\/a> <a href=\"https:\/\/stpierre-teille.fr\/wp-content\/uploads\/2022\/05\/IMG_20220503_102141.jpg\"><img loading=\"lazy\" decoding=\"async\" class=\" wp-image-2416 alignnone\" src=\"https:\/\/stpierre-teille.fr\/wp-content\/uploads\/2022\/05\/IMG_20220503_102141-225x300.jpg\" alt=\"\" width=\"224\" height=\"299\" srcset=\"https:\/\/stpierre-teille.fr\/wp-content\/uploads\/2022\/05\/IMG_20220503_102141-225x300.jpg 225w, https:\/\/stpierre-teille.fr\/wp-content\/uploads\/2022\/05\/IMG_20220503_102141-769x1024.jpg 769w, https:\/\/stpierre-teille.fr\/wp-content\/uploads\/2022\/05\/IMG_20220503_102141-768x1023.jpg 768w, https:\/\/stpierre-teille.fr\/wp-content\/uploads\/2022\/05\/IMG_20220503_102141-1154x1536.jpg 1154w, https:\/\/stpierre-teille.fr\/wp-content\/uploads\/2022\/05\/IMG_20220503_102141.jpg 1442w\" sizes=\"auto, (max-width: 224px) 100vw, 224px\" \/><\/a> <a href=\"https:\/\/stpierre-teille.fr\/wp-content\/uploads\/2022\/05\/IMG_20220503_102215.jpg\"><img loading=\"lazy\" decoding=\"async\" class=\"alignnone size-medium wp-image-2417\" src=\"https:\/\/stpierre-teille.fr\/wp-content\/uploads\/2022\/05\/IMG_20220503_102215-225x300.jpg\" alt=\"\" width=\"225\" height=\"300\" srcset=\"https:\/\/stpierre-teille.fr\/wp-content\/uploads\/2022\/05\/IMG_20220503_102215-225x300.jpg 225w, https:\/\/stpierre-teille.fr\/wp-content\/uploads\/2022\/05\/IMG_20220503_102215-769x1024.jpg 769w, https:\/\/stpierre-teille.fr\/wp-content\/uploads\/2022\/05\/IMG_20220503_102215-768x1023.jpg 768w, https:\/\/stpierre-teille.fr\/wp-content\/uploads\/2022\/05\/IMG_20220503_102215-1154x1536.jpg 1154w, https:\/\/stpierre-teille.fr\/wp-content\/uploads\/2022\/05\/IMG_20220503_102215.jpg 1442w\" sizes=\"auto, (max-width: 225px) 100vw, 225px\" \/><\/a><\/p>\n","protected":false},"excerpt":{"rendered":"<p>Mardi 3 Mai , Nous sommes all\u00e9s \u00e0 la biblioth\u00e8que municipale de Teill\u00e9 .Une dame nous a accueilli et nous a expliqu\u00e9 o\u00f9 \u00e9taient les livres de notre \u00e2ge , ceux pour les plus grands &#8230;Ensuite , elle nous a lu deux belles histoires , on \u00e9tait assis confortablement sur des petits coussins. Puis ,&hellip; <br \/> <a class=\"read-more\" href=\"https:\/\/stpierre-teille.fr\/?p=2414\">Lire la suite<\/a><\/p>\n","protected":false},"author":7,"featured_media":2417,"comment_status":"closed","ping_status":"closed","sticky":false,"template":"","format":"standard","meta":{"ngg_post_thumbnail":0,"footnotes":""},"categories":[1,9],"tags":[],"class_list":["post-2414","post","type-post","status-publish","format-standard","has-post-thumbnail","hentry","category-non-classe","category-vie-des-classes"],"_links":{"self":[{"href":"https:\/\/stpierre-teille.fr\/index.php?rest_route=\/wp\/v2\/posts\/2414","targetHints":{"allow":["GET"]}}],"collection":[{"href":"https:\/\/stpierre-teille.fr\/index.php?rest_route=\/wp\/v2\/posts"}],"about":[{"href":"https:\/\/stpierre-teille.fr\/index.php?rest_route=\/wp\/v2\/types\/post"}],"author":[{"embeddable":true,"href":"https:\/\/stpierre-teille.fr\/index.php?rest_route=\/wp\/v2\/users\/7"}],"replies":[{"embeddable":true,"href":"https:\/\/stpierre-teille.fr\/index.php?rest_route=%2Fwp%2Fv2%2Fcomments&post=2414"}],"version-history":[{"count":2,"href":"https:\/\/stpierre-teille.fr\/index.php?rest_route=\/wp\/v2\/posts\/2414\/revisions"}],"predecessor-version":[{"id":2421,"href":"https:\/\/stpierre-teille.fr\/index.php?rest_route=\/wp\/v2\/posts\/2414\/revisions\/2421"}],"wp:featuredmedia":[{"embeddable":true,"href":"https:\/\/stpierre-teille.fr\/index.php?rest_route=\/wp\/v2\/media\/2417"}],"wp:attachment":[{"href":"https:\/\/stpierre-teille.fr\/index.php?rest_route=%2Fwp%2Fv2%2Fmedia&parent=2414"}],"wp:term":[{"taxonomy":"category","embeddable":true,"href":"https:\/\/stpierre-teille.fr\/index.php?rest_route=%2Fwp%2Fv2%2Fcategories&post=2414"},{"taxonomy":"post_tag","embeddable":true,"href":"https:\/\/stpierre-teille.fr\/index.php?rest_route=%2Fwp%2Fv2%2Ftags&post=2414"}],"curies":[{"name":"wp","href":"https:\/\/api.w.org\/{rel}","templated":true}]}}