{"id":2357,"date":"2022-03-29T17:03:26","date_gmt":"2022-03-29T16:03:26","guid":{"rendered":"https:\/\/stpierre-teille.fr\/?p=2357"},"modified":"2022-03-29T17:03:26","modified_gmt":"2022-03-29T16:03:26","slug":"animation-sur-les-plantes-fossiles","status":"publish","type":"post","link":"https:\/\/stpierre-teille.fr\/?p=2357","title":{"rendered":"Animation sur les plantes fossiles !"},"content":{"rendered":"<p><strong><em>Le patrimoine minier de Mouzeil, Teill\u00e9 et M\u00e9sanger (Loire Atlantique) : fleurons de l\u2019\u00e8re industrielle.<\/em><\/strong><\/p>\n<p>La classe de CE2-CM1-CM2 a b\u00e9n\u00e9fici\u00e9 d\u2019une intervention de Mme C. Strullu-Derrien (chercheur en Pal\u00e9obotanique) le jeudi 24 mars 2022. L\u2019intervention avait pour but d\u2019expliquer aux \u00e9l\u00e8ves la for\u00eat qui existait il y a plus de 300 millions d\u2019anne\u0301es, l\u00e0 o\u00f9 ils vivent aujourd\u2019hui (\u00e0 partir des \u00e9chantillons qui ont e\u0301te\u0301 re\u0301colte\u0301s dans les mines).<\/p>\n<p>Diff\u00e9rents axes ont \u00e9t\u00e9s mis en avant : types de plantes et de for\u00eat, changement climatique, pr\u00e9servation du patrimoine, carri\u00e8re scientifique.<\/p>\n<p>Suite \u00e0 cette intervention, les \u00e9l\u00e8ves vont r\u00e9aliser une oeuvre artistique (maquette, peinture, &#8230;) en imaginant la for\u00eat telle qu&rsquo;elle \u00e9tait il y a plus de 300 millions d&rsquo;ann\u00e9es. Ces oeuvres seront expos\u00e9es au Ch\u00e2teau de Cop Choux le samedi 30 avril prochain.<\/p>\n<p><a href=\"https:\/\/stpierre-teille.fr\/wp-content\/uploads\/2022\/03\/1648569009933.jpg\"><img loading=\"lazy\" decoding=\"async\" class=\"aligncenter size-medium wp-image-2356\" src=\"https:\/\/stpierre-teille.fr\/wp-content\/uploads\/2022\/03\/1648569009933-300x225.jpg\" alt=\"\" width=\"300\" height=\"225\" srcset=\"https:\/\/stpierre-teille.fr\/wp-content\/uploads\/2022\/03\/1648569009933-300x225.jpg 300w, https:\/\/stpierre-teille.fr\/wp-content\/uploads\/2022\/03\/1648569009933-1024x769.jpg 1024w, https:\/\/stpierre-teille.fr\/wp-content\/uploads\/2022\/03\/1648569009933-768x577.jpg 768w, https:\/\/stpierre-teille.fr\/wp-content\/uploads\/2022\/03\/1648569009933-1536x1154.jpg 1536w, https:\/\/stpierre-teille.fr\/wp-content\/uploads\/2022\/03\/1648569009933.jpg 1920w\" sizes=\"auto, (max-width: 300px) 100vw, 300px\" \/><\/a> <a href=\"https:\/\/stpierre-teille.fr\/wp-content\/uploads\/2022\/03\/1648569009935.jpg\"><img loading=\"lazy\" decoding=\"async\" class=\"aligncenter size-medium wp-image-2355\" src=\"https:\/\/stpierre-teille.fr\/wp-content\/uploads\/2022\/03\/1648569009935-300x225.jpg\" alt=\"\" width=\"300\" height=\"225\" srcset=\"https:\/\/stpierre-teille.fr\/wp-content\/uploads\/2022\/03\/1648569009935-300x225.jpg 300w, https:\/\/stpierre-teille.fr\/wp-content\/uploads\/2022\/03\/1648569009935-1024x769.jpg 1024w, https:\/\/stpierre-teille.fr\/wp-content\/uploads\/2022\/03\/1648569009935-768x577.jpg 768w, https:\/\/stpierre-teille.fr\/wp-content\/uploads\/2022\/03\/1648569009935-1536x1154.jpg 1536w, https:\/\/stpierre-teille.fr\/wp-content\/uploads\/2022\/03\/1648569009935.jpg 1920w\" sizes=\"auto, (max-width: 300px) 100vw, 300px\" \/><\/a> <a href=\"https:\/\/stpierre-teille.fr\/wp-content\/uploads\/2022\/03\/1648569009937.jpg\"><img loading=\"lazy\" decoding=\"async\" class=\"aligncenter size-medium wp-image-2354\" src=\"https:\/\/stpierre-teille.fr\/wp-content\/uploads\/2022\/03\/1648569009937-225x300.jpg\" alt=\"\" width=\"225\" height=\"300\" srcset=\"https:\/\/stpierre-teille.fr\/wp-content\/uploads\/2022\/03\/1648569009937-225x300.jpg 225w, https:\/\/stpierre-teille.fr\/wp-content\/uploads\/2022\/03\/1648569009937-769x1024.jpg 769w, https:\/\/stpierre-teille.fr\/wp-content\/uploads\/2022\/03\/1648569009937-768x1023.jpg 768w, https:\/\/stpierre-teille.fr\/wp-content\/uploads\/2022\/03\/1648569009937-1154x1536.jpg 1154w, https:\/\/stpierre-teille.fr\/wp-content\/uploads\/2022\/03\/1648569009937.jpg 1442w\" sizes=\"auto, (max-width: 225px) 100vw, 225px\" \/><\/a> <a href=\"https:\/\/stpierre-teille.fr\/wp-content\/uploads\/2022\/03\/1648569009940.jpg\"><img loading=\"lazy\" decoding=\"async\" class=\"aligncenter size-medium wp-image-2353\" src=\"https:\/\/stpierre-teille.fr\/wp-content\/uploads\/2022\/03\/1648569009940-300x225.jpg\" alt=\"\" width=\"300\" height=\"225\" srcset=\"https:\/\/stpierre-teille.fr\/wp-content\/uploads\/2022\/03\/1648569009940-300x225.jpg 300w, https:\/\/stpierre-teille.fr\/wp-content\/uploads\/2022\/03\/1648569009940-1024x769.jpg 1024w, https:\/\/stpierre-teille.fr\/wp-content\/uploads\/2022\/03\/1648569009940-768x577.jpg 768w, https:\/\/stpierre-teille.fr\/wp-content\/uploads\/2022\/03\/1648569009940-1536x1154.jpg 1536w, https:\/\/stpierre-teille.fr\/wp-content\/uploads\/2022\/03\/1648569009940.jpg 1920w\" sizes=\"auto, (max-width: 300px) 100vw, 300px\" \/><\/a><\/p>\n","protected":false},"excerpt":{"rendered":"<p>Le patrimoine minier de Mouzeil, Teill\u00e9 et M\u00e9sanger (Loire Atlantique) : fleurons de l\u2019\u00e8re industrielle. La classe de CE2-CM1-CM2 a b\u00e9n\u00e9fici\u00e9 d\u2019une intervention de Mme C. Strullu-Derrien (chercheur en Pal\u00e9obotanique) le jeudi 24 mars 2022. L\u2019intervention avait pour but d\u2019expliquer aux \u00e9l\u00e8ves la for\u00eat qui existait il y a plus de 300 millions d\u2019anne\u0301es, l\u00e0&hellip; <br \/> <a class=\"read-more\" href=\"https:\/\/stpierre-teille.fr\/?p=2357\">Lire la suite<\/a><\/p>\n","protected":false},"author":2,"featured_media":2353,"comment_status":"closed","ping_status":"closed","sticky":false,"template":"","format":"standard","meta":{"ngg_post_thumbnail":0,"footnotes":""},"categories":[9],"tags":[],"class_list":["post-2357","post","type-post","status-publish","format-standard","has-post-thumbnail","hentry","category-vie-des-classes"],"_links":{"self":[{"href":"https:\/\/stpierre-teille.fr\/index.php?rest_route=\/wp\/v2\/posts\/2357","targetHints":{"allow":["GET"]}}],"collection":[{"href":"https:\/\/stpierre-teille.fr\/index.php?rest_route=\/wp\/v2\/posts"}],"about":[{"href":"https:\/\/stpierre-teille.fr\/index.php?rest_route=\/wp\/v2\/types\/post"}],"author":[{"embeddable":true,"href":"https:\/\/stpierre-teille.fr\/index.php?rest_route=\/wp\/v2\/users\/2"}],"replies":[{"embeddable":true,"href":"https:\/\/stpierre-teille.fr\/index.php?rest_route=%2Fwp%2Fv2%2Fcomments&post=2357"}],"version-history":[{"count":1,"href":"https:\/\/stpierre-teille.fr\/index.php?rest_route=\/wp\/v2\/posts\/2357\/revisions"}],"predecessor-version":[{"id":2358,"href":"https:\/\/stpierre-teille.fr\/index.php?rest_route=\/wp\/v2\/posts\/2357\/revisions\/2358"}],"wp:featuredmedia":[{"embeddable":true,"href":"https:\/\/stpierre-teille.fr\/index.php?rest_route=\/wp\/v2\/media\/2353"}],"wp:attachment":[{"href":"https:\/\/stpierre-teille.fr\/index.php?rest_route=%2Fwp%2Fv2%2Fmedia&parent=2357"}],"wp:term":[{"taxonomy":"category","embeddable":true,"href":"https:\/\/stpierre-teille.fr\/index.php?rest_route=%2Fwp%2Fv2%2Fcategories&post=2357"},{"taxonomy":"post_tag","embeddable":true,"href":"https:\/\/stpierre-teille.fr\/index.php?rest_route=%2Fwp%2Fv2%2Ftags&post=2357"}],"curies":[{"name":"wp","href":"https:\/\/api.w.org\/{rel}","templated":true}]}}