{"id":2350,"date":"2022-03-25T09:32:33","date_gmt":"2022-03-25T08:32:33","guid":{"rendered":"https:\/\/stpierre-teille.fr\/?p=2350"},"modified":"2023-09-09T18:55:41","modified_gmt":"2023-09-09T17:55:41","slug":"le-mardi-cest-velo","status":"publish","type":"post","link":"https:\/\/stpierre-teille.fr\/?p=2350","title":{"rendered":"Le Vendredi, c&rsquo;est v\u00e9lo !"},"content":{"rendered":"<div class=\"\" dir=\"auto\">\n<div id=\":r78:\" class=\"x1iorvi4 x1pi30zi x1l90r2v x1swvt13\" data-ad-comet-preview=\"message\" data-ad-preview=\"message\">\n<div class=\"x78zum5 xdt5ytf xz62fqu x16ldp7u\">\n<div class=\"xu06os2 x1ok221b\">\n<div class=\"xdj266r x11i5rnm xat24cr x1mh8g0r x1vvkbs x126k92a\">\n<div dir=\"auto\">Les \u00e9l\u00e8ves de CM2 ont d\u00e9but\u00e9 un module de natation scolaire le 8 septembre. Avec les \u00e9l\u00e8ves de CE2 et CM1 qui restent \u00e0 l&rsquo;\u00e9cole, nous travaillons la comp\u00e9tence \u00ab\u00a0Adapter ses d\u00e9placements \u00e0 des environnements vari\u00e9s\u00a0\u00bb \u00e0 travers l&rsquo;activit\u00e9 v\u00e9lo. Nous serons amen\u00e9s \u00e0 circuler sur la route, sur la voie verte, autour du plan d&rsquo;eau &#8230;<\/div>\n<div dir=\"auto\"><a href=\"https:\/\/stpierre-teille.fr\/wp-content\/uploads\/2023\/09\/1694281418869-scaled.jpg\"><img loading=\"lazy\" decoding=\"async\" class=\"aligncenter size-medium wp-image-2936\" src=\"https:\/\/stpierre-teille.fr\/wp-content\/uploads\/2023\/09\/1694281418869-225x300.jpg\" alt=\"\" width=\"225\" height=\"300\" srcset=\"https:\/\/stpierre-teille.fr\/wp-content\/uploads\/2023\/09\/1694281418869-225x300.jpg 225w, https:\/\/stpierre-teille.fr\/wp-content\/uploads\/2023\/09\/1694281418869-769x1024.jpg 769w, https:\/\/stpierre-teille.fr\/wp-content\/uploads\/2023\/09\/1694281418869-768x1023.jpg 768w, https:\/\/stpierre-teille.fr\/wp-content\/uploads\/2023\/09\/1694281418869-1153x1536.jpg 1153w, https:\/\/stpierre-teille.fr\/wp-content\/uploads\/2023\/09\/1694281418869-1538x2048.jpg 1538w, https:\/\/stpierre-teille.fr\/wp-content\/uploads\/2023\/09\/1694281418869-1024x1364.jpg 1024w, https:\/\/stpierre-teille.fr\/wp-content\/uploads\/2023\/09\/1694281418869-811x1080.jpg 811w, https:\/\/stpierre-teille.fr\/wp-content\/uploads\/2023\/09\/1694281418869-scaled.jpg 1922w\" sizes=\"auto, (max-width: 225px) 100vw, 225px\" \/><\/a><\/div>\n<\/div>\n<\/div>\n<\/div>\n<\/div>\n<\/div>\n<p>&nbsp;<\/p>\n<p>&nbsp;<\/p>\n","protected":false},"excerpt":{"rendered":"<p>Les \u00e9l\u00e8ves de CM2 ont d\u00e9but\u00e9 un module de natation scolaire le 8 septembre. Avec les \u00e9l\u00e8ves de CE2 et CM1 qui restent \u00e0 l&rsquo;\u00e9cole, nous travaillons la comp\u00e9tence \u00ab\u00a0Adapter ses d\u00e9placements \u00e0 des environnements vari\u00e9s\u00a0\u00bb \u00e0 travers l&rsquo;activit\u00e9 v\u00e9lo. Nous serons amen\u00e9s \u00e0 circuler sur la route, sur la voie verte, autour du plan&hellip; <br \/> <a class=\"read-more\" href=\"https:\/\/stpierre-teille.fr\/?p=2350\">Lire la suite<\/a><\/p>\n","protected":false},"author":2,"featured_media":2936,"comment_status":"closed","ping_status":"closed","sticky":false,"template":"","format":"standard","meta":{"ngg_post_thumbnail":0,"footnotes":""},"categories":[1,9],"tags":[],"class_list":["post-2350","post","type-post","status-publish","format-standard","has-post-thumbnail","hentry","category-non-classe","category-vie-des-classes"],"_links":{"self":[{"href":"https:\/\/stpierre-teille.fr\/index.php?rest_route=\/wp\/v2\/posts\/2350","targetHints":{"allow":["GET"]}}],"collection":[{"href":"https:\/\/stpierre-teille.fr\/index.php?rest_route=\/wp\/v2\/posts"}],"about":[{"href":"https:\/\/stpierre-teille.fr\/index.php?rest_route=\/wp\/v2\/types\/post"}],"author":[{"embeddable":true,"href":"https:\/\/stpierre-teille.fr\/index.php?rest_route=\/wp\/v2\/users\/2"}],"replies":[{"embeddable":true,"href":"https:\/\/stpierre-teille.fr\/index.php?rest_route=%2Fwp%2Fv2%2Fcomments&post=2350"}],"version-history":[{"count":3,"href":"https:\/\/stpierre-teille.fr\/index.php?rest_route=\/wp\/v2\/posts\/2350\/revisions"}],"predecessor-version":[{"id":2935,"href":"https:\/\/stpierre-teille.fr\/index.php?rest_route=\/wp\/v2\/posts\/2350\/revisions\/2935"}],"wp:featuredmedia":[{"embeddable":true,"href":"https:\/\/stpierre-teille.fr\/index.php?rest_route=\/wp\/v2\/media\/2936"}],"wp:attachment":[{"href":"https:\/\/stpierre-teille.fr\/index.php?rest_route=%2Fwp%2Fv2%2Fmedia&parent=2350"}],"wp:term":[{"taxonomy":"category","embeddable":true,"href":"https:\/\/stpierre-teille.fr\/index.php?rest_route=%2Fwp%2Fv2%2Fcategories&post=2350"},{"taxonomy":"post_tag","embeddable":true,"href":"https:\/\/stpierre-teille.fr\/index.php?rest_route=%2Fwp%2Fv2%2Ftags&post=2350"}],"curies":[{"name":"wp","href":"https:\/\/api.w.org\/{rel}","templated":true}]}}