{"id":2346,"date":"2022-03-25T09:09:03","date_gmt":"2022-03-25T08:09:03","guid":{"rendered":"https:\/\/stpierre-teille.fr\/?p=2346"},"modified":"2022-03-25T09:09:03","modified_gmt":"2022-03-25T08:09:03","slug":"parcours-eac-lectures-de-limaginaire-pour-les-ce2-cm1-cm2","status":"publish","type":"post","link":"https:\/\/stpierre-teille.fr\/?p=2346","title":{"rendered":"Parcours EAC \u00ab\u00a0Lectures de l\u2019imaginaire\u00a0\u00bb pour les CE2-CM1-CM2"},"content":{"rendered":"<p>La classe des CE2-CM1-CM2 a \u00e9t\u00e9 retenue pour un parcours d\u2019EAC (Enseignement artistique et culturel) \u00ab\u00a0Lectures de l&rsquo;imaginaire&nbsp;: Fantastique et Fantasy\u00a0\u00bb propos\u00e9 par la COMPA.<\/p>\n<p>Au programme&nbsp;: D\u00e9finitions et d\u00e9couvertes autour d\u2019une s\u00e9lection de livres, cr\u00e9ation d\u2019un univers onirique gr\u00e2ce \u00e0 l\u2019application Fabric\u00e0brac, retour des avis de lecture sur la s\u00e9lection \u00e0 la mani\u00e8re des speed booking. La 1<sup>\u00e8re<\/sup> intervention a eu lieu le mardi 8 mars de 14h30 \u00e0 15h30 \u00e0 la biblioth\u00e8que. Les deux autres rencontres sont pr\u00e9vues le vendredi 18 mars et le vendredi 1<sup>er<\/sup> avril 2022 en d\u00e9but d\u2019apr\u00e8s-midi.<\/p>\n<p><a href=\"https:\/\/stpierre-teille.fr\/wp-content\/uploads\/2022\/03\/1648193958097.jpg\"><img loading=\"lazy\" decoding=\"async\" class=\"aligncenter size-medium wp-image-2344\" src=\"https:\/\/stpierre-teille.fr\/wp-content\/uploads\/2022\/03\/1648193958097-225x300.jpg\" alt=\"\" width=\"225\" height=\"300\" srcset=\"https:\/\/stpierre-teille.fr\/wp-content\/uploads\/2022\/03\/1648193958097-225x300.jpg 225w, https:\/\/stpierre-teille.fr\/wp-content\/uploads\/2022\/03\/1648193958097-769x1024.jpg 769w, https:\/\/stpierre-teille.fr\/wp-content\/uploads\/2022\/03\/1648193958097-768x1023.jpg 768w, https:\/\/stpierre-teille.fr\/wp-content\/uploads\/2022\/03\/1648193958097-1154x1536.jpg 1154w, https:\/\/stpierre-teille.fr\/wp-content\/uploads\/2022\/03\/1648193958097.jpg 1442w\" sizes=\"auto, (max-width: 225px) 100vw, 225px\" \/><\/a> <a href=\"https:\/\/stpierre-teille.fr\/wp-content\/uploads\/2022\/03\/1648193958102.jpg\"><img loading=\"lazy\" decoding=\"async\" class=\"aligncenter size-medium wp-image-2342\" src=\"https:\/\/stpierre-teille.fr\/wp-content\/uploads\/2022\/03\/1648193958102-300x225.jpg\" alt=\"\" width=\"300\" height=\"225\" srcset=\"https:\/\/stpierre-teille.fr\/wp-content\/uploads\/2022\/03\/1648193958102-300x225.jpg 300w, https:\/\/stpierre-teille.fr\/wp-content\/uploads\/2022\/03\/1648193958102-1024x769.jpg 1024w, https:\/\/stpierre-teille.fr\/wp-content\/uploads\/2022\/03\/1648193958102-768x577.jpg 768w, https:\/\/stpierre-teille.fr\/wp-content\/uploads\/2022\/03\/1648193958102-1536x1154.jpg 1536w, https:\/\/stpierre-teille.fr\/wp-content\/uploads\/2022\/03\/1648193958102.jpg 1920w\" sizes=\"auto, (max-width: 300px) 100vw, 300px\" \/><\/a><\/p>\n","protected":false},"excerpt":{"rendered":"<p>La classe des CE2-CM1-CM2 a \u00e9t\u00e9 retenue pour un parcours d\u2019EAC (Enseignement artistique et culturel) \u00ab\u00a0Lectures de l&rsquo;imaginaire&nbsp;: Fantastique et Fantasy\u00a0\u00bb propos\u00e9 par la COMPA. Au programme&nbsp;: D\u00e9finitions et d\u00e9couvertes autour d\u2019une s\u00e9lection de livres, cr\u00e9ation d\u2019un univers onirique gr\u00e2ce \u00e0 l\u2019application Fabric\u00e0brac, retour des avis de lecture sur la s\u00e9lection \u00e0 la mani\u00e8re des&hellip; <br \/> <a class=\"read-more\" href=\"https:\/\/stpierre-teille.fr\/?p=2346\">Lire la suite<\/a><\/p>\n","protected":false},"author":2,"featured_media":2344,"comment_status":"closed","ping_status":"closed","sticky":false,"template":"","format":"standard","meta":{"ngg_post_thumbnail":0,"footnotes":""},"categories":[9],"tags":[],"class_list":["post-2346","post","type-post","status-publish","format-standard","has-post-thumbnail","hentry","category-vie-des-classes"],"_links":{"self":[{"href":"https:\/\/stpierre-teille.fr\/index.php?rest_route=\/wp\/v2\/posts\/2346","targetHints":{"allow":["GET"]}}],"collection":[{"href":"https:\/\/stpierre-teille.fr\/index.php?rest_route=\/wp\/v2\/posts"}],"about":[{"href":"https:\/\/stpierre-teille.fr\/index.php?rest_route=\/wp\/v2\/types\/post"}],"author":[{"embeddable":true,"href":"https:\/\/stpierre-teille.fr\/index.php?rest_route=\/wp\/v2\/users\/2"}],"replies":[{"embeddable":true,"href":"https:\/\/stpierre-teille.fr\/index.php?rest_route=%2Fwp%2Fv2%2Fcomments&post=2346"}],"version-history":[{"count":1,"href":"https:\/\/stpierre-teille.fr\/index.php?rest_route=\/wp\/v2\/posts\/2346\/revisions"}],"predecessor-version":[{"id":2347,"href":"https:\/\/stpierre-teille.fr\/index.php?rest_route=\/wp\/v2\/posts\/2346\/revisions\/2347"}],"wp:featuredmedia":[{"embeddable":true,"href":"https:\/\/stpierre-teille.fr\/index.php?rest_route=\/wp\/v2\/media\/2344"}],"wp:attachment":[{"href":"https:\/\/stpierre-teille.fr\/index.php?rest_route=%2Fwp%2Fv2%2Fmedia&parent=2346"}],"wp:term":[{"taxonomy":"category","embeddable":true,"href":"https:\/\/stpierre-teille.fr\/index.php?rest_route=%2Fwp%2Fv2%2Fcategories&post=2346"},{"taxonomy":"post_tag","embeddable":true,"href":"https:\/\/stpierre-teille.fr\/index.php?rest_route=%2Fwp%2Fv2%2Ftags&post=2346"}],"curies":[{"name":"wp","href":"https:\/\/api.w.org\/{rel}","templated":true}]}}