{"id":2336,"date":"2022-03-13T11:32:20","date_gmt":"2022-03-13T10:32:20","guid":{"rendered":"https:\/\/stpierre-teille.fr\/?p=2336"},"modified":"2022-03-13T11:34:24","modified_gmt":"2022-03-13T10:34:24","slug":"sortie-dans-le-bourg-de-teille-avec-larmat","status":"publish","type":"post","link":"https:\/\/stpierre-teille.fr\/?p=2336","title":{"rendered":"SORTIE DANS LE BOURG DE TEILLE AVEC L&rsquo;ARMAT"},"content":{"rendered":"<p>Le jeudi 3 mars 2022, nous avons fait la visite du bourg de Teill\u00e9 avec l\u2019ARMAT.<\/p>\n<p><a href=\"https:\/\/stpierre-teille.fr\/wp-content\/uploads\/2022\/03\/IMG_2307.jpg\"><img loading=\"lazy\" decoding=\"async\" class=\"size-medium wp-image-2325 alignnone\" src=\"https:\/\/stpierre-teille.fr\/wp-content\/uploads\/2022\/03\/IMG_2307-300x225.jpg\" alt=\"\" width=\"300\" height=\"225\" srcset=\"https:\/\/stpierre-teille.fr\/wp-content\/uploads\/2022\/03\/IMG_2307-300x225.jpg 300w, https:\/\/stpierre-teille.fr\/wp-content\/uploads\/2022\/03\/IMG_2307-1024x768.jpg 1024w, https:\/\/stpierre-teille.fr\/wp-content\/uploads\/2022\/03\/IMG_2307-768x576.jpg 768w, https:\/\/stpierre-teille.fr\/wp-content\/uploads\/2022\/03\/IMG_2307-1536x1152.jpg 1536w, https:\/\/stpierre-teille.fr\/wp-content\/uploads\/2022\/03\/IMG_2307.jpg 1920w\" sizes=\"auto, (max-width: 300px) 100vw, 300px\" \/><\/a><a href=\"https:\/\/stpierre-teille.fr\/wp-content\/uploads\/2022\/03\/CZTX7221.jpg\"><img loading=\"lazy\" decoding=\"async\" class=\"size-medium wp-image-2319 aligncenter\" src=\"https:\/\/stpierre-teille.fr\/wp-content\/uploads\/2022\/03\/CZTX7221-225x300.jpg\" alt=\"\" width=\"225\" height=\"300\" srcset=\"https:\/\/stpierre-teille.fr\/wp-content\/uploads\/2022\/03\/CZTX7221-225x300.jpg 225w, https:\/\/stpierre-teille.fr\/wp-content\/uploads\/2022\/03\/CZTX7221-768x1024.jpg 768w, https:\/\/stpierre-teille.fr\/wp-content\/uploads\/2022\/03\/CZTX7221-1152x1536.jpg 1152w, https:\/\/stpierre-teille.fr\/wp-content\/uploads\/2022\/03\/CZTX7221.jpg 1200w\" sizes=\"auto, (max-width: 225px) 100vw, 225px\" \/><\/a><\/p>\n<p>On s&rsquo;est aid\u00e9 d&rsquo;un plan pour visualiser notre parcours.<\/p>\n<p><a href=\"https:\/\/stpierre-teille.fr\/wp-content\/uploads\/2022\/03\/AMNN2850.jpg\"><img loading=\"lazy\" decoding=\"async\" class=\"alignnone size-medium wp-image-2317\" src=\"https:\/\/stpierre-teille.fr\/wp-content\/uploads\/2022\/03\/AMNN2850-225x300.jpg\" alt=\"\" width=\"225\" height=\"300\" srcset=\"https:\/\/stpierre-teille.fr\/wp-content\/uploads\/2022\/03\/AMNN2850-225x300.jpg 225w, https:\/\/stpierre-teille.fr\/wp-content\/uploads\/2022\/03\/AMNN2850-768x1024.jpg 768w, https:\/\/stpierre-teille.fr\/wp-content\/uploads\/2022\/03\/AMNN2850-1152x1536.jpg 1152w, https:\/\/stpierre-teille.fr\/wp-content\/uploads\/2022\/03\/AMNN2850.jpg 1200w\" sizes=\"auto, (max-width: 225px) 100vw, 225px\" \/><\/a><\/p>\n<p>Nous nous sommes arr\u00eat\u00e9s \u00e0 diff\u00e9rents endroits pour comparer le bourg d\u2019aujourd\u2019hui avec celui d\u2019il y a plus de 50 ans et observer des vestiges de ces ann\u00e9es-l\u00e0.<\/p>\n<p><a href=\"https:\/\/stpierre-teille.fr\/wp-content\/uploads\/2022\/03\/IMG_2312.jpg\"><img loading=\"lazy\" decoding=\"async\" class=\"size-medium wp-image-2327 alignnone\" src=\"https:\/\/stpierre-teille.fr\/wp-content\/uploads\/2022\/03\/IMG_2312-225x300.jpg\" alt=\"\" width=\"225\" height=\"300\" srcset=\"https:\/\/stpierre-teille.fr\/wp-content\/uploads\/2022\/03\/IMG_2312-225x300.jpg 225w, https:\/\/stpierre-teille.fr\/wp-content\/uploads\/2022\/03\/IMG_2312-768x1024.jpg 768w, https:\/\/stpierre-teille.fr\/wp-content\/uploads\/2022\/03\/IMG_2312-1152x1536.jpg 1152w, https:\/\/stpierre-teille.fr\/wp-content\/uploads\/2022\/03\/IMG_2312.jpg 1440w\" sizes=\"auto, (max-width: 225px) 100vw, 225px\" \/><\/a><img loading=\"lazy\" decoding=\"async\" class=\"size-medium wp-image-2329 aligncenter\" src=\"https:\/\/stpierre-teille.fr\/wp-content\/uploads\/2022\/03\/KNFY8042-300x225.jpg\" alt=\"\" width=\"300\" height=\"225\" srcset=\"https:\/\/stpierre-teille.fr\/wp-content\/uploads\/2022\/03\/KNFY8042-300x225.jpg 300w, https:\/\/stpierre-teille.fr\/wp-content\/uploads\/2022\/03\/KNFY8042-1024x768.jpg 1024w, https:\/\/stpierre-teille.fr\/wp-content\/uploads\/2022\/03\/KNFY8042-768x576.jpg 768w, https:\/\/stpierre-teille.fr\/wp-content\/uploads\/2022\/03\/KNFY8042-1536x1152.jpg 1536w, https:\/\/stpierre-teille.fr\/wp-content\/uploads\/2022\/03\/KNFY8042.jpg 1600w\" sizes=\"auto, (max-width: 300px) 100vw, 300px\" \/><\/p>\n<p>Il reste quelques \u00e9l\u00e9ments du pass\u00e9\u00a0:<\/p>\n<p>&#8211; les anneaux qui servaient \u00e0 attacher les chevaux\u00a0;<\/p>\n<p><a href=\"https:\/\/stpierre-teille.fr\/wp-content\/uploads\/2022\/03\/EQSC8263.jpg\"><img loading=\"lazy\" decoding=\"async\" class=\"alignnone size-medium wp-image-2338\" src=\"https:\/\/stpierre-teille.fr\/wp-content\/uploads\/2022\/03\/EQSC8263-225x300.jpg\" alt=\"\" width=\"225\" height=\"300\" srcset=\"https:\/\/stpierre-teille.fr\/wp-content\/uploads\/2022\/03\/EQSC8263-225x300.jpg 225w, https:\/\/stpierre-teille.fr\/wp-content\/uploads\/2022\/03\/EQSC8263-768x1024.jpg 768w, https:\/\/stpierre-teille.fr\/wp-content\/uploads\/2022\/03\/EQSC8263-1152x1536.jpg 1152w, https:\/\/stpierre-teille.fr\/wp-content\/uploads\/2022\/03\/EQSC8263.jpg 1200w\" sizes=\"auto, (max-width: 225px) 100vw, 225px\" \/><\/a><\/p>\n<p>&#8211; la pr\u00e9sence d\u2019un fer \u00e0 cheval qui montre qu\u2019\u00e0 cet endroit, logeait un forgeron.<\/p>\n<p><a href=\"https:\/\/stpierre-teille.fr\/wp-content\/uploads\/2022\/03\/HLFQ5338.jpg\"><img loading=\"lazy\" decoding=\"async\" class=\"size-medium wp-image-2324 aligncenter\" src=\"https:\/\/stpierre-teille.fr\/wp-content\/uploads\/2022\/03\/HLFQ5338-300x225.jpg\" alt=\"\" width=\"300\" height=\"225\" srcset=\"https:\/\/stpierre-teille.fr\/wp-content\/uploads\/2022\/03\/HLFQ5338-300x225.jpg 300w, https:\/\/stpierre-teille.fr\/wp-content\/uploads\/2022\/03\/HLFQ5338-1024x768.jpg 1024w, https:\/\/stpierre-teille.fr\/wp-content\/uploads\/2022\/03\/HLFQ5338-768x576.jpg 768w, https:\/\/stpierre-teille.fr\/wp-content\/uploads\/2022\/03\/HLFQ5338-1536x1152.jpg 1536w, https:\/\/stpierre-teille.fr\/wp-content\/uploads\/2022\/03\/HLFQ5338.jpg 1600w\" sizes=\"auto, (max-width: 300px) 100vw, 300px\" \/><\/a><\/p>\n<p>&#8211; les rails de l\u2019ancienne voie ferr\u00e9e avec la halte ;<\/p>\n<p><a href=\"https:\/\/stpierre-teille.fr\/wp-content\/uploads\/2022\/03\/IMG_2309.jpg\"><img loading=\"lazy\" decoding=\"async\" class=\"size-medium wp-image-2326 alignnone\" src=\"https:\/\/stpierre-teille.fr\/wp-content\/uploads\/2022\/03\/IMG_2309-225x300.jpg\" alt=\"\" width=\"225\" height=\"300\" srcset=\"https:\/\/stpierre-teille.fr\/wp-content\/uploads\/2022\/03\/IMG_2309-225x300.jpg 225w, https:\/\/stpierre-teille.fr\/wp-content\/uploads\/2022\/03\/IMG_2309-768x1024.jpg 768w, https:\/\/stpierre-teille.fr\/wp-content\/uploads\/2022\/03\/IMG_2309-1152x1536.jpg 1152w, https:\/\/stpierre-teille.fr\/wp-content\/uploads\/2022\/03\/IMG_2309.jpg 1440w\" sizes=\"auto, (max-width: 225px) 100vw, 225px\" \/><\/a><\/p>\n<p>&#8211; la pr\u00e9sence d\u2019un lavoir au bord du plan d\u2019eau\u00a0;<\/p>\n<p><a href=\"https:\/\/stpierre-teille.fr\/wp-content\/uploads\/2022\/03\/DKPJ8933.jpg\"><img loading=\"lazy\" decoding=\"async\" class=\"size-medium wp-image-2321 aligncenter\" src=\"https:\/\/stpierre-teille.fr\/wp-content\/uploads\/2022\/03\/DKPJ8933-225x300.jpg\" alt=\"\" width=\"225\" height=\"300\" srcset=\"https:\/\/stpierre-teille.fr\/wp-content\/uploads\/2022\/03\/DKPJ8933-225x300.jpg 225w, https:\/\/stpierre-teille.fr\/wp-content\/uploads\/2022\/03\/DKPJ8933-768x1024.jpg 768w, https:\/\/stpierre-teille.fr\/wp-content\/uploads\/2022\/03\/DKPJ8933-1152x1536.jpg 1152w, https:\/\/stpierre-teille.fr\/wp-content\/uploads\/2022\/03\/DKPJ8933.jpg 1200w\" sizes=\"auto, (max-width: 225px) 100vw, 225px\" \/><\/a><\/p>\n<p>&#8211; le chemin des romains par o\u00f9 \u00e9taient mont\u00e9es les pierres pour la construction de l&rsquo;\u00e9glise ;<\/p>\n<p><a href=\"https:\/\/stpierre-teille.fr\/wp-content\/uploads\/2022\/03\/IMG_2313.jpg\"><img loading=\"lazy\" decoding=\"async\" class=\"alignnone size-medium wp-image-2328\" src=\"https:\/\/stpierre-teille.fr\/wp-content\/uploads\/2022\/03\/IMG_2313-225x300.jpg\" alt=\"\" width=\"225\" height=\"300\" srcset=\"https:\/\/stpierre-teille.fr\/wp-content\/uploads\/2022\/03\/IMG_2313-225x300.jpg 225w, https:\/\/stpierre-teille.fr\/wp-content\/uploads\/2022\/03\/IMG_2313-768x1024.jpg 768w, https:\/\/stpierre-teille.fr\/wp-content\/uploads\/2022\/03\/IMG_2313-1152x1536.jpg 1152w, https:\/\/stpierre-teille.fr\/wp-content\/uploads\/2022\/03\/IMG_2313.jpg 1440w\" sizes=\"auto, (max-width: 225px) 100vw, 225px\" \/><\/a><a href=\"https:\/\/stpierre-teille.fr\/wp-content\/uploads\/2022\/03\/BIPU8456.jpg\"><img loading=\"lazy\" decoding=\"async\" class=\"size-medium wp-image-2318 aligncenter\" src=\"https:\/\/stpierre-teille.fr\/wp-content\/uploads\/2022\/03\/BIPU8456-225x300.jpg\" alt=\"\" width=\"225\" height=\"300\" srcset=\"https:\/\/stpierre-teille.fr\/wp-content\/uploads\/2022\/03\/BIPU8456-225x300.jpg 225w, https:\/\/stpierre-teille.fr\/wp-content\/uploads\/2022\/03\/BIPU8456-768x1024.jpg 768w, https:\/\/stpierre-teille.fr\/wp-content\/uploads\/2022\/03\/BIPU8456-1152x1536.jpg 1152w, https:\/\/stpierre-teille.fr\/wp-content\/uploads\/2022\/03\/BIPU8456.jpg 1200w\" sizes=\"auto, (max-width: 225px) 100vw, 225px\" \/><\/a><a href=\"https:\/\/stpierre-teille.fr\/wp-content\/uploads\/2022\/03\/DHUZ7805.jpg\"><img loading=\"lazy\" decoding=\"async\" class=\"alignnone size-medium wp-image-2320\" src=\"https:\/\/stpierre-teille.fr\/wp-content\/uploads\/2022\/03\/DHUZ7805-225x300.jpg\" alt=\"\" width=\"225\" height=\"300\" srcset=\"https:\/\/stpierre-teille.fr\/wp-content\/uploads\/2022\/03\/DHUZ7805-225x300.jpg 225w, https:\/\/stpierre-teille.fr\/wp-content\/uploads\/2022\/03\/DHUZ7805-768x1024.jpg 768w, https:\/\/stpierre-teille.fr\/wp-content\/uploads\/2022\/03\/DHUZ7805-1152x1536.jpg 1152w, https:\/\/stpierre-teille.fr\/wp-content\/uploads\/2022\/03\/DHUZ7805.jpg 1200w\" sizes=\"auto, (max-width: 225px) 100vw, 225px\" \/><\/a><\/p>\n<p>&#8211; le panneau \u00ab teinturerie \u00bb sur une petite remise;<\/p>\n<p><a href=\"https:\/\/stpierre-teille.fr\/wp-content\/uploads\/2022\/03\/LUJE8624.jpg\"><img loading=\"lazy\" decoding=\"async\" class=\"size-medium wp-image-2330 aligncenter\" src=\"https:\/\/stpierre-teille.fr\/wp-content\/uploads\/2022\/03\/LUJE8624-300x225.jpg\" alt=\"\" width=\"300\" height=\"225\" srcset=\"https:\/\/stpierre-teille.fr\/wp-content\/uploads\/2022\/03\/LUJE8624-300x225.jpg 300w, https:\/\/stpierre-teille.fr\/wp-content\/uploads\/2022\/03\/LUJE8624-1024x768.jpg 1024w, https:\/\/stpierre-teille.fr\/wp-content\/uploads\/2022\/03\/LUJE8624-768x576.jpg 768w, https:\/\/stpierre-teille.fr\/wp-content\/uploads\/2022\/03\/LUJE8624-1536x1152.jpg 1536w, https:\/\/stpierre-teille.fr\/wp-content\/uploads\/2022\/03\/LUJE8624.jpg 1600w\" sizes=\"auto, (max-width: 300px) 100vw, 300px\" \/><\/a><a href=\"https:\/\/stpierre-teille.fr\/wp-content\/uploads\/2022\/03\/HEQZ9115.jpg\"><img loading=\"lazy\" decoding=\"async\" class=\"aligncenter wp-image-2339 size-medium\" src=\"https:\/\/stpierre-teille.fr\/wp-content\/uploads\/2022\/03\/HEQZ9115-e1646937476570-300x268.jpg\" alt=\"\" width=\"300\" height=\"268\" srcset=\"https:\/\/stpierre-teille.fr\/wp-content\/uploads\/2022\/03\/HEQZ9115-e1646937476570-300x268.jpg 300w, https:\/\/stpierre-teille.fr\/wp-content\/uploads\/2022\/03\/HEQZ9115-e1646937476570.jpg 592w\" sizes=\"auto, (max-width: 300px) 100vw, 300px\" \/><\/a><\/p>\n<p>&#8211; la porte de la chapelle qui existait sur la place du march\u00e9 et qui a \u00e9t\u00e9 r\u00e9utilis\u00e9e pour une autre b\u00e2tisse ;<\/p>\n<p><a href=\"https:\/\/stpierre-teille.fr\/wp-content\/uploads\/2022\/03\/DXQR4961.jpg\"><img loading=\"lazy\" decoding=\"async\" class=\"alignnone size-medium wp-image-2323\" src=\"https:\/\/stpierre-teille.fr\/wp-content\/uploads\/2022\/03\/DXQR4961-225x300.jpg\" alt=\"\" width=\"225\" height=\"300\" srcset=\"https:\/\/stpierre-teille.fr\/wp-content\/uploads\/2022\/03\/DXQR4961-225x300.jpg 225w, https:\/\/stpierre-teille.fr\/wp-content\/uploads\/2022\/03\/DXQR4961-768x1024.jpg 768w, https:\/\/stpierre-teille.fr\/wp-content\/uploads\/2022\/03\/DXQR4961-1152x1536.jpg 1152w, https:\/\/stpierre-teille.fr\/wp-content\/uploads\/2022\/03\/DXQR4961.jpg 1200w\" sizes=\"auto, (max-width: 225px) 100vw, 225px\" \/><\/a><a href=\"https:\/\/stpierre-teille.fr\/wp-content\/uploads\/2022\/03\/OFFQ5304.jpg\"><img loading=\"lazy\" decoding=\"async\" class=\"size-medium wp-image-2332 aligncenter\" src=\"https:\/\/stpierre-teille.fr\/wp-content\/uploads\/2022\/03\/OFFQ5304-225x300.jpg\" alt=\"\" width=\"225\" height=\"300\" srcset=\"https:\/\/stpierre-teille.fr\/wp-content\/uploads\/2022\/03\/OFFQ5304-225x300.jpg 225w, https:\/\/stpierre-teille.fr\/wp-content\/uploads\/2022\/03\/OFFQ5304-768x1024.jpg 768w, https:\/\/stpierre-teille.fr\/wp-content\/uploads\/2022\/03\/OFFQ5304-1152x1536.jpg 1152w, https:\/\/stpierre-teille.fr\/wp-content\/uploads\/2022\/03\/OFFQ5304.jpg 1200w\" sizes=\"auto, (max-width: 225px) 100vw, 225px\" \/><\/a><\/p>\n<p>&#8211; les marques sur les fa\u00e7ades des commerces existant \u00e0 cette \u00e9poque : quincailleries, \u00e9piceries, bars, h\u00f4tels&#8230;<\/p>\n<p><a href=\"https:\/\/stpierre-teille.fr\/wp-content\/uploads\/2022\/03\/DOHV9169.jpg\"><img loading=\"lazy\" decoding=\"async\" class=\"alignnone size-medium wp-image-2322\" src=\"https:\/\/stpierre-teille.fr\/wp-content\/uploads\/2022\/03\/DOHV9169-300x225.jpg\" alt=\"\" width=\"300\" height=\"225\" srcset=\"https:\/\/stpierre-teille.fr\/wp-content\/uploads\/2022\/03\/DOHV9169-300x225.jpg 300w, https:\/\/stpierre-teille.fr\/wp-content\/uploads\/2022\/03\/DOHV9169-1024x768.jpg 1024w, https:\/\/stpierre-teille.fr\/wp-content\/uploads\/2022\/03\/DOHV9169-768x576.jpg 768w, https:\/\/stpierre-teille.fr\/wp-content\/uploads\/2022\/03\/DOHV9169-1536x1152.jpg 1536w, https:\/\/stpierre-teille.fr\/wp-content\/uploads\/2022\/03\/DOHV9169.jpg 1600w\" sizes=\"auto, (max-width: 300px) 100vw, 300px\" \/><\/a><\/p>\n<p>&#8211; nous avons appris que les gar\u00e7ons et les filles n&rsquo;\u00e9taient pas dans la m\u00eame \u00e9cole.<\/p>\n<p><a href=\"https:\/\/stpierre-teille.fr\/wp-content\/uploads\/2022\/03\/MKDO0998.jpg\"><img loading=\"lazy\" decoding=\"async\" class=\"size-medium wp-image-2331 aligncenter\" src=\"https:\/\/stpierre-teille.fr\/wp-content\/uploads\/2022\/03\/MKDO0998-300x225.jpg\" alt=\"\" width=\"300\" height=\"225\" srcset=\"https:\/\/stpierre-teille.fr\/wp-content\/uploads\/2022\/03\/MKDO0998-300x225.jpg 300w, https:\/\/stpierre-teille.fr\/wp-content\/uploads\/2022\/03\/MKDO0998-1024x768.jpg 1024w, https:\/\/stpierre-teille.fr\/wp-content\/uploads\/2022\/03\/MKDO0998-768x576.jpg 768w, https:\/\/stpierre-teille.fr\/wp-content\/uploads\/2022\/03\/MKDO0998-1536x1152.jpg 1536w, https:\/\/stpierre-teille.fr\/wp-content\/uploads\/2022\/03\/MKDO0998.jpg 1600w\" sizes=\"auto, (max-width: 300px) 100vw, 300px\" \/><\/a><\/p>\n","protected":false},"excerpt":{"rendered":"<p>Le jeudi 3 mars 2022, nous avons fait la visite du bourg de Teill\u00e9 avec l\u2019ARMAT. On s&rsquo;est aid\u00e9 d&rsquo;un plan pour visualiser notre parcours. Nous nous sommes arr\u00eat\u00e9s \u00e0 diff\u00e9rents endroits pour comparer le bourg d\u2019aujourd\u2019hui avec celui d\u2019il y a plus de 50 ans et observer des vestiges de ces ann\u00e9es-l\u00e0. Il reste&hellip; <br \/> <a class=\"read-more\" href=\"https:\/\/stpierre-teille.fr\/?p=2336\">Lire la suite<\/a><\/p>\n","protected":false},"author":3,"featured_media":2325,"comment_status":"closed","ping_status":"closed","sticky":false,"template":"","format":"standard","meta":{"ngg_post_thumbnail":0,"footnotes":""},"categories":[9],"tags":[],"class_list":["post-2336","post","type-post","status-publish","format-standard","has-post-thumbnail","hentry","category-vie-des-classes"],"_links":{"self":[{"href":"https:\/\/stpierre-teille.fr\/index.php?rest_route=\/wp\/v2\/posts\/2336","targetHints":{"allow":["GET"]}}],"collection":[{"href":"https:\/\/stpierre-teille.fr\/index.php?rest_route=\/wp\/v2\/posts"}],"about":[{"href":"https:\/\/stpierre-teille.fr\/index.php?rest_route=\/wp\/v2\/types\/post"}],"author":[{"embeddable":true,"href":"https:\/\/stpierre-teille.fr\/index.php?rest_route=\/wp\/v2\/users\/3"}],"replies":[{"embeddable":true,"href":"https:\/\/stpierre-teille.fr\/index.php?rest_route=%2Fwp%2Fv2%2Fcomments&post=2336"}],"version-history":[{"count":2,"href":"https:\/\/stpierre-teille.fr\/index.php?rest_route=\/wp\/v2\/posts\/2336\/revisions"}],"predecessor-version":[{"id":2340,"href":"https:\/\/stpierre-teille.fr\/index.php?rest_route=\/wp\/v2\/posts\/2336\/revisions\/2340"}],"wp:featuredmedia":[{"embeddable":true,"href":"https:\/\/stpierre-teille.fr\/index.php?rest_route=\/wp\/v2\/media\/2325"}],"wp:attachment":[{"href":"https:\/\/stpierre-teille.fr\/index.php?rest_route=%2Fwp%2Fv2%2Fmedia&parent=2336"}],"wp:term":[{"taxonomy":"category","embeddable":true,"href":"https:\/\/stpierre-teille.fr\/index.php?rest_route=%2Fwp%2Fv2%2Fcategories&post=2336"},{"taxonomy":"post_tag","embeddable":true,"href":"https:\/\/stpierre-teille.fr\/index.php?rest_route=%2Fwp%2Fv2%2Ftags&post=2336"}],"curies":[{"name":"wp","href":"https:\/\/api.w.org\/{rel}","templated":true}]}}