{"id":2253,"date":"2021-11-29T09:29:16","date_gmt":"2021-11-29T08:29:16","guid":{"rendered":"https:\/\/stpierre-teille.fr\/?p=2253"},"modified":"2021-11-29T09:29:16","modified_gmt":"2021-11-29T08:29:16","slug":"atelier-dinitiation-aux-graffitis","status":"publish","type":"post","link":"https:\/\/stpierre-teille.fr\/?p=2253","title":{"rendered":"Atelier d&rsquo;initiation aux graffitis"},"content":{"rendered":"<p>Dans le cadre du festival Ce soir, je sors mes parents, la commune de Teill\u00e9 accueillait le Collectif <span data-markjs=\"true\" data-ogac=\"\" data-ogab=\"\" data-ogsc=\"\" data-ogsb=\"\">100<\/span> <span data-markjs=\"true\" data-ogac=\"\" data-ogab=\"\" data-ogsc=\"\" data-ogsb=\"\">Pression<\/span>, groupe de 6 artistes street art nantais.<\/p>\n<p><strong>Les \u00e9l\u00e8ves de CE2 &#8211; CM1 &#8211; CM2 ont b\u00e9n\u00e9fici\u00e9 de 8 heures d&rsquo;ateliers d\u2019initiation au graffiti.<\/strong><\/p>\n<p>La premi\u00e8re partie des ateliers (2h) portait sur l&rsquo;historique graffiti\/street art. La 2e partie (2h) \u00e9tait un brainstorming pour r\u00e9fl\u00e9chir \u00e0 ce que les \u00e9l\u00e8ves allaient dessiner. La 3e partie (2x2h) \u00e9tait la pratique de la peinture sur le mur de la commune.<\/p>\n<p><a href=\"https:\/\/stpierre-teille.fr\/wp-content\/uploads\/2021\/11\/Photo-atelier-graffiti-rotated.jpeg\"><img loading=\"lazy\" decoding=\"async\" class=\"aligncenter size-medium wp-image-2263\" src=\"https:\/\/stpierre-teille.fr\/wp-content\/uploads\/2021\/11\/Photo-atelier-graffiti-225x300.jpeg\" alt=\"\" width=\"225\" height=\"300\" srcset=\"https:\/\/stpierre-teille.fr\/wp-content\/uploads\/2021\/11\/Photo-atelier-graffiti-225x300.jpeg 225w, https:\/\/stpierre-teille.fr\/wp-content\/uploads\/2021\/11\/Photo-atelier-graffiti-rotated.jpeg 480w\" sizes=\"auto, (max-width: 225px) 100vw, 225px\" \/><\/a> <a href=\"https:\/\/stpierre-teille.fr\/wp-content\/uploads\/2021\/11\/Photo-atelier-graffiti.5-rotated.jpeg\"><img loading=\"lazy\" decoding=\"async\" class=\"aligncenter size-medium wp-image-2260\" src=\"https:\/\/stpierre-teille.fr\/wp-content\/uploads\/2021\/11\/Photo-atelier-graffiti.5-225x300.jpeg\" alt=\"\" width=\"225\" height=\"300\" srcset=\"https:\/\/stpierre-teille.fr\/wp-content\/uploads\/2021\/11\/Photo-atelier-graffiti.5-225x300.jpeg 225w, https:\/\/stpierre-teille.fr\/wp-content\/uploads\/2021\/11\/Photo-atelier-graffiti.5-rotated.jpeg 480w\" sizes=\"auto, (max-width: 225px) 100vw, 225px\" \/><\/a> <a href=\"https:\/\/stpierre-teille.fr\/wp-content\/uploads\/2021\/11\/Photo-atelier-graffiti.7-rotated.jpeg\"><img loading=\"lazy\" decoding=\"async\" class=\"aligncenter size-medium wp-image-2258\" src=\"https:\/\/stpierre-teille.fr\/wp-content\/uploads\/2021\/11\/Photo-atelier-graffiti.7-225x300.jpeg\" alt=\"\" width=\"225\" height=\"300\" srcset=\"https:\/\/stpierre-teille.fr\/wp-content\/uploads\/2021\/11\/Photo-atelier-graffiti.7-225x300.jpeg 225w, https:\/\/stpierre-teille.fr\/wp-content\/uploads\/2021\/11\/Photo-atelier-graffiti.7-rotated.jpeg 480w\" sizes=\"auto, (max-width: 225px) 100vw, 225px\" \/><\/a> <a href=\"https:\/\/stpierre-teille.fr\/wp-content\/uploads\/2021\/11\/Photo-atelier-graffiti.8-rotated.jpeg\"><img loading=\"lazy\" decoding=\"async\" class=\"aligncenter size-medium wp-image-2257\" src=\"https:\/\/stpierre-teille.fr\/wp-content\/uploads\/2021\/11\/Photo-atelier-graffiti.8-225x300.jpeg\" alt=\"\" width=\"225\" height=\"300\" srcset=\"https:\/\/stpierre-teille.fr\/wp-content\/uploads\/2021\/11\/Photo-atelier-graffiti.8-225x300.jpeg 225w, https:\/\/stpierre-teille.fr\/wp-content\/uploads\/2021\/11\/Photo-atelier-graffiti.8-rotated.jpeg 480w\" sizes=\"auto, (max-width: 225px) 100vw, 225px\" \/><\/a> <a href=\"https:\/\/stpierre-teille.fr\/wp-content\/uploads\/2021\/11\/Photo-atelier-graffiti.9-rotated.jpeg\"><img loading=\"lazy\" decoding=\"async\" class=\"aligncenter size-medium wp-image-2256\" src=\"https:\/\/stpierre-teille.fr\/wp-content\/uploads\/2021\/11\/Photo-atelier-graffiti.9-225x300.jpeg\" alt=\"\" width=\"225\" height=\"300\" srcset=\"https:\/\/stpierre-teille.fr\/wp-content\/uploads\/2021\/11\/Photo-atelier-graffiti.9-225x300.jpeg 225w, https:\/\/stpierre-teille.fr\/wp-content\/uploads\/2021\/11\/Photo-atelier-graffiti.9-rotated.jpeg 480w\" sizes=\"auto, (max-width: 225px) 100vw, 225px\" \/><\/a> <a href=\"https:\/\/stpierre-teille.fr\/wp-content\/uploads\/2021\/11\/Photo-atelier-graffiti.3-rotated.jpeg\"><img loading=\"lazy\" decoding=\"async\" class=\"aligncenter size-medium wp-image-2255\" src=\"https:\/\/stpierre-teille.fr\/wp-content\/uploads\/2021\/11\/Photo-atelier-graffiti.3-225x300.jpeg\" alt=\"\" width=\"225\" height=\"300\" srcset=\"https:\/\/stpierre-teille.fr\/wp-content\/uploads\/2021\/11\/Photo-atelier-graffiti.3-225x300.jpeg 225w, https:\/\/stpierre-teille.fr\/wp-content\/uploads\/2021\/11\/Photo-atelier-graffiti.3-rotated.jpeg 480w\" sizes=\"auto, (max-width: 225px) 100vw, 225px\" \/><\/a> <a href=\"https:\/\/stpierre-teille.fr\/wp-content\/uploads\/2021\/11\/Photo-atelier-graffiti.4-rotated.jpeg\"><img loading=\"lazy\" decoding=\"async\" class=\"aligncenter size-medium wp-image-2261\" src=\"https:\/\/stpierre-teille.fr\/wp-content\/uploads\/2021\/11\/Photo-atelier-graffiti.4-225x300.jpeg\" alt=\"\" width=\"225\" height=\"300\" srcset=\"https:\/\/stpierre-teille.fr\/wp-content\/uploads\/2021\/11\/Photo-atelier-graffiti.4-225x300.jpeg 225w, https:\/\/stpierre-teille.fr\/wp-content\/uploads\/2021\/11\/Photo-atelier-graffiti.4-rotated.jpeg 480w\" sizes=\"auto, (max-width: 225px) 100vw, 225px\" \/><\/a><\/p>\n<p>&nbsp;<\/p>\n","protected":false},"excerpt":{"rendered":"<p>Dans le cadre du festival Ce soir, je sors mes parents, la commune de Teill\u00e9 accueillait le Collectif 100 Pression, groupe de 6 artistes street art nantais. Les \u00e9l\u00e8ves de CE2 &#8211; CM1 &#8211; CM2 ont b\u00e9n\u00e9fici\u00e9 de 8 heures d&rsquo;ateliers d\u2019initiation au graffiti. La premi\u00e8re partie des ateliers (2h) portait sur l&rsquo;historique graffiti\/street art.&hellip; <br \/> <a class=\"read-more\" href=\"https:\/\/stpierre-teille.fr\/?p=2253\">Lire la suite<\/a><\/p>\n","protected":false},"author":2,"featured_media":2258,"comment_status":"closed","ping_status":"closed","sticky":false,"template":"","format":"standard","meta":{"ngg_post_thumbnail":0,"footnotes":""},"categories":[1],"tags":[],"class_list":["post-2253","post","type-post","status-publish","format-standard","has-post-thumbnail","hentry","category-non-classe"],"_links":{"self":[{"href":"https:\/\/stpierre-teille.fr\/index.php?rest_route=\/wp\/v2\/posts\/2253","targetHints":{"allow":["GET"]}}],"collection":[{"href":"https:\/\/stpierre-teille.fr\/index.php?rest_route=\/wp\/v2\/posts"}],"about":[{"href":"https:\/\/stpierre-teille.fr\/index.php?rest_route=\/wp\/v2\/types\/post"}],"author":[{"embeddable":true,"href":"https:\/\/stpierre-teille.fr\/index.php?rest_route=\/wp\/v2\/users\/2"}],"replies":[{"embeddable":true,"href":"https:\/\/stpierre-teille.fr\/index.php?rest_route=%2Fwp%2Fv2%2Fcomments&post=2253"}],"version-history":[{"count":2,"href":"https:\/\/stpierre-teille.fr\/index.php?rest_route=\/wp\/v2\/posts\/2253\/revisions"}],"predecessor-version":[{"id":2264,"href":"https:\/\/stpierre-teille.fr\/index.php?rest_route=\/wp\/v2\/posts\/2253\/revisions\/2264"}],"wp:featuredmedia":[{"embeddable":true,"href":"https:\/\/stpierre-teille.fr\/index.php?rest_route=\/wp\/v2\/media\/2258"}],"wp:attachment":[{"href":"https:\/\/stpierre-teille.fr\/index.php?rest_route=%2Fwp%2Fv2%2Fmedia&parent=2253"}],"wp:term":[{"taxonomy":"category","embeddable":true,"href":"https:\/\/stpierre-teille.fr\/index.php?rest_route=%2Fwp%2Fv2%2Fcategories&post=2253"},{"taxonomy":"post_tag","embeddable":true,"href":"https:\/\/stpierre-teille.fr\/index.php?rest_route=%2Fwp%2Fv2%2Ftags&post=2253"}],"curies":[{"name":"wp","href":"https:\/\/api.w.org\/{rel}","templated":true}]}}