{"id":2250,"date":"2021-11-07T17:23:51","date_gmt":"2021-11-07T16:23:51","guid":{"rendered":"https:\/\/stpierre-teille.fr\/?p=2250"},"modified":"2021-11-07T17:23:51","modified_gmt":"2021-11-07T16:23:51","slug":"sous-la-neige","status":"publish","type":"post","link":"https:\/\/stpierre-teille.fr\/?p=2250","title":{"rendered":"\u00ab\u00a0Sous la neige\u00a0\u00bb"},"content":{"rendered":"<p><strong>SOUS LA NEIGE- FESTIVAL CE SOIR, JE SORS LES PARENTS Cie Les Bestioles<\/strong><\/p>\n<p>Vendredi 22 Octobre , pour le dernier jour de notre premi\u00e8re p\u00e9riode , nous avons pris le car direction Pannec\u00e9 Arriv\u00e9s \u00e0 la salle des f\u00eates ,nous avons commenc\u00e9 par retirer nos manteaux et nous d\u00e9chausser\u00a0 .Puis nous nous sommes install\u00e9s sur des petits tapis tout autour de la sc\u00e8ne , nous \u00e9tions 4 classes de maternelle .Ensuite nous avons laisser libre cours \u00e0 notre imagination en regardant les danseurs qui sur un sol de papier de soie nous ravissaient de froissements, crissements emport\u00e9s par une musique douce .\u00a0\u00bbUn temps suspendu ouvert \u00e0 la po\u00e9sie\u00a0\u00bb<\/p>\n<p>&nbsp;<\/p>\n","protected":false},"excerpt":{"rendered":"<p>SOUS LA NEIGE- FESTIVAL CE SOIR, JE SORS LES PARENTS Cie Les Bestioles Vendredi 22 Octobre , pour le dernier jour de notre premi\u00e8re p\u00e9riode , nous avons pris le car direction Pannec\u00e9 Arriv\u00e9s \u00e0 la salle des f\u00eates ,nous avons commenc\u00e9 par retirer nos manteaux et nous d\u00e9chausser\u00a0 .Puis nous nous sommes install\u00e9s sur&hellip; <br \/> <a class=\"read-more\" href=\"https:\/\/stpierre-teille.fr\/?p=2250\">Lire la suite<\/a><\/p>\n","protected":false},"author":7,"featured_media":0,"comment_status":"closed","ping_status":"closed","sticky":false,"template":"","format":"standard","meta":{"ngg_post_thumbnail":0,"footnotes":""},"categories":[1],"tags":[],"class_list":["post-2250","post","type-post","status-publish","format-standard","hentry","category-non-classe"],"_links":{"self":[{"href":"https:\/\/stpierre-teille.fr\/index.php?rest_route=\/wp\/v2\/posts\/2250","targetHints":{"allow":["GET"]}}],"collection":[{"href":"https:\/\/stpierre-teille.fr\/index.php?rest_route=\/wp\/v2\/posts"}],"about":[{"href":"https:\/\/stpierre-teille.fr\/index.php?rest_route=\/wp\/v2\/types\/post"}],"author":[{"embeddable":true,"href":"https:\/\/stpierre-teille.fr\/index.php?rest_route=\/wp\/v2\/users\/7"}],"replies":[{"embeddable":true,"href":"https:\/\/stpierre-teille.fr\/index.php?rest_route=%2Fwp%2Fv2%2Fcomments&post=2250"}],"version-history":[{"count":1,"href":"https:\/\/stpierre-teille.fr\/index.php?rest_route=\/wp\/v2\/posts\/2250\/revisions"}],"predecessor-version":[{"id":2251,"href":"https:\/\/stpierre-teille.fr\/index.php?rest_route=\/wp\/v2\/posts\/2250\/revisions\/2251"}],"wp:attachment":[{"href":"https:\/\/stpierre-teille.fr\/index.php?rest_route=%2Fwp%2Fv2%2Fmedia&parent=2250"}],"wp:term":[{"taxonomy":"category","embeddable":true,"href":"https:\/\/stpierre-teille.fr\/index.php?rest_route=%2Fwp%2Fv2%2Fcategories&post=2250"},{"taxonomy":"post_tag","embeddable":true,"href":"https:\/\/stpierre-teille.fr\/index.php?rest_route=%2Fwp%2Fv2%2Ftags&post=2250"}],"curies":[{"name":"wp","href":"https:\/\/api.w.org\/{rel}","templated":true}]}}