{"id":2241,"date":"2021-10-27T09:12:55","date_gmt":"2021-10-27T08:12:55","guid":{"rendered":"https:\/\/stpierre-teille.fr\/?p=2241"},"modified":"2021-10-27T09:13:23","modified_gmt":"2021-10-27T08:13:23","slug":"rencontre-avec-des-graffeurs","status":"publish","type":"post","link":"https:\/\/stpierre-teille.fr\/?p=2241","title":{"rendered":"Rencontre avec des graffeurs !"},"content":{"rendered":"<p>Les \u00e9l\u00e8ves de la classe de CE2-CM1-CM2 sont all\u00e9s \u00e0 la rencontre d&rsquo;artistes r\u00e9alisant des grafiitis sur un mur de la SAMAB. Nous avons pu leur poser de nombreuses pour qu&rsquo;ils nous expliquent leur travail !<\/p>\n<p>Nous avons rencontr\u00e9s les artistes <b>The Blind, Smoka, Persu et Wide<\/b> .<\/p>\n<p>&nbsp;<\/p>\n<p><a href=\"https:\/\/stpierre-teille.fr\/wp-content\/uploads\/2021\/10\/photo2151.jpg\"><img loading=\"lazy\" decoding=\"async\" class=\"aligncenter size-medium wp-image-2245\" src=\"https:\/\/stpierre-teille.fr\/wp-content\/uploads\/2021\/10\/photo2151-206x300.jpg\" alt=\"\" width=\"206\" height=\"300\" srcset=\"https:\/\/stpierre-teille.fr\/wp-content\/uploads\/2021\/10\/photo2151-206x300.jpg 206w, https:\/\/stpierre-teille.fr\/wp-content\/uploads\/2021\/10\/photo2151.jpg 620w\" sizes=\"auto, (max-width: 206px) 100vw, 206px\" \/><\/a> <a href=\"https:\/\/stpierre-teille.fr\/wp-content\/uploads\/2021\/10\/photo2119.jpg\"><img loading=\"lazy\" decoding=\"async\" class=\"aligncenter size-medium wp-image-2244\" src=\"https:\/\/stpierre-teille.fr\/wp-content\/uploads\/2021\/10\/photo2119-300x197.jpg\" alt=\"\" width=\"300\" height=\"197\" srcset=\"https:\/\/stpierre-teille.fr\/wp-content\/uploads\/2021\/10\/photo2119-300x197.jpg 300w, https:\/\/stpierre-teille.fr\/wp-content\/uploads\/2021\/10\/photo2119-1024x673.jpg 1024w, https:\/\/stpierre-teille.fr\/wp-content\/uploads\/2021\/10\/photo2119-768x505.jpg 768w, https:\/\/stpierre-teille.fr\/wp-content\/uploads\/2021\/10\/photo2119.jpg 1373w\" sizes=\"auto, (max-width: 300px) 100vw, 300px\" \/><\/a> <a href=\"https:\/\/stpierre-teille.fr\/wp-content\/uploads\/2021\/10\/photo_2115.jpg\"><img loading=\"lazy\" decoding=\"async\" class=\"aligncenter size-medium wp-image-2243\" src=\"https:\/\/stpierre-teille.fr\/wp-content\/uploads\/2021\/10\/photo_2115-300x199.jpg\" alt=\"\" width=\"300\" height=\"199\" srcset=\"https:\/\/stpierre-teille.fr\/wp-content\/uploads\/2021\/10\/photo_2115-300x199.jpg 300w, https:\/\/stpierre-teille.fr\/wp-content\/uploads\/2021\/10\/photo_2115-1024x678.jpg 1024w, https:\/\/stpierre-teille.fr\/wp-content\/uploads\/2021\/10\/photo_2115-768x508.jpg 768w, https:\/\/stpierre-teille.fr\/wp-content\/uploads\/2021\/10\/photo_2115.jpg 1376w\" sizes=\"auto, (max-width: 300px) 100vw, 300px\" \/><\/a><\/p>\n","protected":false},"excerpt":{"rendered":"<p>Les \u00e9l\u00e8ves de la classe de CE2-CM1-CM2 sont all\u00e9s \u00e0 la rencontre d&rsquo;artistes r\u00e9alisant des grafiitis sur un mur de la SAMAB. Nous avons pu leur poser de nombreuses pour qu&rsquo;ils nous expliquent leur travail ! Nous avons rencontr\u00e9s les artistes The Blind, Smoka, Persu et Wide . &nbsp;<\/p>\n","protected":false},"author":2,"featured_media":2243,"comment_status":"closed","ping_status":"closed","sticky":false,"template":"","format":"standard","meta":{"ngg_post_thumbnail":0,"footnotes":""},"categories":[9],"tags":[],"class_list":["post-2241","post","type-post","status-publish","format-standard","has-post-thumbnail","hentry","category-vie-des-classes"],"_links":{"self":[{"href":"https:\/\/stpierre-teille.fr\/index.php?rest_route=\/wp\/v2\/posts\/2241","targetHints":{"allow":["GET"]}}],"collection":[{"href":"https:\/\/stpierre-teille.fr\/index.php?rest_route=\/wp\/v2\/posts"}],"about":[{"href":"https:\/\/stpierre-teille.fr\/index.php?rest_route=\/wp\/v2\/types\/post"}],"author":[{"embeddable":true,"href":"https:\/\/stpierre-teille.fr\/index.php?rest_route=\/wp\/v2\/users\/2"}],"replies":[{"embeddable":true,"href":"https:\/\/stpierre-teille.fr\/index.php?rest_route=%2Fwp%2Fv2%2Fcomments&post=2241"}],"version-history":[{"count":2,"href":"https:\/\/stpierre-teille.fr\/index.php?rest_route=\/wp\/v2\/posts\/2241\/revisions"}],"predecessor-version":[{"id":2246,"href":"https:\/\/stpierre-teille.fr\/index.php?rest_route=\/wp\/v2\/posts\/2241\/revisions\/2246"}],"wp:featuredmedia":[{"embeddable":true,"href":"https:\/\/stpierre-teille.fr\/index.php?rest_route=\/wp\/v2\/media\/2243"}],"wp:attachment":[{"href":"https:\/\/stpierre-teille.fr\/index.php?rest_route=%2Fwp%2Fv2%2Fmedia&parent=2241"}],"wp:term":[{"taxonomy":"category","embeddable":true,"href":"https:\/\/stpierre-teille.fr\/index.php?rest_route=%2Fwp%2Fv2%2Fcategories&post=2241"},{"taxonomy":"post_tag","embeddable":true,"href":"https:\/\/stpierre-teille.fr\/index.php?rest_route=%2Fwp%2Fv2%2Ftags&post=2241"}],"curies":[{"name":"wp","href":"https:\/\/api.w.org\/{rel}","templated":true}]}}