{"id":2232,"date":"2021-10-27T09:01:04","date_gmt":"2021-10-27T08:01:04","guid":{"rendered":"https:\/\/stpierre-teille.fr\/?p=2232"},"modified":"2021-10-27T09:04:06","modified_gmt":"2021-10-27T08:04:06","slug":"matinee-travaux-du-28-aout-2021","status":"publish","type":"post","link":"https:\/\/stpierre-teille.fr\/?p=2232","title":{"rendered":"Matin\u00e9e travaux du 28 ao\u00fbt 2021"},"content":{"rendered":"<p>Une bonne quinzaine de parents s&rsquo;est r\u00e9unie le samedi 28 ao\u00fbt pour pr\u00e9parer au mieux la reprise des \u00e9l\u00e8ves (nettoyage des cours, peinture, fixation d&rsquo;un bac \u00e0 sable, montage de meubles, &#8230;)<\/p>\n<p><a href=\"https:\/\/stpierre-teille.fr\/wp-content\/uploads\/2021\/10\/Teille-Ecole-St-Pierre-prepa-rentree-P1000651.jpg\"><img loading=\"lazy\" decoding=\"async\" class=\"aligncenter wp-image-2235 size-large\" src=\"https:\/\/stpierre-teille.fr\/wp-content\/uploads\/2021\/10\/Teille-Ecole-St-Pierre-prepa-rentree-P1000651-1024x683.jpg\" alt=\"\" width=\"1024\" height=\"683\" srcset=\"https:\/\/stpierre-teille.fr\/wp-content\/uploads\/2021\/10\/Teille-Ecole-St-Pierre-prepa-rentree-P1000651-1024x683.jpg 1024w, https:\/\/stpierre-teille.fr\/wp-content\/uploads\/2021\/10\/Teille-Ecole-St-Pierre-prepa-rentree-P1000651-300x200.jpg 300w, https:\/\/stpierre-teille.fr\/wp-content\/uploads\/2021\/10\/Teille-Ecole-St-Pierre-prepa-rentree-P1000651-768x512.jpg 768w, https:\/\/stpierre-teille.fr\/wp-content\/uploads\/2021\/10\/Teille-Ecole-St-Pierre-prepa-rentree-P1000651-1536x1024.jpg 1536w, https:\/\/stpierre-teille.fr\/wp-content\/uploads\/2021\/10\/Teille-Ecole-St-Pierre-prepa-rentree-P1000651-272x182.jpg 272w, https:\/\/stpierre-teille.fr\/wp-content\/uploads\/2021\/10\/Teille-Ecole-St-Pierre-prepa-rentree-P1000651.jpg 1920w\" sizes=\"auto, (max-width: 1024px) 100vw, 1024px\" \/><\/a><\/p>\n<p>Merci \u00e0 tous pour votre investissement !!!<\/p>\n","protected":false},"excerpt":{"rendered":"<p>Une bonne quinzaine de parents s&rsquo;est r\u00e9unie le samedi 28 ao\u00fbt pour pr\u00e9parer au mieux la reprise des \u00e9l\u00e8ves (nettoyage des cours, peinture, fixation d&rsquo;un bac \u00e0 sable, montage de meubles, &#8230;) Merci \u00e0 tous pour votre investissement !!!<\/p>\n","protected":false},"author":2,"featured_media":2235,"comment_status":"closed","ping_status":"closed","sticky":false,"template":"","format":"standard","meta":{"ngg_post_thumbnail":0,"footnotes":""},"categories":[10],"tags":[],"class_list":["post-2232","post","type-post","status-publish","format-standard","has-post-thumbnail","hentry","category-ogec"],"_links":{"self":[{"href":"https:\/\/stpierre-teille.fr\/index.php?rest_route=\/wp\/v2\/posts\/2232","targetHints":{"allow":["GET"]}}],"collection":[{"href":"https:\/\/stpierre-teille.fr\/index.php?rest_route=\/wp\/v2\/posts"}],"about":[{"href":"https:\/\/stpierre-teille.fr\/index.php?rest_route=\/wp\/v2\/types\/post"}],"author":[{"embeddable":true,"href":"https:\/\/stpierre-teille.fr\/index.php?rest_route=\/wp\/v2\/users\/2"}],"replies":[{"embeddable":true,"href":"https:\/\/stpierre-teille.fr\/index.php?rest_route=%2Fwp%2Fv2%2Fcomments&post=2232"}],"version-history":[{"count":4,"href":"https:\/\/stpierre-teille.fr\/index.php?rest_route=\/wp\/v2\/posts\/2232\/revisions"}],"predecessor-version":[{"id":2240,"href":"https:\/\/stpierre-teille.fr\/index.php?rest_route=\/wp\/v2\/posts\/2232\/revisions\/2240"}],"wp:featuredmedia":[{"embeddable":true,"href":"https:\/\/stpierre-teille.fr\/index.php?rest_route=\/wp\/v2\/media\/2235"}],"wp:attachment":[{"href":"https:\/\/stpierre-teille.fr\/index.php?rest_route=%2Fwp%2Fv2%2Fmedia&parent=2232"}],"wp:term":[{"taxonomy":"category","embeddable":true,"href":"https:\/\/stpierre-teille.fr\/index.php?rest_route=%2Fwp%2Fv2%2Fcategories&post=2232"},{"taxonomy":"post_tag","embeddable":true,"href":"https:\/\/stpierre-teille.fr\/index.php?rest_route=%2Fwp%2Fv2%2Ftags&post=2232"}],"curies":[{"name":"wp","href":"https:\/\/api.w.org\/{rel}","templated":true}]}}