{"id":2211,"date":"2021-10-12T17:25:52","date_gmt":"2021-10-12T16:25:52","guid":{"rendered":"https:\/\/stpierre-teille.fr\/?p=2211"},"modified":"2021-10-12T17:26:54","modified_gmt":"2021-10-12T16:26:54","slug":"assemblee-de-rentree-2021","status":"publish","type":"post","link":"https:\/\/stpierre-teille.fr\/?p=2211","title":{"rendered":"Assembl\u00e9e de rentr\u00e9e 2021"},"content":{"rendered":"<p>Le vendredi 3 septembre 2021, comme le veut la tradition \u00e0 l&rsquo;\u00e9cole Saint Pierre, nous nous sommes tous r\u00e9unis dans la cour du bas pour c\u00e9l\u00e9brer la rentr\u00e9e scolaire.<\/p>\n<p><a href=\"https:\/\/stpierre-teille.fr\/wp-content\/uploads\/2021\/10\/IMG_1743.jpg\"><img loading=\"lazy\" decoding=\"async\" class=\"aligncenter size-medium wp-image-2208\" src=\"https:\/\/stpierre-teille.fr\/wp-content\/uploads\/2021\/10\/IMG_1743-300x225.jpg\" alt=\"\" width=\"300\" height=\"225\" srcset=\"https:\/\/stpierre-teille.fr\/wp-content\/uploads\/2021\/10\/IMG_1743-300x225.jpg 300w, https:\/\/stpierre-teille.fr\/wp-content\/uploads\/2021\/10\/IMG_1743-1024x768.jpg 1024w, https:\/\/stpierre-teille.fr\/wp-content\/uploads\/2021\/10\/IMG_1743-768x576.jpg 768w, https:\/\/stpierre-teille.fr\/wp-content\/uploads\/2021\/10\/IMG_1743-1536x1152.jpg 1536w, https:\/\/stpierre-teille.fr\/wp-content\/uploads\/2021\/10\/IMG_1743.jpg 1920w\" sizes=\"auto, (max-width: 300px) 100vw, 300px\" \/><\/a><\/p>\n<p>Ainsi, nous avons souhait\u00e9 la bienvenue aux nouveaux \u00e9l\u00e8ves:<\/p>\n<ul>\n<li>en PPS: <strong>Romane<\/strong> et <strong>Sacha<\/strong><\/li>\n<li>en PS: <strong><strong>L\u00e9vy, Ad<\/strong>\u00e8le<\/strong>, <strong>Lewis<\/strong>, <strong>Jade<\/strong>,&nbsp;<strong><strong>Calliope,&nbsp;<\/strong><strong>Hedi<\/strong><span style=\"font-weight: 400;\">, <\/span>L\u00e9o<\/strong>, <strong>Chlo\u00e9 et <\/strong><strong>Coline<\/strong><\/li>\n<\/ul>\n<p><a href=\"https:\/\/stpierre-teille.fr\/wp-content\/uploads\/2021\/10\/IMG_1761.jpg\"><img loading=\"lazy\" decoding=\"async\" class=\"aligncenter size-medium wp-image-2203\" src=\"https:\/\/stpierre-teille.fr\/wp-content\/uploads\/2021\/10\/IMG_1761-225x300.jpg\" alt=\"\" width=\"225\" height=\"300\" srcset=\"https:\/\/stpierre-teille.fr\/wp-content\/uploads\/2021\/10\/IMG_1761-225x300.jpg 225w, https:\/\/stpierre-teille.fr\/wp-content\/uploads\/2021\/10\/IMG_1761-768x1024.jpg 768w, https:\/\/stpierre-teille.fr\/wp-content\/uploads\/2021\/10\/IMG_1761-1152x1536.jpg 1152w, https:\/\/stpierre-teille.fr\/wp-content\/uploads\/2021\/10\/IMG_1761.jpg 1440w\" sizes=\"auto, (max-width: 225px) 100vw, 225px\" \/><\/a> <a href=\"https:\/\/stpierre-teille.fr\/wp-content\/uploads\/2021\/10\/IMG_1755.jpg\"><img loading=\"lazy\" decoding=\"async\" class=\"aligncenter size-medium wp-image-2199\" src=\"https:\/\/stpierre-teille.fr\/wp-content\/uploads\/2021\/10\/IMG_1755-225x300.jpg\" alt=\"\" width=\"225\" height=\"300\" srcset=\"https:\/\/stpierre-teille.fr\/wp-content\/uploads\/2021\/10\/IMG_1755-225x300.jpg 225w, https:\/\/stpierre-teille.fr\/wp-content\/uploads\/2021\/10\/IMG_1755-768x1024.jpg 768w, https:\/\/stpierre-teille.fr\/wp-content\/uploads\/2021\/10\/IMG_1755-1152x1536.jpg 1152w, https:\/\/stpierre-teille.fr\/wp-content\/uploads\/2021\/10\/IMG_1755.jpg 1440w\" sizes=\"auto, (max-width: 225px) 100vw, 225px\" \/><\/a> <a href=\"https:\/\/stpierre-teille.fr\/wp-content\/uploads\/2021\/10\/IMG_1758.jpg\"><img loading=\"lazy\" decoding=\"async\" class=\"aligncenter size-medium wp-image-2201\" src=\"https:\/\/stpierre-teille.fr\/wp-content\/uploads\/2021\/10\/IMG_1758-225x300.jpg\" alt=\"\" width=\"225\" height=\"300\" srcset=\"https:\/\/stpierre-teille.fr\/wp-content\/uploads\/2021\/10\/IMG_1758-225x300.jpg 225w, https:\/\/stpierre-teille.fr\/wp-content\/uploads\/2021\/10\/IMG_1758-768x1024.jpg 768w, https:\/\/stpierre-teille.fr\/wp-content\/uploads\/2021\/10\/IMG_1758-1152x1536.jpg 1152w, https:\/\/stpierre-teille.fr\/wp-content\/uploads\/2021\/10\/IMG_1758.jpg 1440w\" sizes=\"auto, (max-width: 225px) 100vw, 225px\" \/><\/a> <a href=\"https:\/\/stpierre-teille.fr\/wp-content\/uploads\/2021\/10\/IMG_1759.jpg\"><img loading=\"lazy\" decoding=\"async\" class=\"aligncenter size-medium wp-image-2202\" src=\"https:\/\/stpierre-teille.fr\/wp-content\/uploads\/2021\/10\/IMG_1759-225x300.jpg\" alt=\"\" width=\"225\" height=\"300\" srcset=\"https:\/\/stpierre-teille.fr\/wp-content\/uploads\/2021\/10\/IMG_1759-225x300.jpg 225w, https:\/\/stpierre-teille.fr\/wp-content\/uploads\/2021\/10\/IMG_1759-768x1024.jpg 768w, https:\/\/stpierre-teille.fr\/wp-content\/uploads\/2021\/10\/IMG_1759-1152x1536.jpg 1152w, https:\/\/stpierre-teille.fr\/wp-content\/uploads\/2021\/10\/IMG_1759.jpg 1440w\" sizes=\"auto, (max-width: 225px) 100vw, 225px\" \/><\/a> <a href=\"https:\/\/stpierre-teille.fr\/wp-content\/uploads\/2021\/10\/IMG_1753.jpg\"><img loading=\"lazy\" decoding=\"async\" class=\"aligncenter size-medium wp-image-2197\" src=\"https:\/\/stpierre-teille.fr\/wp-content\/uploads\/2021\/10\/IMG_1753-225x300.jpg\" alt=\"\" width=\"225\" height=\"300\" srcset=\"https:\/\/stpierre-teille.fr\/wp-content\/uploads\/2021\/10\/IMG_1753-225x300.jpg 225w, https:\/\/stpierre-teille.fr\/wp-content\/uploads\/2021\/10\/IMG_1753-768x1024.jpg 768w, https:\/\/stpierre-teille.fr\/wp-content\/uploads\/2021\/10\/IMG_1753-1152x1536.jpg 1152w, https:\/\/stpierre-teille.fr\/wp-content\/uploads\/2021\/10\/IMG_1753.jpg 1440w\" sizes=\"auto, (max-width: 225px) 100vw, 225px\" \/><\/a> <a href=\"https:\/\/stpierre-teille.fr\/wp-content\/uploads\/2021\/10\/IMG_1754.jpg\"><img loading=\"lazy\" decoding=\"async\" class=\"aligncenter size-medium wp-image-2198\" src=\"https:\/\/stpierre-teille.fr\/wp-content\/uploads\/2021\/10\/IMG_1754-225x300.jpg\" alt=\"\" width=\"225\" height=\"300\" srcset=\"https:\/\/stpierre-teille.fr\/wp-content\/uploads\/2021\/10\/IMG_1754-225x300.jpg 225w, https:\/\/stpierre-teille.fr\/wp-content\/uploads\/2021\/10\/IMG_1754-768x1024.jpg 768w, https:\/\/stpierre-teille.fr\/wp-content\/uploads\/2021\/10\/IMG_1754-1152x1536.jpg 1152w, https:\/\/stpierre-teille.fr\/wp-content\/uploads\/2021\/10\/IMG_1754.jpg 1440w\" sizes=\"auto, (max-width: 225px) 100vw, 225px\" \/><\/a> <a href=\"https:\/\/stpierre-teille.fr\/wp-content\/uploads\/2021\/10\/IMG_1757.jpg\"><img loading=\"lazy\" decoding=\"async\" class=\"aligncenter size-medium wp-image-2200\" src=\"https:\/\/stpierre-teille.fr\/wp-content\/uploads\/2021\/10\/IMG_1757-225x300.jpg\" alt=\"\" width=\"225\" height=\"300\" srcset=\"https:\/\/stpierre-teille.fr\/wp-content\/uploads\/2021\/10\/IMG_1757-225x300.jpg 225w, https:\/\/stpierre-teille.fr\/wp-content\/uploads\/2021\/10\/IMG_1757-768x1024.jpg 768w, https:\/\/stpierre-teille.fr\/wp-content\/uploads\/2021\/10\/IMG_1757-1152x1536.jpg 1152w, https:\/\/stpierre-teille.fr\/wp-content\/uploads\/2021\/10\/IMG_1757.jpg 1440w\" sizes=\"auto, (max-width: 225px) 100vw, 225px\" \/><\/a> <a href=\"https:\/\/stpierre-teille.fr\/wp-content\/uploads\/2021\/10\/IMG_1765.jpg\"><img loading=\"lazy\" decoding=\"async\" class=\"aligncenter size-medium wp-image-2205\" src=\"https:\/\/stpierre-teille.fr\/wp-content\/uploads\/2021\/10\/IMG_1765-225x300.jpg\" alt=\"\" width=\"225\" height=\"300\" srcset=\"https:\/\/stpierre-teille.fr\/wp-content\/uploads\/2021\/10\/IMG_1765-225x300.jpg 225w, https:\/\/stpierre-teille.fr\/wp-content\/uploads\/2021\/10\/IMG_1765-768x1024.jpg 768w, https:\/\/stpierre-teille.fr\/wp-content\/uploads\/2021\/10\/IMG_1765-1152x1536.jpg 1152w, https:\/\/stpierre-teille.fr\/wp-content\/uploads\/2021\/10\/IMG_1765.jpg 1440w\" sizes=\"auto, (max-width: 225px) 100vw, 225px\" \/><\/a> <a href=\"https:\/\/stpierre-teille.fr\/wp-content\/uploads\/2021\/10\/IMG_1762.jpg\"><img loading=\"lazy\" decoding=\"async\" class=\"aligncenter size-medium wp-image-2204\" src=\"https:\/\/stpierre-teille.fr\/wp-content\/uploads\/2021\/10\/IMG_1762-225x300.jpg\" alt=\"\" width=\"225\" height=\"300\" srcset=\"https:\/\/stpierre-teille.fr\/wp-content\/uploads\/2021\/10\/IMG_1762-225x300.jpg 225w, https:\/\/stpierre-teille.fr\/wp-content\/uploads\/2021\/10\/IMG_1762-768x1024.jpg 768w, https:\/\/stpierre-teille.fr\/wp-content\/uploads\/2021\/10\/IMG_1762-1152x1536.jpg 1152w, https:\/\/stpierre-teille.fr\/wp-content\/uploads\/2021\/10\/IMG_1762.jpg 1440w\" sizes=\"auto, (max-width: 225px) 100vw, 225px\" \/><\/a><\/p>\n<ul>\n<li>en MS: <strong>Mia<\/strong> et <strong>Rose <\/strong>(arriv\u00e9e en cours d&rsquo;ann\u00e9e derni\u00e8re)<\/li>\n<\/ul>\n<p><a href=\"https:\/\/stpierre-teille.fr\/wp-content\/uploads\/2021\/10\/IMG_1751.jpg\"><img loading=\"lazy\" decoding=\"async\" class=\"aligncenter size-medium wp-image-2195\" src=\"https:\/\/stpierre-teille.fr\/wp-content\/uploads\/2021\/10\/IMG_1751-225x300.jpg\" alt=\"\" width=\"225\" height=\"300\" srcset=\"https:\/\/stpierre-teille.fr\/wp-content\/uploads\/2021\/10\/IMG_1751-225x300.jpg 225w, https:\/\/stpierre-teille.fr\/wp-content\/uploads\/2021\/10\/IMG_1751-768x1024.jpg 768w, https:\/\/stpierre-teille.fr\/wp-content\/uploads\/2021\/10\/IMG_1751-1152x1536.jpg 1152w, https:\/\/stpierre-teille.fr\/wp-content\/uploads\/2021\/10\/IMG_1751.jpg 1440w\" sizes=\"auto, (max-width: 225px) 100vw, 225px\" \/><\/a> <a href=\"https:\/\/stpierre-teille.fr\/wp-content\/uploads\/2021\/10\/IMG_1752.jpg\"><img loading=\"lazy\" decoding=\"async\" class=\"aligncenter size-medium wp-image-2196\" src=\"https:\/\/stpierre-teille.fr\/wp-content\/uploads\/2021\/10\/IMG_1752-225x300.jpg\" alt=\"\" width=\"225\" height=\"300\" srcset=\"https:\/\/stpierre-teille.fr\/wp-content\/uploads\/2021\/10\/IMG_1752-225x300.jpg 225w, https:\/\/stpierre-teille.fr\/wp-content\/uploads\/2021\/10\/IMG_1752-768x1024.jpg 768w, https:\/\/stpierre-teille.fr\/wp-content\/uploads\/2021\/10\/IMG_1752-1152x1536.jpg 1152w, https:\/\/stpierre-teille.fr\/wp-content\/uploads\/2021\/10\/IMG_1752.jpg 1440w\" sizes=\"auto, (max-width: 225px) 100vw, 225px\" \/><\/a><\/p>\n<ul>\n<li>en CP: <strong>Lenzo<\/strong> et <strong>Nealwenn<\/strong> (arriv\u00e9 en cours d&rsquo;ann\u00e9e derni\u00e8re)<\/li>\n<\/ul>\n<p><a href=\"https:\/\/stpierre-teille.fr\/wp-content\/uploads\/2021\/10\/IMG_1749.jpg\"><img loading=\"lazy\" decoding=\"async\" class=\"aligncenter size-medium wp-image-2194\" src=\"https:\/\/stpierre-teille.fr\/wp-content\/uploads\/2021\/10\/IMG_1749-225x300.jpg\" alt=\"\" width=\"225\" height=\"300\" srcset=\"https:\/\/stpierre-teille.fr\/wp-content\/uploads\/2021\/10\/IMG_1749-225x300.jpg 225w, https:\/\/stpierre-teille.fr\/wp-content\/uploads\/2021\/10\/IMG_1749-768x1024.jpg 768w, https:\/\/stpierre-teille.fr\/wp-content\/uploads\/2021\/10\/IMG_1749-1152x1536.jpg 1152w, https:\/\/stpierre-teille.fr\/wp-content\/uploads\/2021\/10\/IMG_1749.jpg 1440w\" sizes=\"auto, (max-width: 225px) 100vw, 225px\" \/><\/a> <a href=\"https:\/\/stpierre-teille.fr\/wp-content\/uploads\/2021\/10\/IMG_1750.jpg\"><img loading=\"lazy\" decoding=\"async\" class=\"aligncenter size-medium wp-image-2207\" src=\"https:\/\/stpierre-teille.fr\/wp-content\/uploads\/2021\/10\/IMG_1750-225x300.jpg\" alt=\"\" width=\"225\" height=\"300\" srcset=\"https:\/\/stpierre-teille.fr\/wp-content\/uploads\/2021\/10\/IMG_1750-225x300.jpg 225w, https:\/\/stpierre-teille.fr\/wp-content\/uploads\/2021\/10\/IMG_1750-768x1024.jpg 768w, https:\/\/stpierre-teille.fr\/wp-content\/uploads\/2021\/10\/IMG_1750-1152x1536.jpg 1152w, https:\/\/stpierre-teille.fr\/wp-content\/uploads\/2021\/10\/IMG_1750.jpg 1440w\" sizes=\"auto, (max-width: 225px) 100vw, 225px\" \/><\/a><\/p>\n<ul>\n<li>en CE1: <strong>Eve<\/strong><\/li>\n<\/ul>\n<p><a href=\"https:\/\/stpierre-teille.fr\/wp-content\/uploads\/2021\/10\/IMG_1748.jpg\"><img loading=\"lazy\" decoding=\"async\" class=\"aligncenter size-medium wp-image-2206\" src=\"https:\/\/stpierre-teille.fr\/wp-content\/uploads\/2021\/10\/IMG_1748-225x300.jpg\" alt=\"\" width=\"225\" height=\"300\" srcset=\"https:\/\/stpierre-teille.fr\/wp-content\/uploads\/2021\/10\/IMG_1748-225x300.jpg 225w, https:\/\/stpierre-teille.fr\/wp-content\/uploads\/2021\/10\/IMG_1748-768x1024.jpg 768w, https:\/\/stpierre-teille.fr\/wp-content\/uploads\/2021\/10\/IMG_1748-1152x1536.jpg 1152w, https:\/\/stpierre-teille.fr\/wp-content\/uploads\/2021\/10\/IMG_1748.jpg 1440w\" sizes=\"auto, (max-width: 225px) 100vw, 225px\" \/><\/a><\/p>\n<ul>\n<li>en CM1: <strong>Cyril<\/strong> et <strong>Louis<\/strong>.<\/li>\n<\/ul>\n<p><a href=\"https:\/\/stpierre-teille.fr\/wp-content\/uploads\/2021\/10\/IMG_1747.jpg\"><img loading=\"lazy\" decoding=\"async\" class=\"aligncenter size-medium wp-image-2193\" src=\"https:\/\/stpierre-teille.fr\/wp-content\/uploads\/2021\/10\/IMG_1747-225x300.jpg\" alt=\"\" width=\"225\" height=\"300\" srcset=\"https:\/\/stpierre-teille.fr\/wp-content\/uploads\/2021\/10\/IMG_1747-225x300.jpg 225w, https:\/\/stpierre-teille.fr\/wp-content\/uploads\/2021\/10\/IMG_1747-768x1024.jpg 768w, https:\/\/stpierre-teille.fr\/wp-content\/uploads\/2021\/10\/IMG_1747-1152x1536.jpg 1152w, https:\/\/stpierre-teille.fr\/wp-content\/uploads\/2021\/10\/IMG_1747.jpg 1440w\" sizes=\"auto, (max-width: 225px) 100vw, 225px\" \/><\/a> <a href=\"https:\/\/stpierre-teille.fr\/wp-content\/uploads\/2021\/10\/IMG_1746.jpg\"><img loading=\"lazy\" decoding=\"async\" class=\"aligncenter size-medium wp-image-2192\" src=\"https:\/\/stpierre-teille.fr\/wp-content\/uploads\/2021\/10\/IMG_1746-225x300.jpg\" alt=\"\" width=\"225\" height=\"300\" srcset=\"https:\/\/stpierre-teille.fr\/wp-content\/uploads\/2021\/10\/IMG_1746-225x300.jpg 225w, https:\/\/stpierre-teille.fr\/wp-content\/uploads\/2021\/10\/IMG_1746-768x1024.jpg 768w, https:\/\/stpierre-teille.fr\/wp-content\/uploads\/2021\/10\/IMG_1746-1152x1536.jpg 1152w, https:\/\/stpierre-teille.fr\/wp-content\/uploads\/2021\/10\/IMG_1746.jpg 1440w\" sizes=\"auto, (max-width: 225px) 100vw, 225px\" \/><\/a><\/p>\n<p>Nous avons aussi souhait\u00e9 la bienvenue aux nouveaux adultes de l&rsquo;\u00e9cole: <strong>Maria<\/strong>, qui remplace Linda; <strong>Tiphaine<\/strong>, arriv\u00e9e en cours d&rsquo;ann\u00e9e derni\u00e8re et <strong>L\u00e9a<\/strong>.<\/p>\n<p>Chaque classe a pr\u00e9sent\u00e9 un chant: la classe de Marie a chant\u00e9 <em>Nagent, nagent petits poissons<\/em>, la classe de Virginie a chant\u00e9 <em>Fee Fye le crapaud<\/em> et la classe de Gildas, <em>\u00e7a fait rire les oiseaux.<\/em><\/p>\n<p><a href=\"https:\/\/stpierre-teille.fr\/wp-content\/uploads\/2021\/10\/IMG_1775.jpg\"><img loading=\"lazy\" decoding=\"async\" class=\"aligncenter size-medium wp-image-2210\" src=\"https:\/\/stpierre-teille.fr\/wp-content\/uploads\/2021\/10\/IMG_1775-300x225.jpg\" alt=\"\" width=\"300\" height=\"225\" srcset=\"https:\/\/stpierre-teille.fr\/wp-content\/uploads\/2021\/10\/IMG_1775-300x225.jpg 300w, https:\/\/stpierre-teille.fr\/wp-content\/uploads\/2021\/10\/IMG_1775-1024x768.jpg 1024w, https:\/\/stpierre-teille.fr\/wp-content\/uploads\/2021\/10\/IMG_1775-768x576.jpg 768w, https:\/\/stpierre-teille.fr\/wp-content\/uploads\/2021\/10\/IMG_1775-1536x1152.jpg 1536w, https:\/\/stpierre-teille.fr\/wp-content\/uploads\/2021\/10\/IMG_1775.jpg 1920w\" sizes=\"auto, (max-width: 300px) 100vw, 300px\" \/><\/a><\/p>\n<p>Gildas a lu un livre <em>L&rsquo;histoire du lion qui ne savait pas compter.<\/em><\/p>\n<p><img loading=\"lazy\" decoding=\"async\" class=\"aligncenter size-medium wp-image-2209\" src=\"https:\/\/stpierre-teille.fr\/wp-content\/uploads\/2021\/10\/IMG_1768-300x225.jpg\" alt=\"\" width=\"300\" height=\"225\" srcset=\"https:\/\/stpierre-teille.fr\/wp-content\/uploads\/2021\/10\/IMG_1768-300x225.jpg 300w, https:\/\/stpierre-teille.fr\/wp-content\/uploads\/2021\/10\/IMG_1768-1024x768.jpg 1024w, https:\/\/stpierre-teille.fr\/wp-content\/uploads\/2021\/10\/IMG_1768-768x576.jpg 768w, https:\/\/stpierre-teille.fr\/wp-content\/uploads\/2021\/10\/IMG_1768-1536x1152.jpg 1536w, https:\/\/stpierre-teille.fr\/wp-content\/uploads\/2021\/10\/IMG_1768.jpg 1920w\" sizes=\"auto, (max-width: 300px) 100vw, 300px\" \/><\/p>\n<p>Puis nous nous sommes quitt\u00e9s en se souhaitant une tr\u00e8s bonne ann\u00e9e scolaire et les enfants ont promis d&rsquo;\u00eatre sages et de bien travailler!!<\/p>\n<p>Bonne rentr\u00e9e!<\/p>\n","protected":false},"excerpt":{"rendered":"<p>Le vendredi 3 septembre 2021, comme le veut la tradition \u00e0 l&rsquo;\u00e9cole Saint Pierre, nous nous sommes tous r\u00e9unis dans la cour du bas pour c\u00e9l\u00e9brer la rentr\u00e9e scolaire. Ainsi, nous avons souhait\u00e9 la bienvenue aux nouveaux \u00e9l\u00e8ves: en PPS: Romane et Sacha en PS: L\u00e9vy, Ad\u00e8le, Lewis, Jade,&nbsp;Calliope,&nbsp;Hedi, L\u00e9o, Chlo\u00e9 et Coline en MS:&hellip; <br \/> <a class=\"read-more\" href=\"https:\/\/stpierre-teille.fr\/?p=2211\">Lire la suite<\/a><\/p>\n","protected":false},"author":3,"featured_media":2209,"comment_status":"closed","ping_status":"closed","sticky":false,"template":"","format":"standard","meta":{"ngg_post_thumbnail":0,"footnotes":""},"categories":[9],"tags":[],"class_list":["post-2211","post","type-post","status-publish","format-standard","has-post-thumbnail","hentry","category-vie-des-classes"],"_links":{"self":[{"href":"https:\/\/stpierre-teille.fr\/index.php?rest_route=\/wp\/v2\/posts\/2211","targetHints":{"allow":["GET"]}}],"collection":[{"href":"https:\/\/stpierre-teille.fr\/index.php?rest_route=\/wp\/v2\/posts"}],"about":[{"href":"https:\/\/stpierre-teille.fr\/index.php?rest_route=\/wp\/v2\/types\/post"}],"author":[{"embeddable":true,"href":"https:\/\/stpierre-teille.fr\/index.php?rest_route=\/wp\/v2\/users\/3"}],"replies":[{"embeddable":true,"href":"https:\/\/stpierre-teille.fr\/index.php?rest_route=%2Fwp%2Fv2%2Fcomments&post=2211"}],"version-history":[{"count":6,"href":"https:\/\/stpierre-teille.fr\/index.php?rest_route=\/wp\/v2\/posts\/2211\/revisions"}],"predecessor-version":[{"id":2218,"href":"https:\/\/stpierre-teille.fr\/index.php?rest_route=\/wp\/v2\/posts\/2211\/revisions\/2218"}],"wp:featuredmedia":[{"embeddable":true,"href":"https:\/\/stpierre-teille.fr\/index.php?rest_route=\/wp\/v2\/media\/2209"}],"wp:attachment":[{"href":"https:\/\/stpierre-teille.fr\/index.php?rest_route=%2Fwp%2Fv2%2Fmedia&parent=2211"}],"wp:term":[{"taxonomy":"category","embeddable":true,"href":"https:\/\/stpierre-teille.fr\/index.php?rest_route=%2Fwp%2Fv2%2Fcategories&post=2211"},{"taxonomy":"post_tag","embeddable":true,"href":"https:\/\/stpierre-teille.fr\/index.php?rest_route=%2Fwp%2Fv2%2Ftags&post=2211"}],"curies":[{"name":"wp","href":"https:\/\/api.w.org\/{rel}","templated":true}]}}