{"id":2124,"date":"2021-06-02T09:09:58","date_gmt":"2021-06-02T08:09:58","guid":{"rendered":"https:\/\/stpierre-teille.fr\/?p=2124"},"modified":"2021-06-02T09:09:58","modified_gmt":"2021-06-02T08:09:58","slug":"concert","status":"publish","type":"post","link":"https:\/\/stpierre-teille.fr\/?p=2124","title":{"rendered":"CONCERT"},"content":{"rendered":"<p>Vendredi 28 mai,<\/p>\n<p>Nous sommes retourn\u00e9s \u00e0 la biblioth\u00e8que du Cellier .Christophe Aline nous attendait avec son ami d&rsquo;enfance .Nous nous sommes assis et le spectacle a commenc\u00e9 .Ils ont jou\u00e9 de la guitare , du ukul\u00e9l\u00e9 , ils ont aussi utilis\u00e9 des casseroles pour faire les percussions , c&rsquo;\u00e9tait dr\u00f4le!!!Ce qui \u00e9tait fascinant c&rsquo;est que Christophe Alline illustrait les paroles de la chanson en m\u00eame temps que son ami chantait .Le plaisir des yeux s&rsquo;ajoutait \u00e0 celui des oreilles !!!En regardant la t\u00e9l\u00e9vision , on voyait la main de Christophe Alline qui dessinait et en m\u00eame temps on entendait son ami chanter .Ils ont repris plusieurs classiques des chansons enfantines \u00ab\u00a0savez-vous planter les choux, le petit vers de terre&#8230;\u00a0\u00bb et les ont interpr\u00e9t\u00e9 \u00e0 leur mani\u00e8re .A la fin , ils ont m\u00eame mis plein de lumi\u00e8re dans la salle , on a dans\u00e9<\/p>\n<p>&nbsp;<\/p>\n<p><a href=\"https:\/\/stpierre-teille.fr\/wp-content\/uploads\/2021\/05\/IMG_20210528_105448.jpg\"><img loading=\"lazy\" decoding=\"async\" class=\"alignnone size-medium wp-image-2126\" src=\"https:\/\/stpierre-teille.fr\/wp-content\/uploads\/2021\/05\/IMG_20210528_105448-300x225.jpg\" alt=\"\" width=\"300\" height=\"225\" srcset=\"https:\/\/stpierre-teille.fr\/wp-content\/uploads\/2021\/05\/IMG_20210528_105448-300x225.jpg 300w, https:\/\/stpierre-teille.fr\/wp-content\/uploads\/2021\/05\/IMG_20210528_105448-1024x769.jpg 1024w, https:\/\/stpierre-teille.fr\/wp-content\/uploads\/2021\/05\/IMG_20210528_105448-768x577.jpg 768w, https:\/\/stpierre-teille.fr\/wp-content\/uploads\/2021\/05\/IMG_20210528_105448-1536x1154.jpg 1536w, https:\/\/stpierre-teille.fr\/wp-content\/uploads\/2021\/05\/IMG_20210528_105448.jpg 1920w\" sizes=\"auto, (max-width: 300px) 100vw, 300px\" \/><\/a> <a href=\"https:\/\/stpierre-teille.fr\/wp-content\/uploads\/2021\/05\/IMG_20210528_111241.jpg\"><img loading=\"lazy\" decoding=\"async\" class=\"alignnone size-medium wp-image-2128\" src=\"https:\/\/stpierre-teille.fr\/wp-content\/uploads\/2021\/05\/IMG_20210528_111241-300x225.jpg\" alt=\"\" width=\"300\" height=\"225\" srcset=\"https:\/\/stpierre-teille.fr\/wp-content\/uploads\/2021\/05\/IMG_20210528_111241-300x225.jpg 300w, https:\/\/stpierre-teille.fr\/wp-content\/uploads\/2021\/05\/IMG_20210528_111241-1024x769.jpg 1024w, https:\/\/stpierre-teille.fr\/wp-content\/uploads\/2021\/05\/IMG_20210528_111241-768x577.jpg 768w, https:\/\/stpierre-teille.fr\/wp-content\/uploads\/2021\/05\/IMG_20210528_111241-1536x1154.jpg 1536w, https:\/\/stpierre-teille.fr\/wp-content\/uploads\/2021\/05\/IMG_20210528_111241.jpg 1920w\" sizes=\"auto, (max-width: 300px) 100vw, 300px\" \/><\/a> <a href=\"https:\/\/stpierre-teille.fr\/wp-content\/uploads\/2021\/05\/IMG_20210528_112308.jpg\"><img loading=\"lazy\" decoding=\"async\" class=\"alignnone size-medium wp-image-2130\" src=\"https:\/\/stpierre-teille.fr\/wp-content\/uploads\/2021\/05\/IMG_20210528_112308-300x225.jpg\" alt=\"\" width=\"300\" height=\"225\" srcset=\"https:\/\/stpierre-teille.fr\/wp-content\/uploads\/2021\/05\/IMG_20210528_112308-300x225.jpg 300w, https:\/\/stpierre-teille.fr\/wp-content\/uploads\/2021\/05\/IMG_20210528_112308-1024x769.jpg 1024w, https:\/\/stpierre-teille.fr\/wp-content\/uploads\/2021\/05\/IMG_20210528_112308-768x577.jpg 768w, https:\/\/stpierre-teille.fr\/wp-content\/uploads\/2021\/05\/IMG_20210528_112308-1536x1154.jpg 1536w, https:\/\/stpierre-teille.fr\/wp-content\/uploads\/2021\/05\/IMG_20210528_112308.jpg 1920w\" sizes=\"auto, (max-width: 300px) 100vw, 300px\" \/><\/a>Quel bonheur , nous \u00e9tions \u00e9merveill\u00e9s!!!<\/p>\n","protected":false},"excerpt":{"rendered":"<p>Vendredi 28 mai, Nous sommes retourn\u00e9s \u00e0 la biblioth\u00e8que du Cellier .Christophe Aline nous attendait avec son ami d&rsquo;enfance .Nous nous sommes assis et le spectacle a commenc\u00e9 .Ils ont jou\u00e9 de la guitare , du ukul\u00e9l\u00e9 , ils ont aussi utilis\u00e9 des casseroles pour faire les percussions , c&rsquo;\u00e9tait dr\u00f4le!!!Ce qui \u00e9tait fascinant c&rsquo;est&hellip; <br \/> <a class=\"read-more\" href=\"https:\/\/stpierre-teille.fr\/?p=2124\">Lire la suite<\/a><\/p>\n","protected":false},"author":7,"featured_media":2125,"comment_status":"closed","ping_status":"closed","sticky":false,"template":"","format":"standard","meta":{"ngg_post_thumbnail":0,"footnotes":""},"categories":[1,9],"tags":[],"class_list":["post-2124","post","type-post","status-publish","format-standard","has-post-thumbnail","hentry","category-non-classe","category-vie-des-classes"],"_links":{"self":[{"href":"https:\/\/stpierre-teille.fr\/index.php?rest_route=\/wp\/v2\/posts\/2124","targetHints":{"allow":["GET"]}}],"collection":[{"href":"https:\/\/stpierre-teille.fr\/index.php?rest_route=\/wp\/v2\/posts"}],"about":[{"href":"https:\/\/stpierre-teille.fr\/index.php?rest_route=\/wp\/v2\/types\/post"}],"author":[{"embeddable":true,"href":"https:\/\/stpierre-teille.fr\/index.php?rest_route=\/wp\/v2\/users\/7"}],"replies":[{"embeddable":true,"href":"https:\/\/stpierre-teille.fr\/index.php?rest_route=%2Fwp%2Fv2%2Fcomments&post=2124"}],"version-history":[{"count":2,"href":"https:\/\/stpierre-teille.fr\/index.php?rest_route=\/wp\/v2\/posts\/2124\/revisions"}],"predecessor-version":[{"id":2134,"href":"https:\/\/stpierre-teille.fr\/index.php?rest_route=\/wp\/v2\/posts\/2124\/revisions\/2134"}],"wp:featuredmedia":[{"embeddable":true,"href":"https:\/\/stpierre-teille.fr\/index.php?rest_route=\/wp\/v2\/media\/2125"}],"wp:attachment":[{"href":"https:\/\/stpierre-teille.fr\/index.php?rest_route=%2Fwp%2Fv2%2Fmedia&parent=2124"}],"wp:term":[{"taxonomy":"category","embeddable":true,"href":"https:\/\/stpierre-teille.fr\/index.php?rest_route=%2Fwp%2Fv2%2Fcategories&post=2124"},{"taxonomy":"post_tag","embeddable":true,"href":"https:\/\/stpierre-teille.fr\/index.php?rest_route=%2Fwp%2Fv2%2Ftags&post=2124"}],"curies":[{"name":"wp","href":"https:\/\/api.w.org\/{rel}","templated":true}]}}