{"id":2011,"date":"2021-03-04T11:50:17","date_gmt":"2021-03-04T10:50:17","guid":{"rendered":"https:\/\/stpierre-teille.fr\/?p=2011"},"modified":"2021-03-04T15:34:19","modified_gmt":"2021-03-04T14:34:19","slug":"les-scientifiques-en-herbe","status":"publish","type":"post","link":"https:\/\/stpierre-teille.fr\/?p=2011","title":{"rendered":"Les scientifiques en herbe"},"content":{"rendered":"<p>La semaine du 1er f\u00e9vrier au 5 f\u00e9vrier ,<\/p>\n<p>La classe de maternelle a r\u00e9alis\u00e9 de nombreuses exp\u00e9riences sur l&rsquo; eau. Nous \u00e9tions r\u00e9partis en petits groupes tout \u00e2ge confondu. Voici ce que nous avons d\u00e9couvert<\/p>\n<p>1)L&rsquo; eau est sans couleur .(Lorsqu&rsquo;on a transvas\u00e9 l&rsquo; eau d&rsquo;un verre color\u00e9 \u00e0 un verre transparent ,on a vu l&rsquo; eau sans couleur)<\/p>\n<p>2)L&rsquo; eau est transparente , on voit \u00e0 travers (la bille dans la peinture on ne la voyait pas mais dans l&rsquo;eau elle apparaissait)<\/p>\n<p>4)L&rsquo;eau n&rsquo;a pas de forme (quand on la met dans un r\u00e9cipient :elle prend sa forme )(la ma\u00eetresse nous a mis une goutte d&rsquo;eau sur notre ardoise et on a trac\u00e9 le contour , on a bien vu que l&rsquo;on avait pas la m\u00eame forme )<\/p>\n<p>5)L&rsquo;eau n&rsquo; a pas de go\u00fbt (on a go\u00fbt\u00e9 de la fraise;de l&rsquo;orange, de la menthe, et on a compar\u00e9 avec l&rsquo;eau)<\/p>\n<p>6)L&rsquo;eau se m\u00e9lange avec certains produits (sel , sucre&#8230;) .On a m\u00e9lang\u00e9 chaque produit avec une touillette et on a observ\u00e9<\/p>\n<p>7)L&rsquo;eau peut se transvaser avec des ustensiles sans trous<\/p>\n<p>8) Dans l&rsquo; eau les&nbsp; objets flottent ou coulent<\/p>\n<p><a href=\"https:\/\/stpierre-teille.fr\/wp-content\/uploads\/2021\/03\/IMG_20210204_110409.jpg\"><img loading=\"lazy\" decoding=\"async\" class=\"alignnone size-medium wp-image-2008\" src=\"https:\/\/stpierre-teille.fr\/wp-content\/uploads\/2021\/03\/IMG_20210204_110409-300x225.jpg\" alt=\"\" width=\"300\" height=\"225\" srcset=\"https:\/\/stpierre-teille.fr\/wp-content\/uploads\/2021\/03\/IMG_20210204_110409-300x225.jpg 300w, https:\/\/stpierre-teille.fr\/wp-content\/uploads\/2021\/03\/IMG_20210204_110409-1024x769.jpg 1024w, https:\/\/stpierre-teille.fr\/wp-content\/uploads\/2021\/03\/IMG_20210204_110409-768x577.jpg 768w, https:\/\/stpierre-teille.fr\/wp-content\/uploads\/2021\/03\/IMG_20210204_110409-1536x1154.jpg 1536w, https:\/\/stpierre-teille.fr\/wp-content\/uploads\/2021\/03\/IMG_20210204_110409.jpg 1920w\" sizes=\"auto, (max-width: 300px) 100vw, 300px\" \/><\/a> <a href=\"https:\/\/stpierre-teille.fr\/wp-content\/uploads\/2021\/03\/IMG_20210204_110244.jpg\"><img loading=\"lazy\" decoding=\"async\" class=\"alignnone size-medium wp-image-2009\" src=\"https:\/\/stpierre-teille.fr\/wp-content\/uploads\/2021\/03\/IMG_20210204_110244-300x225.jpg\" alt=\"\" width=\"300\" height=\"225\" srcset=\"https:\/\/stpierre-teille.fr\/wp-content\/uploads\/2021\/03\/IMG_20210204_110244-300x225.jpg 300w, https:\/\/stpierre-teille.fr\/wp-content\/uploads\/2021\/03\/IMG_20210204_110244-1024x769.jpg 1024w, https:\/\/stpierre-teille.fr\/wp-content\/uploads\/2021\/03\/IMG_20210204_110244-768x577.jpg 768w, https:\/\/stpierre-teille.fr\/wp-content\/uploads\/2021\/03\/IMG_20210204_110244-1536x1154.jpg 1536w, https:\/\/stpierre-teille.fr\/wp-content\/uploads\/2021\/03\/IMG_20210204_110244.jpg 1920w\" sizes=\"auto, (max-width: 300px) 100vw, 300px\" \/><\/a> <a href=\"https:\/\/stpierre-teille.fr\/wp-content\/uploads\/2021\/03\/IMG_20210201_155955.jpg\"><img loading=\"lazy\" decoding=\"async\" class=\"alignnone size-medium wp-image-2005\" src=\"https:\/\/stpierre-teille.fr\/wp-content\/uploads\/2021\/03\/IMG_20210201_155955-300x225.jpg\" alt=\"\" width=\"300\" height=\"225\" srcset=\"https:\/\/stpierre-teille.fr\/wp-content\/uploads\/2021\/03\/IMG_20210201_155955-300x225.jpg 300w, https:\/\/stpierre-teille.fr\/wp-content\/uploads\/2021\/03\/IMG_20210201_155955-1024x769.jpg 1024w, https:\/\/stpierre-teille.fr\/wp-content\/uploads\/2021\/03\/IMG_20210201_155955-768x577.jpg 768w, https:\/\/stpierre-teille.fr\/wp-content\/uploads\/2021\/03\/IMG_20210201_155955-1536x1154.jpg 1536w, https:\/\/stpierre-teille.fr\/wp-content\/uploads\/2021\/03\/IMG_20210201_155955.jpg 1920w\" sizes=\"auto, (max-width: 300px) 100vw, 300px\" \/><\/a> <a href=\"https:\/\/stpierre-teille.fr\/wp-content\/uploads\/2021\/03\/IMG_20210202_110745.jpg\"><img loading=\"lazy\" decoding=\"async\" class=\"alignnone size-medium wp-image-2006\" src=\"https:\/\/stpierre-teille.fr\/wp-content\/uploads\/2021\/03\/IMG_20210202_110745-300x225.jpg\" alt=\"\" width=\"300\" height=\"225\" srcset=\"https:\/\/stpierre-teille.fr\/wp-content\/uploads\/2021\/03\/IMG_20210202_110745-300x225.jpg 300w, https:\/\/stpierre-teille.fr\/wp-content\/uploads\/2021\/03\/IMG_20210202_110745-1024x769.jpg 1024w, https:\/\/stpierre-teille.fr\/wp-content\/uploads\/2021\/03\/IMG_20210202_110745-768x577.jpg 768w, https:\/\/stpierre-teille.fr\/wp-content\/uploads\/2021\/03\/IMG_20210202_110745-1536x1154.jpg 1536w, https:\/\/stpierre-teille.fr\/wp-content\/uploads\/2021\/03\/IMG_20210202_110745.jpg 1920w\" sizes=\"auto, (max-width: 300px) 100vw, 300px\" \/><\/a> <a href=\"https:\/\/stpierre-teille.fr\/wp-content\/uploads\/2021\/03\/IMG_20210202_154453.jpg\"><img loading=\"lazy\" decoding=\"async\" class=\"alignnone size-medium wp-image-2007\" src=\"https:\/\/stpierre-teille.fr\/wp-content\/uploads\/2021\/03\/IMG_20210202_154453-225x300.jpg\" alt=\"\" width=\"225\" height=\"300\" srcset=\"https:\/\/stpierre-teille.fr\/wp-content\/uploads\/2021\/03\/IMG_20210202_154453-225x300.jpg 225w, https:\/\/stpierre-teille.fr\/wp-content\/uploads\/2021\/03\/IMG_20210202_154453-769x1024.jpg 769w, https:\/\/stpierre-teille.fr\/wp-content\/uploads\/2021\/03\/IMG_20210202_154453-768x1023.jpg 768w, https:\/\/stpierre-teille.fr\/wp-content\/uploads\/2021\/03\/IMG_20210202_154453-1154x1536.jpg 1154w, https:\/\/stpierre-teille.fr\/wp-content\/uploads\/2021\/03\/IMG_20210202_154453.jpg 1442w\" sizes=\"auto, (max-width: 225px) 100vw, 225px\" \/><\/a> <a href=\"https:\/\/stpierre-teille.fr\/wp-content\/uploads\/2021\/03\/IMG_20210202_154505.jpg\"><img loading=\"lazy\" decoding=\"async\" class=\"alignnone size-medium wp-image-2010\" src=\"https:\/\/stpierre-teille.fr\/wp-content\/uploads\/2021\/03\/IMG_20210202_154505-225x300.jpg\" alt=\"\" width=\"225\" height=\"300\" srcset=\"https:\/\/stpierre-teille.fr\/wp-content\/uploads\/2021\/03\/IMG_20210202_154505-225x300.jpg 225w, https:\/\/stpierre-teille.fr\/wp-content\/uploads\/2021\/03\/IMG_20210202_154505-769x1024.jpg 769w, https:\/\/stpierre-teille.fr\/wp-content\/uploads\/2021\/03\/IMG_20210202_154505-768x1023.jpg 768w, https:\/\/stpierre-teille.fr\/wp-content\/uploads\/2021\/03\/IMG_20210202_154505-1154x1536.jpg 1154w, https:\/\/stpierre-teille.fr\/wp-content\/uploads\/2021\/03\/IMG_20210202_154505.jpg 1442w\" sizes=\"auto, (max-width: 225px) 100vw, 225px\" \/><\/a><\/p>\n<p>&nbsp;<\/p>\n","protected":false},"excerpt":{"rendered":"<p>La semaine du 1er f\u00e9vrier au 5 f\u00e9vrier , La classe de maternelle a r\u00e9alis\u00e9 de nombreuses exp\u00e9riences sur l&rsquo; eau. Nous \u00e9tions r\u00e9partis en petits groupes tout \u00e2ge confondu. Voici ce que nous avons d\u00e9couvert 1)L&rsquo; eau est sans couleur .(Lorsqu&rsquo;on a transvas\u00e9 l&rsquo; eau d&rsquo;un verre color\u00e9 \u00e0 un verre transparent ,on a&hellip; <br \/> <a class=\"read-more\" href=\"https:\/\/stpierre-teille.fr\/?p=2011\">Lire la suite<\/a><\/p>\n","protected":false},"author":7,"featured_media":2009,"comment_status":"closed","ping_status":"closed","sticky":false,"template":"","format":"standard","meta":{"ngg_post_thumbnail":0,"footnotes":""},"categories":[9],"tags":[],"class_list":["post-2011","post","type-post","status-publish","format-standard","has-post-thumbnail","hentry","category-vie-des-classes"],"_links":{"self":[{"href":"https:\/\/stpierre-teille.fr\/index.php?rest_route=\/wp\/v2\/posts\/2011","targetHints":{"allow":["GET"]}}],"collection":[{"href":"https:\/\/stpierre-teille.fr\/index.php?rest_route=\/wp\/v2\/posts"}],"about":[{"href":"https:\/\/stpierre-teille.fr\/index.php?rest_route=\/wp\/v2\/types\/post"}],"author":[{"embeddable":true,"href":"https:\/\/stpierre-teille.fr\/index.php?rest_route=\/wp\/v2\/users\/7"}],"replies":[{"embeddable":true,"href":"https:\/\/stpierre-teille.fr\/index.php?rest_route=%2Fwp%2Fv2%2Fcomments&post=2011"}],"version-history":[{"count":2,"href":"https:\/\/stpierre-teille.fr\/index.php?rest_route=\/wp\/v2\/posts\/2011\/revisions"}],"predecessor-version":[{"id":2021,"href":"https:\/\/stpierre-teille.fr\/index.php?rest_route=\/wp\/v2\/posts\/2011\/revisions\/2021"}],"wp:featuredmedia":[{"embeddable":true,"href":"https:\/\/stpierre-teille.fr\/index.php?rest_route=\/wp\/v2\/media\/2009"}],"wp:attachment":[{"href":"https:\/\/stpierre-teille.fr\/index.php?rest_route=%2Fwp%2Fv2%2Fmedia&parent=2011"}],"wp:term":[{"taxonomy":"category","embeddable":true,"href":"https:\/\/stpierre-teille.fr\/index.php?rest_route=%2Fwp%2Fv2%2Fcategories&post=2011"},{"taxonomy":"post_tag","embeddable":true,"href":"https:\/\/stpierre-teille.fr\/index.php?rest_route=%2Fwp%2Fv2%2Ftags&post=2011"}],"curies":[{"name":"wp","href":"https:\/\/api.w.org\/{rel}","templated":true}]}}